{"id":327562,"date":"2025-08-18T17:54:10","date_gmt":"2025-08-18T17:54:10","guid":{"rendered":"https:\/\/www.europesays.com\/fr\/327562\/"},"modified":"2025-08-18T17:54:10","modified_gmt":"2025-08-18T17:54:10","slug":"deux-motards-condamnes-pour-le-deces-dune-jeune-fille","status":"publish","type":"post","link":"https:\/\/www.europesays.com\/fr\/327562\/","title":{"rendered":"deux motards condamn\u00e9s pour le d\u00e9c\u00e8s d\u2019une jeune fille"},"content":{"rendered":"<p>C\u2018est un rassemblement comme il y en avait r\u00e9guli\u00e8rement \u00e0 Bassens (Gironde). Dans la zone industrielle pr\u00e8s du port maritime, un parking d\u00e9saffect\u00e9 servait de \u00ab\u00a0carr\u00e9\u00a0\u00bb, comme on dit dans le milieu, pour des rod\u00e9os urbains d\u00e9di\u00e9s aux motos.<\/p>\n<p>Sauf que ce jour-l\u00e0, le loisir interdit s\u2019est transform\u00e9 en accident mortel. <a href=\"https:\/\/www.sudouest.fr\/gironde\/bassens\/bassens-une-jeune-femme-de-18-ans-decedee-dans-une-collision-entre-deux-motos-22277958.php\" target=\"_blank\" rel=\"follow nofollow noopener\">Une jeune fille de 19\u00a0ans a perdu la vie sur le coup<\/a>, lors d\u2019un choc entre deux-roues.<\/p>\n<p>Cette affaire \u00e9tait jug\u00e9e, lundi 18\u00a0ao\u00fbt, au tribunal correctionnel de Bordeaux. L\u2019occasion de revenir sur les \u00e9v\u00e9nements du 24\u00a0novembre 2024.<\/p>\n<p>Sa cousine sur la moto<\/p>\n<p>Le premier suspect conduisait la moto KTM o\u00f9 se trouvait, \u00e0 l\u2019avant, la victime (qui est sa cousine). Depuis son arrestation, le jeune de 20\u00a0ans a \u00e9t\u00e9 plac\u00e9 en d\u00e9tention provisoire\u00a0: \u00ab\u00a0Je suis totalement responsable, admet-il depuis le box des pr\u00e9venus. J\u2019ai achet\u00e9 cette moto, je suis parti chercher Louane \u00e0 son domicile, je l\u2019ai invit\u00e9e \u00e0 faire un tour\u2026\u00a0\u00bb Il met en cause l\u2019autre motard\u00a0: \u00ab\u00a0Il faisait n\u2019importe quoi sur la route, il a trop d\u00e9cal\u00e9 sur la gauche et il nous a percut\u00e9s. J\u2019ai essay\u00e9 de freiner mais j\u2019ai pas r\u00e9ussi.\u00a0\u00bb<\/p>\n<p>L\u2019autre compara\u00eet libre (sous contr\u00f4le judiciaire). Il \u00e9tait sur une Honda CRF 450, mais n\u2019a gard\u00e9 aucun souvenir de l\u2019accident. \u00ab\u00a0Je reconnais avoir eu une conduite dangereuse, en faisant une roue arri\u00e8re.\u00a0\u00bb Il dit cependant faire des cauchemars.<\/p>\n<blockquote><p>\u00ab\u00a0M\u00eame la prison, c\u2019est pas assez dur pour les regrets que j\u2019ai\u00a0\u00bb<\/p><\/blockquote>\n<p>Mais c\u2019est le pass\u00e9 de chacun qui est finalement le plus parlant lors de cette audience de comparution imm\u00e9diate \u00e0 d\u00e9lai diff\u00e9r\u00e9.<\/p>\n<p>Le conducteur de 21\u00a0ans avait \u00e9t\u00e9 condamn\u00e9 pour conduite sans permis ni assurance et sous l\u2019empire du cannabis en avril 2024. Ce mois de novembre, il cumulait encore ces trois m\u00eames d\u00e9lits. De plus, un contr\u00f4le judiciaire strict l\u2019emp\u00eachait de sortir de chez lui \u00e0 ce moment-l\u00e0. Ajoutons enfin que la moto qu\u2019il conduisait \u00e9tait vol\u00e9e.<\/p>\n<p>Le pr\u00e9venu \u00e2g\u00e9 de 20\u00a0ans n\u2019est pas inconnu de la justice non plus. En d\u00e9cembre 2023, le juge des enfants l\u2019avait condamn\u00e9 pour conduite sans permis, escroquerie et vol aggrav\u00e9. Cette fois, il n\u2019avait toujours pas son permis.<\/p>\n<p>Comment condamner cet encha\u00eenement de d\u00e9lits particuli\u00e8rement caract\u00e9ris\u00e9s\u00a0? La particularit\u00e9 de cette affaire d\u2019homicide involontaire est que les deux mis en cause ont inflig\u00e9 \u00e0 l\u2019autre de graves blessures. Celui de 21\u00a0ans a \u00e9cop\u00e9 de soixante jours d\u2019incapacit\u00e9 totale de travail (ITT) et celui de 20\u00a0ans de cent jours.<\/p>\n<p>Dix ans encourus<\/p>\n<p>La procureure Lydie Reiss a mis en avant \u00ab\u00a0une forme de l\u00e9g\u00e8ret\u00e9 partag\u00e9e\u00a0\u00bb par ces deux pr\u00e9venus qui \u00ab\u00a0n\u2019ont pas compris la gravit\u00e9 des faits\u00a0\u00bb au moment o\u00f9 ils les r\u00e9alisaient. Elle rappelle qu\u2019ils encourent dix ans de prison. \u00ab\u00a0M\u00eame la prison, c\u2019est pas assez dur pour les regrets que j\u2019ai\u00a0\u00bb, admet celui qui a perdu sa cousine, que son avocat dit \u00ab\u00a0hant\u00e9 par l\u2019accident\u00a0\u00bb. Il \u00e9cope de trois ans de prison, dont deux ans avec sursis probatoire. Mais sans mandat de d\u00e9p\u00f4t, il sort temporairement de prison.<\/p>\n<p>Le conducteur de la Honda a lu une lettre aux parents de la victime parlant de sa \u00ab\u00a0peine sinc\u00e8re\u00a0\u00bb. Il est condamn\u00e9 \u00e0 la m\u00eame peine que l\u2019autre pr\u00e9venu. On ignore encore s\u2019ils purgeront leur peine ferme en prison ou sous bracelet \u00e9lectronique.<\/p>\n","protected":false},"excerpt":{"rendered":"C\u2018est un rassemblement comme il y en avait r\u00e9guli\u00e8rement \u00e0 Bassens (Gironde). Dans la zone industrielle pr\u00e8s du&hellip;\n","protected":false},"author":2,"featured_media":327563,"comment_status":"","ping_status":"","sticky":false,"template":"","format":"standard","meta":{"footnotes":""},"categories":[2817],"tags":[1111,11,1997,1777,674,1011,27,12,2219,25],"class_list":{"0":"post-327562","1":"post","2":"type-post","3":"status-publish","4":"format-standard","5":"has-post-thumbnail","7":"category-bordeaux","8":"tag-actu","9":"tag-actualites","10":"tag-bordeaux","11":"tag-eu","12":"tag-europe","13":"tag-fr","14":"tag-france","15":"tag-news","16":"tag-nouvelle-aquitaine","17":"tag-republique-francaise"},"share_on_mastodon":{"url":"https:\/\/pubeurope.com\/@fr\/115051053941487702","error":""},"_links":{"self":[{"href":"https:\/\/www.europesays.com\/fr\/wp-json\/wp\/v2\/posts\/327562","targetHints":{"allow":["GET"]}}],"collection":[{"href":"https:\/\/www.europesays.com\/fr\/wp-json\/wp\/v2\/posts"}],"about":[{"href":"https:\/\/www.europesays.com\/fr\/wp-json\/wp\/v2\/types\/post"}],"author":[{"embeddable":true,"href":"https:\/\/www.europesays.com\/fr\/wp-json\/wp\/v2\/users\/2"}],"replies":[{"embeddable":true,"href":"https:\/\/www.europesays.com\/fr\/wp-json\/wp\/v2\/comments?post=327562"}],"version-history":[{"count":0,"href":"https:\/\/www.europesays.com\/fr\/wp-json\/wp\/v2\/posts\/327562\/revisions"}],"wp:featuredmedia":[{"embeddable":true,"href":"https:\/\/www.europesays.com\/fr\/wp-json\/wp\/v2\/media\/327563"}],"wp:attachment":[{"href":"https:\/\/www.europesays.com\/fr\/wp-json\/wp\/v2\/media?parent=327562"}],"wp:term":[{"taxonomy":"category","embeddable":true,"href":"https:\/\/www.europesays.com\/fr\/wp-json\/wp\/v2\/categories?post=327562"},{"taxonomy":"post_tag","embeddable":true,"href":"https:\/\/www.europesays.com\/fr\/wp-json\/wp\/v2\/tags?post=327562"}],"curies":[{"name":"wp","href":"https:\/\/api.w.org\/{rel}","templated":true}]}}