{"id":327564,"date":"2025-08-18T17:55:11","date_gmt":"2025-08-18T17:55:11","guid":{"rendered":"https:\/\/www.europesays.com\/fr\/327564\/"},"modified":"2025-08-18T17:55:11","modified_gmt":"2025-08-18T17:55:11","slug":"rodeo-urbain-mortel-pres-de-bordeaux-un-an-de-prison-ferme-pour-deux-jeunes-motards","status":"publish","type":"post","link":"https:\/\/www.europesays.com\/fr\/327564\/","title":{"rendered":"Rod\u00e9o urbain mortel pr\u00e8s de Bordeaux\u00a0: un an de prison ferme pour deux jeunes motards"},"content":{"rendered":"<p class=\"paragraph text_align_left lp-f-body-02\">Les deux motards condamn\u00e9s ne devraient pas faire appel, selon leurs avocats. Impliqu\u00e9s dans un rod\u00e9o urbain ayant caus\u00e9 <a href=\"\" rel=\"\">la mort d\u2019une femme de 19\u00a0ans<\/a> \u00e0 Bassens (Gironde) en 2024, ils ont \u00e9t\u00e9 condamn\u00e9s lundi \u00e0 trois ans de prison, dont deux avec sursis, pour homicide involontaire avec circonstances aggravantes.<\/p>\n<p class=\"paragraph text_align_left lp-f-body-02\">Jug\u00e9s devant le tribunal correctionnel de Bordeaux, les deux pr\u00e9venus, aujourd\u2019hui \u00e2g\u00e9s de 18 et 21 ans et d\u00e9j\u00e0 condamn\u00e9s pour d\u00e9lits routiers, ont \u00e9t\u00e9 condamn\u00e9s \u00e9galement pour des blessures involontaires r\u00e9ciproques ayant entra\u00een\u00e9 de longues hospitalisations, avec respectivement 100 jours et 60 jours d\u2019ITT. Le parquet avait requis respectivement trois et quatre ans de prison, dont un avec sursis dans les deux cas.<\/p>\n<p>Une zone portuaire o\u00f9 les motards se retrouvent<\/p>\n<p class=\"paragraph text_align_left lp-f-body-02\">Le 24\u00a0novembre 2024, deux motos-cross Honda et KTM \u00e9taient entr\u00e9es en collision sur un boulevard attenant au Carr\u00e9, un parking d\u00e9saffect\u00e9 d\u2019une zone portuaire de Bassens, o\u00f9 se retrouvent chaque week-end des motards de l\u2019agglom\u00e9ration bordelaise.<\/p>\n<p class=\"paragraph text_align_left lp-f-body-02\">Selon le parquet, le premier motard, casqu\u00e9, circulait \u00ab\u00a0sur la roue arri\u00e8re\u00a0\u00bb et le deuxi\u00e8me, positif au cannabis, \u00e9tait au guidon d\u2019une moto vol\u00e9e, sans casque, tout comme sa cousine Louane, la jeune victime qui avait pris place devant lui. Les deux motards n\u2019avaient pas le permis.<\/p>\n<p class=\"lp-card-podcast-highlighting__title  lp-f-subtitle-05\">[4\/4] C\u00e9cile Vallin, les secrets d\u2019une disparition<\/p>\n<p class=\"lp-card-podcast-highlighting__description lp-f-ui-05\">Crime story raconte chaque semaine les grandes affaires criminelles.<\/p>\n<p><a class=\"lp-card-podcast-highlighting__call-to-action\" data-page-type=\"HP\" data-block-name=\"podcast-highlight\">\u00c9couter<\/a><\/p>\n<p class=\"paragraph text_align_left lp-f-body-02\">\u00ab\u00a0Il y a une forme d\u2019imprudence, de l\u00e9g\u00e8ret\u00e9, et il y a la sc\u00e8ne fatale\u00a0\u00bb, a r\u00e9sum\u00e9 la procureure dans ses r\u00e9quisitions, d\u00e9non\u00e7ant les rod\u00e9os urbains comme une \u00ab\u00a0activit\u00e9 particuli\u00e8rement dangereuse\u00a0\u00bb, surtout sous stup\u00e9fiants.<\/p>\n<p>\u00ab\u00a0Ma place est en prison\u00a0\u00bb<\/p>\n<p class=\"paragraph text_align_left lp-f-body-02\">Le pilote de la KTM vol\u00e9e, le plus \u00e2g\u00e9, a fait part de ses \u00ab\u00a0regrets\u00a0\u00bb \u00e0 l\u2019audience. \u00ab\u00a0Ma place est en prison\u00a0\u00bb, a-t-il dit, tout en rejetant une partie de la responsabilit\u00e9 sur l\u2019autre pr\u00e9venu, un ancien ami.<\/p>\n<p class=\"paragraph text_align_left lp-f-body-02\">Il \u00ab\u00a0faisait n\u2019importe quoi sur la route, il a trop d\u00e9cal\u00e9 sur la gauche en faisant des rod\u00e9os et il nous a percut\u00e9s\u00a0\u00bb, a d\u00e9clar\u00e9 le jeune homme, mari\u00e9 et p\u00e8re d\u2019un b\u00e9b\u00e9, qui comparaissait d\u00e9tenu.<\/p>\n<p class=\"paragraph text_align_left lp-f-body-02\">Sa d\u00e9fense a \u00e9galement point\u00e9 le fait que la victime d\u00e9c\u00e9d\u00e9e, qui avait insist\u00e9 pour faire un tour, \u00e9tait peut-\u00eatre celle qui pilotait au moment du choc et qu\u2019elle n\u2019\u00e9tait pas \u00ab\u00a0novice\u00a0\u00bb \u00e0 moto. \u00ab\u00a0Je n\u2019ai aucun souvenir\u00a0\u00bb, a affirm\u00e9 de son c\u00f4t\u00e9 le pilote de la Honda, apprenti carrossier.<\/p>\n<p class=\"paragraph text_align_left lp-f-body-02\">\u00ab\u00a0Cet accident n\u2019aurait pas d\u00fb avoir lieu, je faisais attention, je restais sur ma voie, avec casque, gants\u00a0\u00bb, a-t-il assur\u00e9, tout en reconnaissant une \u00ab\u00a0conduite dangereuse\u00a0\u00bb et une \u00ab\u00a0peine sinc\u00e8re\u00a0\u00bb. Les deux condamn\u00e9s ne feront pas appel selon leurs avocats.<\/p>\n","protected":false},"excerpt":{"rendered":"Les deux motards condamn\u00e9s ne devraient pas faire appel, selon leurs avocats. Impliqu\u00e9s dans un rod\u00e9o urbain ayant&hellip;\n","protected":false},"author":2,"featured_media":327565,"comment_status":"","ping_status":"","sticky":false,"template":"","format":"standard","meta":{"footnotes":""},"categories":[2817],"tags":[1111,11,1997,459,1777,674,118,1011,27,12,2219,25],"class_list":{"0":"post-327564","1":"post","2":"type-post","3":"status-publish","4":"format-standard","5":"has-post-thumbnail","7":"category-bordeaux","8":"tag-actu","9":"tag-actualites","10":"tag-bordeaux","11":"tag-departements-horsidfo","12":"tag-eu","13":"tag-europe","14":"tag-faits-divers","15":"tag-fr","16":"tag-france","17":"tag-news","18":"tag-nouvelle-aquitaine","19":"tag-republique-francaise"},"share_on_mastodon":{"url":"https:\/\/pubeurope.com\/@fr\/115051057857783445","error":""},"_links":{"self":[{"href":"https:\/\/www.europesays.com\/fr\/wp-json\/wp\/v2\/posts\/327564","targetHints":{"allow":["GET"]}}],"collection":[{"href":"https:\/\/www.europesays.com\/fr\/wp-json\/wp\/v2\/posts"}],"about":[{"href":"https:\/\/www.europesays.com\/fr\/wp-json\/wp\/v2\/types\/post"}],"author":[{"embeddable":true,"href":"https:\/\/www.europesays.com\/fr\/wp-json\/wp\/v2\/users\/2"}],"replies":[{"embeddable":true,"href":"https:\/\/www.europesays.com\/fr\/wp-json\/wp\/v2\/comments?post=327564"}],"version-history":[{"count":0,"href":"https:\/\/www.europesays.com\/fr\/wp-json\/wp\/v2\/posts\/327564\/revisions"}],"wp:featuredmedia":[{"embeddable":true,"href":"https:\/\/www.europesays.com\/fr\/wp-json\/wp\/v2\/media\/327565"}],"wp:attachment":[{"href":"https:\/\/www.europesays.com\/fr\/wp-json\/wp\/v2\/media?parent=327564"}],"wp:term":[{"taxonomy":"category","embeddable":true,"href":"https:\/\/www.europesays.com\/fr\/wp-json\/wp\/v2\/categories?post=327564"},{"taxonomy":"post_tag","embeddable":true,"href":"https:\/\/www.europesays.com\/fr\/wp-json\/wp\/v2\/tags?post=327564"}],"curies":[{"name":"wp","href":"https:\/\/api.w.org\/{rel}","templated":true}]}}