{"id":327572,"date":"2025-08-18T17:59:10","date_gmt":"2025-08-18T17:59:10","guid":{"rendered":"https:\/\/www.europesays.com\/fr\/327572\/"},"modified":"2025-08-18T17:59:10","modified_gmt":"2025-08-18T17:59:10","slug":"lille-va-en-ligue-2-pour-chercher-son-attaquant","status":"publish","type":"post","link":"https:\/\/www.europesays.com\/fr\/327572\/","title":{"rendered":"Lille va en Ligue 2 pour chercher son attaquant"},"content":{"rendered":"<p><strong>Le LOSC a s\u00fbrement v\u00e9cu le match le plus fou de ce week-end de reprise en Ligue 1. \u00c0 Brest, les Dogues ont conc\u00e9d\u00e9 le match nul 3-3 malgr\u00e9 avoir fait la course en t\u00eate sur la rencontre. C\u00f4t\u00e9 mercato, les dirigeants nordistes sont toujours \u00e0 la recherche d\u2019un attaquant. Adama Bojang fait partie des noms cit\u00e9s. Mais Lille n&rsquo;est pas le\u00a0seul club sur le dossier.<\/strong><\/p>\n<p>Bruno Genesio a besoin d\u2019\u00e9toffer son effectif avant la fin du mercato. L&rsquo;entra\u00eeneur du LOSC est toujours \u00e0 la recherche de plusieurs profils \u00e0 diff\u00e9rents postes. Les Dogues pistent notamment un attaquant depuis le d\u00e9part de <a href=\"https:\/\/www.foot01.com\/equipe\/lille\/\" rel=\"nofollow noopener\" target=\"_blank\">Jonathan David<\/a>. L\u2019arriv\u00e9e d\u2019Olivier Giroud ne suffit pas pour jouer sur les deux tableaux cette saison. Buteur ce week-end pour la premi\u00e8re journ\u00e9e face \u00e0 Brest (3-3), l\u2019international fran\u00e7ais a \u00e9t\u00e9 recrut\u00e9 pour \u00e9galement entourer la jeunesse lilloise. Ce lundi, des noms circulent pour \u00e9pauler l\u2019ancien attaquant d\u2019Arsenal.<\/p>\n<p>Le LOSC n\u2019est pas le seul sur le dossier<\/p>\n<blockquote class=\"twitter-tweet\"><p>&#13;<\/p>\n<p lang=\"en\" dir=\"ltr\">Told that West Ham, Everton, Lille and Royal Antwerp are among several clubs interested in Stade de Reims striker Adama Bojang. Understand that the fee for 21-year-old Gambian who was on loan at Grasshopper Zurich last season is expected to be between \u20ac3 and \u20ac5m<\/p>\n<p>&#13;<br \/>\n\u2014 Ed Aarons (@ed_aarons) <a href=\"https:\/\/twitter.com\/ed_aarons\/status\/1957407295412805784?ref_src=twsrc%5Etfw\" rel=\"nofollow noopener\" target=\"_blank\">August 18, 2025<\/a><\/p><\/blockquote>\n<p>Le journaliste de The Guardian, Ed Aarons a d\u00e9voil\u00e9 que le LOSC fait partie des clubs int\u00e9ress\u00e9s par l\u2019attaquant du Stade de Reims Adama Bojang. Le Gambien de 21 ans avait \u00e9t\u00e9 pr\u00eat\u00e9 par le club champenois la saison derni\u00e8re du c\u00f4t\u00e9 de Grasshoppers en Suisse. Il a notamment inscrit six buts et d\u00e9livr\u00e9 deux passes d\u00e9cisives en 26 journ\u00e9es de championnat. Cette saison, Bojang a d\u00e9but\u00e9 les deux premiers matchs de Ligue 2 avec Reims en \u00e9voluant sur le c\u00f4t\u00e9 droit. Ed Aarons pr\u00e9cise que le LOSC n\u2019est pas le seul club sur le coup. West Ham et Everton suivent la situation de pr\u00e8s concernant l\u2019attaquant. Le Royal Antwerp en Belgique fait \u00e9galement partie des pr\u00e9tendants. Toujours selon la presse britannique, le prix du joueur se situe entre trois et cinq millions d\u2019euros. En contrat jusqu\u2019en 2028, le Stade de Reims ne s\u2019est pas encore exprim\u00e9 sur le sujet.<\/p>\n<p>          <script async src=\"https:\/\/platform.twitter.com\/widgets.js\" charset=\"utf-8\"><\/script><\/p>\n","protected":false},"excerpt":{"rendered":"Le LOSC a s\u00fbrement v\u00e9cu le match le plus fou de ce week-end de reprise en Ligue 1.&hellip;\n","protected":false},"author":2,"featured_media":327573,"comment_status":"","ping_status":"","sticky":false,"template":"","format":"standard","meta":{"footnotes":""},"categories":[2815],"tags":[1111,11,1777,674,1011,27,811,1307,12,25],"class_list":{"0":"post-327572","1":"post","2":"type-post","3":"status-publish","4":"format-standard","5":"has-post-thumbnail","7":"category-lille","8":"tag-actu","9":"tag-actualites","10":"tag-eu","11":"tag-europe","12":"tag-fr","13":"tag-france","14":"tag-hauts-de-france","15":"tag-lille","16":"tag-news","17":"tag-republique-francaise"},"share_on_mastodon":{"url":"https:\/\/pubeurope.com\/@fr\/115051073637951111","error":""},"_links":{"self":[{"href":"https:\/\/www.europesays.com\/fr\/wp-json\/wp\/v2\/posts\/327572","targetHints":{"allow":["GET"]}}],"collection":[{"href":"https:\/\/www.europesays.com\/fr\/wp-json\/wp\/v2\/posts"}],"about":[{"href":"https:\/\/www.europesays.com\/fr\/wp-json\/wp\/v2\/types\/post"}],"author":[{"embeddable":true,"href":"https:\/\/www.europesays.com\/fr\/wp-json\/wp\/v2\/users\/2"}],"replies":[{"embeddable":true,"href":"https:\/\/www.europesays.com\/fr\/wp-json\/wp\/v2\/comments?post=327572"}],"version-history":[{"count":0,"href":"https:\/\/www.europesays.com\/fr\/wp-json\/wp\/v2\/posts\/327572\/revisions"}],"wp:featuredmedia":[{"embeddable":true,"href":"https:\/\/www.europesays.com\/fr\/wp-json\/wp\/v2\/media\/327573"}],"wp:attachment":[{"href":"https:\/\/www.europesays.com\/fr\/wp-json\/wp\/v2\/media?parent=327572"}],"wp:term":[{"taxonomy":"category","embeddable":true,"href":"https:\/\/www.europesays.com\/fr\/wp-json\/wp\/v2\/categories?post=327572"},{"taxonomy":"post_tag","embeddable":true,"href":"https:\/\/www.europesays.com\/fr\/wp-json\/wp\/v2\/tags?post=327572"}],"curies":[{"name":"wp","href":"https:\/\/api.w.org\/{rel}","templated":true}]}}