{"id":327574,"date":"2025-08-18T18:00:13","date_gmt":"2025-08-18T18:00:13","guid":{"rendered":"https:\/\/www.europesays.com\/fr\/327574\/"},"modified":"2025-08-18T18:00:13","modified_gmt":"2025-08-18T18:00:13","slug":"un-homme-agresse-au-couteau-pour-son-portable-un-auteur-arrete","status":"publish","type":"post","link":"https:\/\/www.europesays.com\/fr\/327574\/","title":{"rendered":"un homme agress\u00e9 au couteau pour son portable, un auteur arr\u00eat\u00e9"},"content":{"rendered":"<p>Dans la nuit de dimanche \u00e0 lundi, vers 00h30, une victime s\u2019est pr\u00e9sent\u00e9e au commissariat de <a href=\"https:\/\/www.laprovence.com\/article\/societe\/58042237418831\/le-quartier-de-noailles-vu-par-ceux-qui-y-vivent-et-y-travaillent\" target=\"_blank\" rel=\"nofollow noopener\">Noailles <\/a>avec une plaie au niveau de la hanche. L\u2019homme a racont\u00e9 qu\u2019il se trouvait au centre-ville de Marseille, rue de la Fare, non loin de la porte d\u2019Aix, quand il a \u00e9t\u00e9 abord\u00e9 par un groupe d\u2019agresseur exigeant, couteau \u00e0 la main pour l\u2019un d\u2019eux, qu\u2019il leur remette son <a href=\"https:\/\/www.laprovence.com\/article\/faits-divers-justice\/42541724167597\/plusieurs-jeunes-femmes-agressees-au-couteau-pour-leur-telephone-portable-jeudi-soir-a-marseille\" target=\"_blank\" rel=\"nofollow noopener\">t\u00e9l\u00e9phone portable. <\/a><\/p>\n<p>Dans l\u2019altercation, la victime a \u00e9t\u00e9 l\u00e9g\u00e8rement taillad\u00e9e avant de s\u2019ex\u00e9cuter. Elle a toutefois pu pr\u00e9cis\u00e9ment d\u00e9crire ses agresseurs aux policiers. Dans la foul\u00e9e, une<a href=\"https:\/\/www.laprovence.com\/article\/faits-divers-justice\/16123400606189\/la-bac-en-premiere-ligne-a-marseille-quand-le-danger-vient-de-la-cuisine\" target=\"_blank\" rel=\"nofollow noopener\"> brigade anticriminalit\u00e9<\/a> s\u2019est lanc\u00e9e aux trousses des suspects et a pu interpeller l\u2019auteur principal, \u00e2g\u00e9 de 22 ans. Il a \u00e9t\u00e9 formellement reconnu par la victime et plac\u00e9 en garde \u00e0 vue dans les locaux du poste de police.<\/p>\n","protected":false},"excerpt":{"rendered":"Dans la nuit de dimanche \u00e0 lundi, vers 00h30, une victime s\u2019est pr\u00e9sent\u00e9e au commissariat de Noailles avec&hellip;\n","protected":false},"author":2,"featured_media":327575,"comment_status":"","ping_status":"","sticky":false,"template":"","format":"standard","meta":{"footnotes":""},"categories":[2814],"tags":[17,1111,11,8058,1102,5264,1777,674,274,1011,27,4933,884,12,46439,471,882,25,3711],"class_list":{"0":"post-327574","1":"post","2":"type-post","3":"status-publish","4":"format-standard","5":"has-post-thumbnail","7":"category-marseille","8":"tag-17","9":"tag-actu","10":"tag-actualites","11":"tag-agresse","12":"tag-breakingnews","13":"tag-couteau","14":"tag-eu","15":"tag-europe","16":"tag-faits-divers-justice","17":"tag-fr","18":"tag-france","19":"tag-homme","20":"tag-marseille","21":"tag-news","22":"tag-portable","23":"tag-pour","24":"tag-provence-alpes-cote-dazur","25":"tag-republique-francaise","26":"tag-son"},"share_on_mastodon":{"url":"https:\/\/pubeurope.com\/@fr\/115051077578064956","error":""},"_links":{"self":[{"href":"https:\/\/www.europesays.com\/fr\/wp-json\/wp\/v2\/posts\/327574","targetHints":{"allow":["GET"]}}],"collection":[{"href":"https:\/\/www.europesays.com\/fr\/wp-json\/wp\/v2\/posts"}],"about":[{"href":"https:\/\/www.europesays.com\/fr\/wp-json\/wp\/v2\/types\/post"}],"author":[{"embeddable":true,"href":"https:\/\/www.europesays.com\/fr\/wp-json\/wp\/v2\/users\/2"}],"replies":[{"embeddable":true,"href":"https:\/\/www.europesays.com\/fr\/wp-json\/wp\/v2\/comments?post=327574"}],"version-history":[{"count":0,"href":"https:\/\/www.europesays.com\/fr\/wp-json\/wp\/v2\/posts\/327574\/revisions"}],"wp:featuredmedia":[{"embeddable":true,"href":"https:\/\/www.europesays.com\/fr\/wp-json\/wp\/v2\/media\/327575"}],"wp:attachment":[{"href":"https:\/\/www.europesays.com\/fr\/wp-json\/wp\/v2\/media?parent=327574"}],"wp:term":[{"taxonomy":"category","embeddable":true,"href":"https:\/\/www.europesays.com\/fr\/wp-json\/wp\/v2\/categories?post=327574"},{"taxonomy":"post_tag","embeddable":true,"href":"https:\/\/www.europesays.com\/fr\/wp-json\/wp\/v2\/tags?post=327574"}],"curies":[{"name":"wp","href":"https:\/\/api.w.org\/{rel}","templated":true}]}}