{"id":327576,"date":"2025-08-18T18:01:10","date_gmt":"2025-08-18T18:01:10","guid":{"rendered":"https:\/\/www.europesays.com\/fr\/327576\/"},"modified":"2025-08-18T18:01:10","modified_gmt":"2025-08-18T18:01:10","slug":"voila-quand-les-bouches-du-rhone-sortent-de-lalerte-canicule","status":"publish","type":"post","link":"https:\/\/www.europesays.com\/fr\/327576\/","title":{"rendered":"voil\u00e0 quand les Bouches-du-Rh\u00f4ne sortent de l&rsquo;alerte canicule"},"content":{"rendered":"<p>            Par<br \/>\n        <strong><br \/>\n            <a href=\"https:\/\/actu.fr\/auteur\/fabien-binacchi\" title=\"Consulter tous les articles de Fabien Binacchi\" target=\"_blank\" rel=\"noopener\">Fabien Binacchi<\/a><br \/>\n        <\/strong><\/p>\n<p>        Publi\u00e9 le<\/p>\n<p>            18 ao\u00fbt 2025 \u00e0 19h11        <\/p>\n<p>La fin du deuxi\u00e8me \u00e9pisode de canicule de l\u2019ann\u00e9e est proche. D\u00e9j\u00e0 act\u00e9e dans la moiti\u00e9 nord de la France, <strong>la baisse des temp\u00e9ratures se confirme<\/strong> \u00e9galement \u00e0 <a href=\"https:\/\/actu.fr\/marseille\/\" target=\"_blank\" rel=\"noopener\">Marseille<\/a> et dans le d\u00e9partement des <a href=\"https:\/\/actu.fr\/provence-alpes-cote-d-azur\/bouches-du-rhone_13\" target=\"_blank\" rel=\"noopener\">Bouches-du-Rh\u00f4ne<\/a>, l\u2019un des sept toujours en alerte orange ce lundi 18 ao\u00fbt, avec les Pyr\u00e9n\u00e9es-Orientales, l\u2019Aude, l\u2019H\u00e9rault, le Gard, le Var et le Vaucluse. \u00c7a ne va plus durer\u2009: M\u00e9t\u00e9o-France fait descendre la vigilance au niveau jaune d\u00e8s le mardi 19\u00a0ao\u00fbt et a d\u00e9j\u00e0 programm\u00e9 <strong>le passage en vert.<\/strong> Voil\u00e0 les pr\u00e9visions.<\/p>\n<p>Des maximales \u00ab\u2009plus raisonnables\u2009\u00bb<\/p>\n<p class=\" wall-content\">C\u2019est la fin de l\u2019alerte orange \u00ab\u2009canicule\u2009\u00bb. \u00ab\u2009<strong>La vigilance faiblit en vigilance jaune<\/strong> \u00e0 surveiller sur le d\u00e9partement des Bouches-du-Rh\u00f4ne, \u00e0 compter de 6h du matin demain, mardi 19\u00a0ao\u00fbt, et ce jusqu\u2019\u00e0 mercredi 20\u00a0ao\u00fbt \u00e0 6h\u2009\u00bb, annonce la pr\u00e9fecture.<\/p>\n<blockquote class=\"ac-article-quote wall-content\">\n<p>Apr\u00e8s une nuit encore chaude, les temp\u00e9ratures maximales sont plus raisonnables que les jours pr\u00e9c\u00e9dents, majoritairement entre 30 et 33\u00b0C, mais une forte humidit\u00e9 rend la chaleur moite et lourde.<\/p>\n<p>    <strong>La pr\u00e9fecture des Bouches-du-Rh\u00f4ne<\/strong>\n            <\/p><\/blockquote>\n<p class=\" wall-content\">Et le mercure va encore baisser jusqu\u2019\u00e0 signer la fin de cet \u00e9pisode. \u00ab\u2009D\u00e8s mercredi 20\u00a0ao\u00fbt \u00e0 6h, le d\u00e9partement repassera en vigilance vert canicule\u2009\u00bb, notent les autorit\u00e9s. Ce sera le cas apr\u00e8s <strong>une derni\u00e8re nuit encore relativement torride,<\/strong> avec 18\u00b0C \u00e0 21\u00b0C dans les terres et 21\u00b0C \u00e0 23\u00b0C pr\u00e8s du littoral et de la Camargue \u00e0 l\u2019\u00e9tang de Berre.<\/p>\n<p>En dessous des moyennes d\u00e8s jeudi<\/p>\n<p class=\" wall-content\">Les habitants de Marseille et des Bouches-du-Rh\u00f4ne doivent m\u00eame s\u2019attendre un petit coup de frais par la suite\u2009: le thermom\u00e8tre \u00ab\u2009va largement baisser pour se retrouver <strong>2\u00b0C \u00e0 3\u00b0C sous les moyennes<\/strong> de saison d\u00e8s jeudi\u2009\u00bb, pr\u00e9dit le m\u00e9t\u00e9orologue ind\u00e9pendant Paul Marquis, fondateur de <a href=\"https:\/\/lameteodu13.com\/\" target=\"_blank\" rel=\"noopener\">La M\u00e9t\u00e9o du 13.<\/a><\/p>\n<p class=\" wall-content\">En effet, en fin de semaine, les temp\u00e9ratures se situeront autour des 25\u00b0C sur l\u2019ensemble du d\u00e9partement.\u00a0<strong>Un \u00e9cart de 10\u00b0C en seulement en quelques jours.<\/strong><\/p>\n<p>De gros orages mercredi<\/p>\n<p class=\" wall-content\">Un changement progressif mais radical d\u2019ambiance qui s\u2019accompagne d\u2019une perturbation. \u00ab\u2009Le temps sera <strong>de plus en plus instable et orageux<\/strong> entre mardi soir et mercredi soir notamment\u2009\u00bb, pr\u00e9vient Paul Marquis. Les Bouches-du-Rh\u00f4ne sont parall\u00e8lement en vigilance jaune pour le risque d\u2019orages d\u00e8s ce mardi et notamment mercredi.<\/p>\n<p>Votre r\u00e9gion, votre actu !<\/p>\n<p>Recevez chaque jour les infos qui comptent pour vous.<\/p>\n<p>\t<a href=\"https:\/\/actu.fr\/newsletter\" class=\"ac-btn ac-btn--corner ac-btn--medium ac-btn--blue800\" target=\"_blank\" rel=\"noopener\">S&rsquo;incrire<\/a><\/p>\n<p class=\" wall-content\">Selon les pr\u00e9visions, tonnerre et grosses averses sont annonc\u00e9s d\u00e8s le d\u00e9but de cette journ\u00e9e sur l\u2019ensemble du d\u00e9partement. Et ce jusqu\u2019\u00e0 la fin de l\u2019apr\u00e8s-midi.<\/p>\n<p class=\" wall-content\">Personnalisez votre actualit\u00e9 en ajoutant vos villes et m\u00e9dias en favori avec <a href=\"https:\/\/moncompte.actu.fr\" title=\"D\u00e9couvez Mon Actu\" rel=\"nofollow noopener\" data-trk=\"{&quot;cta&quot;:{&quot;action&quot;:&quot;https:\\\/\\\/moncompte.actu.fr&quot;,&quot;category&quot;:&quot;mon compte&quot;,&quot;from&quot;:&quot;article footer&quot;,&quot;name&quot;:&quot;Mon actu&quot;,&quot;type&quot;:&quot;cta&quot;}}\" target=\"_blank\">Mon Actu<\/a>.<\/p>\n","protected":false},"excerpt":{"rendered":"Par Fabien Binacchi Publi\u00e9 le 18 ao\u00fbt 2025 \u00e0 19h11 La fin du deuxi\u00e8me \u00e9pisode de canicule de&hellip;\n","protected":false},"author":2,"featured_media":327577,"comment_status":"","ping_status":"","sticky":false,"template":"","format":"standard","meta":{"footnotes":""},"categories":[2814],"tags":[1111,11,6698,1777,674,1011,27,884,2487,2357,12,882,25],"class_list":{"0":"post-327576","1":"post","2":"type-post","3":"status-publish","4":"format-standard","5":"has-post-thumbnail","7":"category-marseille","8":"tag-actu","9":"tag-actualites","10":"tag-canicule","11":"tag-eu","12":"tag-europe","13":"tag-fr","14":"tag-france","15":"tag-marseille","16":"tag-meteo","17":"tag-meteo-france","18":"tag-news","19":"tag-provence-alpes-cote-dazur","20":"tag-republique-francaise"},"share_on_mastodon":{"url":"https:\/\/pubeurope.com\/@fr\/115051081484256090","error":""},"_links":{"self":[{"href":"https:\/\/www.europesays.com\/fr\/wp-json\/wp\/v2\/posts\/327576","targetHints":{"allow":["GET"]}}],"collection":[{"href":"https:\/\/www.europesays.com\/fr\/wp-json\/wp\/v2\/posts"}],"about":[{"href":"https:\/\/www.europesays.com\/fr\/wp-json\/wp\/v2\/types\/post"}],"author":[{"embeddable":true,"href":"https:\/\/www.europesays.com\/fr\/wp-json\/wp\/v2\/users\/2"}],"replies":[{"embeddable":true,"href":"https:\/\/www.europesays.com\/fr\/wp-json\/wp\/v2\/comments?post=327576"}],"version-history":[{"count":0,"href":"https:\/\/www.europesays.com\/fr\/wp-json\/wp\/v2\/posts\/327576\/revisions"}],"wp:featuredmedia":[{"embeddable":true,"href":"https:\/\/www.europesays.com\/fr\/wp-json\/wp\/v2\/media\/327577"}],"wp:attachment":[{"href":"https:\/\/www.europesays.com\/fr\/wp-json\/wp\/v2\/media?parent=327576"}],"wp:term":[{"taxonomy":"category","embeddable":true,"href":"https:\/\/www.europesays.com\/fr\/wp-json\/wp\/v2\/categories?post=327576"},{"taxonomy":"post_tag","embeddable":true,"href":"https:\/\/www.europesays.com\/fr\/wp-json\/wp\/v2\/tags?post=327576"}],"curies":[{"name":"wp","href":"https:\/\/api.w.org\/{rel}","templated":true}]}}