{"id":327578,"date":"2025-08-18T18:02:20","date_gmt":"2025-08-18T18:02:20","guid":{"rendered":"https:\/\/www.europesays.com\/fr\/327578\/"},"modified":"2025-08-18T18:02:20","modified_gmt":"2025-08-18T18:02:20","slug":"le-rhone-et-la-metropole-de-lyon-places-en-alerte-des-restrictions-pour-les-particuliers","status":"publish","type":"post","link":"https:\/\/www.europesays.com\/fr\/327578\/","title":{"rendered":"le Rh\u00f4ne et la M\u00e9tropole de Lyon plac\u00e9s en alerte, des restrictions pour les particuliers"},"content":{"rendered":"<p itemprop=\"description\"><strong>La pr\u00e9fecture du Rh\u00f4ne a annonc\u00e9 ce lundi 18 ao\u00fbt le passage en alerte s\u00e9cheresse de l\u2019ensemble des cours d\u2019eau du d\u00e9partement et de la M\u00e9tropole de Lyon.<\/strong><\/p>\n<p>Une d\u00e9cision prise face \u00e0 l\u2019absence de pr\u00e9cipitations depuis la mi-juillet et aux temp\u00e9ratures \u00e9lev\u00e9es de ces derni\u00e8res semaines, qui ont entra\u00een\u00e9 un tarissement marqu\u00e9 des rivi\u00e8res et des d\u00e9bits particuli\u00e8rement faibles pour la saison.<\/p>\n<p>Si les nappes phr\u00e9atiques restent globalement \u00e0 un niveau encore satisfaisant, \u00e0 l\u2019exception de la Sa\u00f4ne, les pr\u00e9visions m\u00e9t\u00e9orologiques n\u2019annoncent aucune am\u00e9lioration \u00e0 court terme. La pr\u00e9f\u00e8te du Rh\u00f4ne Fabienne Buccio a donc pris un arr\u00eat\u00e9 imposant les premi\u00e8res restrictions d\u2019eau dans la zone situ\u00e9e le long de la Sa\u00f4ne, du Beaujolais au nord de l&rsquo;agglom\u00e9ration lyonnaise.<\/p>\n<p>Parmi les mesures les plus notables figurent l\u2019interdiction d\u2019arroser les espaces verts, terrains sportifs et potagers domestiques en journ\u00e9e (de 10h \u00e0 18h dans le d\u00e9partement, de 11h \u00e0 18h sur l\u2019axe Sa\u00f4ne), l\u2019arr\u00eat de l\u2019irrigation des cultures hors mara\u00eechage aux m\u00eames horaires, ainsi que l\u2019interdiction de remplir les piscines priv\u00e9es, sauf si les travaux avaient commenc\u00e9 avant l\u2019alerte. Le lavage des v\u00e9hicules \u00e0 domicile, des fa\u00e7ades et des voiries est \u00e9galement proscrit, sauf imp\u00e9ratif sanitaire ou de s\u00e9curit\u00e9. Les fontaines \u00e0 circuit ouvert doivent \u00eatre coup\u00e9es.<\/p>\n<p>Du c\u00f4t\u00e9 des usages \u00e9conomiques, l\u2019agriculture et l\u2019industrie sont impact\u00e9es par des restrictions, mais la plupart des activit\u00e9s peuvent \u00eatre maintenues sous conditions.<\/p>\n<p><strong>Des risques d&rsquo;amendes<\/strong><\/p>\n<p>La pr\u00e9fecture rappelle que des contr\u00f4les seront men\u00e9s par la police de l\u2019environnement afin d\u2019assurer le respect de ces consignes. Les contrevenants s\u2019exposent \u00e0 des amendes pouvant aller jusqu\u2019\u00e0 1500 euros pour un particulier et 7500 euros pour une personne morale.<\/p>\n<p>Enfin, les autorit\u00e9s appellent la population \u00e0 adopter des gestes responsables pour pr\u00e9server les ressources en eau. Les habitants peuvent consulter les restrictions en vigueur dans leur commune via la plateforme en ligne <a href=\"https:\/\/vigieau.gouv.fr\" target=\"_blank\" rel=\"noopener nofollow\">VigiEau<\/a>, qui fournit une information actualis\u00e9e en fonction de la situation locale.<\/p>\n<p>Le retour de la pluie annonc\u00e9e mardi, mercredi et jeudi dans l&rsquo;agglom\u00e9ration lyonnaise ne pourra pas faire de mal.<\/p>\n","protected":false},"excerpt":{"rendered":"La pr\u00e9fecture du Rh\u00f4ne a annonc\u00e9 ce lundi 18 ao\u00fbt le passage en alerte s\u00e9cheresse de l\u2019ensemble des&hellip;\n","protected":false},"author":2,"featured_media":327579,"comment_status":"","ping_status":"","sticky":false,"template":"","format":"standard","meta":{"footnotes":""},"categories":[1889],"tags":[1111,11,2813,2190,2430,1109,251,1112,2811,1777,674,118,1011,27,1922,1110,1114,2428,2810,12,241,316,25,2812,517,800],"class_list":{"0":"post-327578","1":"post","2":"type-post","3":"status-publish","4":"format-standard","5":"has-post-thumbnail","7":"category-lyon","8":"tag-actu","9":"tag-actualites","10":"tag-article","11":"tag-asvel","12":"tag-auvergne-rhone-alpes","13":"tag-breves","14":"tag-culture","15":"tag-depeches","16":"tag-economique","17":"tag-eu","18":"tag-europe","19":"tag-faits-divers","20":"tag-fr","21":"tag-france","22":"tag-info","23":"tag-informations","24":"tag-infos","25":"tag-lyon","26":"tag-lyonmag","27":"tag-news","28":"tag-ol","29":"tag-politique","30":"tag-republique-francaise","31":"tag-sociale","32":"tag-sport","33":"tag-transports"},"share_on_mastodon":{"url":"https:\/\/pubeurope.com\/@fr\/115051085477587356","error":""},"_links":{"self":[{"href":"https:\/\/www.europesays.com\/fr\/wp-json\/wp\/v2\/posts\/327578","targetHints":{"allow":["GET"]}}],"collection":[{"href":"https:\/\/www.europesays.com\/fr\/wp-json\/wp\/v2\/posts"}],"about":[{"href":"https:\/\/www.europesays.com\/fr\/wp-json\/wp\/v2\/types\/post"}],"author":[{"embeddable":true,"href":"https:\/\/www.europesays.com\/fr\/wp-json\/wp\/v2\/users\/2"}],"replies":[{"embeddable":true,"href":"https:\/\/www.europesays.com\/fr\/wp-json\/wp\/v2\/comments?post=327578"}],"version-history":[{"count":0,"href":"https:\/\/www.europesays.com\/fr\/wp-json\/wp\/v2\/posts\/327578\/revisions"}],"wp:featuredmedia":[{"embeddable":true,"href":"https:\/\/www.europesays.com\/fr\/wp-json\/wp\/v2\/media\/327579"}],"wp:attachment":[{"href":"https:\/\/www.europesays.com\/fr\/wp-json\/wp\/v2\/media?parent=327578"}],"wp:term":[{"taxonomy":"category","embeddable":true,"href":"https:\/\/www.europesays.com\/fr\/wp-json\/wp\/v2\/categories?post=327578"},{"taxonomy":"post_tag","embeddable":true,"href":"https:\/\/www.europesays.com\/fr\/wp-json\/wp\/v2\/tags?post=327578"}],"curies":[{"name":"wp","href":"https:\/\/api.w.org\/{rel}","templated":true}]}}