{"id":327582,"date":"2025-08-18T18:05:14","date_gmt":"2025-08-18T18:05:14","guid":{"rendered":"https:\/\/www.europesays.com\/fr\/327582\/"},"modified":"2025-08-18T18:05:14","modified_gmt":"2025-08-18T18:05:14","slug":"les-resultats-des-franciliens-ligue-de-paris-ile-de-france","status":"publish","type":"post","link":"https:\/\/www.europesays.com\/fr\/327582\/","title":{"rendered":"LES R\u00c9SULTATS DES FRANCILIENS \u2013 LIGUE DE PARIS ILE-DE-FRANCE"},"content":{"rendered":"<p>                    <img width=\"589\" height=\"378\" src=\"https:\/\/www.europesays.com\/fr\/wp-content\/uploads\/2025\/08\/Capture-decran-2025-08-18-161035-589x378.jpg\" class=\"vignette-large wp-post-image\" alt=\"\" decoding=\"async\" fetchpriority=\"high\"  \/>                    <\/p>\n<p>\n                        CHAMPIONNATS NATIONAUX : LES R\u00c9SULTATS DES FRANCILIENS\n                    <\/p>\n<p style=\"text-align: justify;\">Les clubs franciliens de Ligue 1, Ligue 2, National et National 2 jouaient ce week-end. Retour sur ces rencontres.\u00a0<\/p>\n<p style=\"text-align: justify;\"><strong>Ligue 1<\/strong><\/p>\n<p style=\"text-align: justify;\">FC Nantes \u2013 <strong>PSG <\/strong>0-1<br \/>But de Vitinha<br \/>Malgr\u00e9 son manque de pr\u00e9paration, le champion en titre d\u00e9marre la saison par un court succ\u00e8s sur la pelouse des Canaris.<\/p>\n<p style=\"text-align: justify;\"><img loading=\"lazy\" decoding=\"async\" class=\"size-full wp-image-77297 aligncenter\" src=\"https:\/\/www.europesays.com\/fr\/wp-content\/uploads\/2025\/08\/Capture-decran-2025-08-18-160502.jpg\" alt=\"\" width=\"577\" height=\"362\"  \/><br \/>Angers SCO \u2013 <strong>Paris FC<\/strong> 1-0<br \/>Pour leur grand retour dans l\u2019\u00e9lite, les Parisiens se sont inclin\u00e9s dans le Maine-et-Loire sur le plus petit des \u00e9carts.<\/p>\n<p><img loading=\"lazy\" decoding=\"async\" class=\"size-full wp-image-77298 aligncenter\" src=\"https:\/\/www.europesays.com\/fr\/wp-content\/uploads\/2025\/08\/Capture-decran-2025-08-18-160609.jpg\" alt=\"\" width=\"629\" height=\"390\"  \/><br \/>&gt; <a href=\"https:\/\/ligue1.com\/fr\/competitions\/ligue1mcdonalds?tab=standings\" rel=\"nofollow noopener\" target=\"_blank\">Le classement de Ligue 1<\/a><\/p>\n<p style=\"text-align: justify;\"><strong><br \/>Ligue 2<\/strong><\/p>\n<p style=\"text-align: justify;\"><strong>Red Star FC<\/strong> \u2013 Amiens SC 1-3<br \/>But de Durand<br \/>Men\u00e9 \u00e0 la pause, le club de Saint-Ouen a su \u00e9galiser, avant de finalement c\u00e9der face \u00e0 des Ami\u00e9nois r\u00e9alistes.<\/p>\n<p><img loading=\"lazy\" decoding=\"async\" class=\"size-full wp-image-77299 aligncenter\" src=\"https:\/\/www.europesays.com\/fr\/wp-content\/uploads\/2025\/08\/Capture-decran-2025-08-18-160749.jpg\" alt=\"\" width=\"611\" height=\"397\"  \/><\/p>\n<p>&gt; <a href=\"https:\/\/ligue1.com\/fr\/competitions\/ligue2bkt?tab=standings\" rel=\"nofollow noopener\" target=\"_blank\">Le classement de Ligue 2<\/a><\/p>\n<p><strong><br \/>National<\/strong><\/p>\n<p style=\"text-align: justify;\"><strong>FC Versailles<\/strong> \u2013 <strong>Paris 13 Atletico<\/strong> 2-1<br \/>Buts de Oudzoumo et Guillaume pour Versailles, Zinga pour Paris 13 Atletico<br \/>Un derby francilien \u00e0 rebondissements\u00a0! Les Versaillais ont ouvert le score peu avant la mi-temps, les Parisiens leur r\u00e9pondant rapidement apr\u00e8s la reprise. L\u2019\u00e9quipe du District 78 a finalement inscrit le but de la victoire dans les arr\u00eats de jeu.<\/p>\n<p style=\"text-align: justify;\"><img loading=\"lazy\" decoding=\"async\" class=\"size-full wp-image-77300 aligncenter\" src=\"https:\/\/www.europesays.com\/fr\/wp-content\/uploads\/2025\/08\/Capture-decran-2025-08-18-161104.jpg\" alt=\"\" width=\"531\" height=\"327\"  \/><br \/><strong>FC Fleury 91<\/strong> \u2013 Stade Briochin 4-1<br \/>Buts de Farade (x2), Vogt et Gannoun<br \/>Pour le premier match de leur histoire \u00e0 domicile en National, les Floriacumois n\u2019ont pas fait les choses \u00e0 moiti\u00e9\u00a0! Trois buts en premi\u00e8re p\u00e9riode, un quatri\u00e8me \u00e0 20 minutes de la fin, pour un succ\u00e8s qui marque les esprits.<\/p>\n<p><img loading=\"lazy\" decoding=\"async\" class=\"size-full wp-image-77311 aligncenter\" src=\"https:\/\/www.europesays.com\/fr\/wp-content\/uploads\/2025\/08\/Capture-decran-2025-08-18-170834.jpg\" alt=\"\" width=\"707\" height=\"464\"  \/><br \/>&gt; <a href=\"https:\/\/epreuves.fff.fr\/competition\/engagement\/439454-national\/phase\/1\/1\/classement\" rel=\"nofollow noopener\" target=\"_blank\">Classement de National\u00a0<\/a><\/p>\n<p><strong><br \/>National 2<\/strong><\/p>\n<p style=\"text-align: justify;\"><strong>FC 93 Bobigny<\/strong> \u2013 SC Toulon 1-1<br \/>But de Ben Allel<br \/>Finalement au d\u00e9part de cette saison de N2 apr\u00e8s avoir esp\u00e9r\u00e9 \u00e9voluer en National, les Balbyniens ont arrach\u00e9 le point du nul sur leur pelouse dans les arr\u00eats de jeu.<\/p>\n<p style=\"text-align: justify;\"><img loading=\"lazy\" decoding=\"async\" class=\"size-full wp-image-77302 aligncenter\" src=\"https:\/\/www.europesays.com\/fr\/wp-content\/uploads\/2025\/08\/Capture-decran-2025-08-18-161306.jpg\" alt=\"\" width=\"444\" height=\"306\"  \/><br \/><strong>US Cr\u00e9teil-Lusitanos<\/strong> \u2013 GFA Rumilly Valli\u00e8res 1-1<br \/>But de Montiel<br \/>Les Cristoliens ont frapp\u00e9 les premiers en ouvrant le score juste avant la demi-heure de jeu, mais leurs adversaires les ont contraints \u00e0 partager les points en \u00e9galisant quelques minutes plus tard.<\/p>\n<p style=\"text-align: justify;\"><img loading=\"lazy\" decoding=\"async\" class=\"size-full wp-image-77303 aligncenter\" src=\"https:\/\/www.europesays.com\/fr\/wp-content\/uploads\/2025\/08\/Capture-decran-2025-08-18-161530.jpg\" alt=\"\" width=\"502\" height=\"342\"  \/><br \/><strong>US Saint-Maur Lusitanos<\/strong> \u2013 AS Cannes 1-1<br \/>But de Meftah<\/p>\n<p style=\"text-align: justify;\">Pour leur retour en National 2, les joueurs d\u2019Helder Esteves affrontaient un gros morceau au Stade Ch\u00e9ron, puisque les Cannois ont \u00e9t\u00e9 demi-finalistes de la Coupe de France il y a quelques mois. Men\u00e9 \u00e0 la pause, Saint-Maur a su trouver les ressources pour \u00e9galiser en deuxi\u00e8me p\u00e9riode.<\/p>\n<p><img loading=\"lazy\" decoding=\"async\" class=\"size-full wp-image-77304 aligncenter\" src=\"https:\/\/www.europesays.com\/fr\/wp-content\/uploads\/2025\/08\/Capture-decran-2025-08-18-161636.jpg\" alt=\"\" width=\"598\" height=\"387\"  \/><\/p>\n<p>&gt; <a href=\"https:\/\/epreuves.fff.fr\/competition\/engagement\/439451-n2\/phase\/1\/3\/classement\" rel=\"nofollow noopener\" target=\"_blank\">Le classement de la Poule C de National 2<\/a><\/p>\n<p style=\"text-align: justify;\">Cr\u00e9dit photos : Comptes Instagram @psg, @parisfc, @redstarfc, @p13a.officiel, @fcfleury91, @fc93, @usclofficiel, @uslusitanos<\/p>\n<p>\u00a0<\/p>\n","protected":false},"excerpt":{"rendered":"CHAMPIONNATS NATIONAUX : LES R\u00c9SULTATS DES FRANCILIENS Les clubs franciliens de Ligue 1, Ligue 2, National et National&hellip;\n","protected":false},"author":2,"featured_media":327583,"comment_status":"","ping_status":"","sticky":false,"template":"","format":"standard","meta":{"footnotes":""},"categories":[1592],"tags":[1111,11,1777,674,1011,27,662,12,626,25],"class_list":{"0":"post-327582","1":"post","2":"type-post","3":"status-publish","4":"format-standard","5":"has-post-thumbnail","7":"category-ile-de-france","8":"tag-actu","9":"tag-actualites","10":"tag-eu","11":"tag-europe","12":"tag-fr","13":"tag-france","14":"tag-ile-de-france","15":"tag-news","16":"tag-paris","17":"tag-republique-francaise"},"share_on_mastodon":{"url":"https:\/\/pubeurope.com\/@fr\/115051097445436614","error":""},"_links":{"self":[{"href":"https:\/\/www.europesays.com\/fr\/wp-json\/wp\/v2\/posts\/327582","targetHints":{"allow":["GET"]}}],"collection":[{"href":"https:\/\/www.europesays.com\/fr\/wp-json\/wp\/v2\/posts"}],"about":[{"href":"https:\/\/www.europesays.com\/fr\/wp-json\/wp\/v2\/types\/post"}],"author":[{"embeddable":true,"href":"https:\/\/www.europesays.com\/fr\/wp-json\/wp\/v2\/users\/2"}],"replies":[{"embeddable":true,"href":"https:\/\/www.europesays.com\/fr\/wp-json\/wp\/v2\/comments?post=327582"}],"version-history":[{"count":0,"href":"https:\/\/www.europesays.com\/fr\/wp-json\/wp\/v2\/posts\/327582\/revisions"}],"wp:featuredmedia":[{"embeddable":true,"href":"https:\/\/www.europesays.com\/fr\/wp-json\/wp\/v2\/media\/327583"}],"wp:attachment":[{"href":"https:\/\/www.europesays.com\/fr\/wp-json\/wp\/v2\/media?parent=327582"}],"wp:term":[{"taxonomy":"category","embeddable":true,"href":"https:\/\/www.europesays.com\/fr\/wp-json\/wp\/v2\/categories?post=327582"},{"taxonomy":"post_tag","embeddable":true,"href":"https:\/\/www.europesays.com\/fr\/wp-json\/wp\/v2\/tags?post=327582"}],"curies":[{"name":"wp","href":"https:\/\/api.w.org\/{rel}","templated":true}]}}