{"id":327584,"date":"2025-08-18T18:06:15","date_gmt":"2025-08-18T18:06:15","guid":{"rendered":"https:\/\/www.europesays.com\/fr\/327584\/"},"modified":"2025-08-18T18:06:15","modified_gmt":"2025-08-18T18:06:15","slug":"la-bourse-de-paris-termine-en-recul-18-08-2025-a-1824","status":"publish","type":"post","link":"https:\/\/www.europesays.com\/fr\/327584\/","title":{"rendered":"La Bourse de Paris termine en recul &#8211; 18\/08\/2025 \u00e0 18:24"},"content":{"rendered":"<p>        <img fetchpriority=\"high\" decoding=\"async\" src=\"https:\/\/www.europesays.com\/fr\/wp-content\/uploads\/2025\/05\/1de9f8b74da663b00ec2d3ce4d6120b8-760x454.jpg\" alt=\"La salle de contr\u00f4le d'Euronext, soci\u00e9t\u00e9 qui g\u00e8re la Bourse de Paris ( AFP \/ ERIC PIERMONT )\" loading=\"eager\" width=\"760\" height=\"454\" style=\"max-width: 100%!important; height: auto;\"\/><\/p>\n<p class=\"c-image-news__legend\">La salle de contr\u00f4le d&rsquo;Euronext, soci\u00e9t\u00e9 qui g\u00e8re la Bourse de Paris ( AFP \/ ERIC PIERMONT )<\/p>\n<p>\n La Bourse de Paris a fini en baisse lundi, prudente \u00e0 l&rsquo;approche de la rencontre entre Volodymyr Zelensky et Donald Trump, en attendant des avanc\u00e9es sur les discussions pour trouver une issue \u00e0 la guerre en Ukraine.\n<\/p>\n<p>\n Le CAC 40 a perdu 0,50%, \u00e0 7.884,05 points, en recul de 39,40 points. Vendredi, il avait gagn\u00e9 0,67%.\n<\/p>\n<p>\n Les march\u00e9s attendent la rencontre entre les deux dirigeants \u00e0 Washington, qui doit permettre d&rsquo;aborder de possibles concessions territoriales et des garanties de s\u00e9curit\u00e9, pour mettre fin au conflit le plus sanglant en Europe depuis la Seconde Guerre mondiale.\n<\/p>\n<p>\n Plusieurs dirigeants europ\u00e9ens seront pr\u00e9sents pour appuyer la position de Volodymyr Zelensky.\n<\/p>\n<p>\n Un cessez-le-feu \u00ab\u00a0aurait l&rsquo;avantage de lever l&rsquo;incertitude et booster la confiance, notamment sur les march\u00e9s europ\u00e9ens\u00a0\u00bb, estime Charlotte de Montpellier, \u00e9conomiste chez ING, interrog\u00e9e par l&rsquo;AFP.\n<\/p>\n<p>\n Mais pour le moment \u00ab\u00a0il n&rsquo;y a rien de tangible\u00a0\u00bb, estime Andreas Lipkow, analyste ind\u00e9pendant.\n<\/p>\n<p>\n Autre grand point d&rsquo;attention majeur des march\u00e9s: le colloque de Jackson Hole (Wyoming), qui r\u00e9unit de nombreux banquiers centraux en fin de semaine, avec un tr\u00e8s attendu discours du pr\u00e9sident de la R\u00e9serve f\u00e9d\u00e9rale am\u00e9ricaine (Fed), Jerome Powell.\n<\/p>\n<p>\n Malgr\u00e9 la pression de Donald Trump, ce dernier refuse pour le moment, de baisser les taux aux Etats-Unis, en attendant de mieux \u00e9valuer les effets sur l&rsquo;inflation de la politique de hausse des droits de douane impos\u00e9e par le pr\u00e9sident am\u00e9ricain.\n<\/p>\n<p>\n \u00ab\u00a0Qu&rsquo;il montre de la prudence ou un infl\u00e9chissement de sa position, cela aura un impact sur les march\u00e9s\u00a0\u00bb, selon Charlotte de Montpellier.\n<\/p>\n<p>\n C\u00f4t\u00e9 obligataire, le taux de l&#8217;emprunt fran\u00e7ais \u00e0 dix ans a atteint 3,46%, contre 3,47% la veille en cl\u00f4ture.\n<\/p>\n<p> La d\u00e9fense dans le vert<\/p>\n<p>\n \u00ab\u00a0Pour les valeurs de la d\u00e9fense, la perspective d&rsquo;un accord qui +r\u00e9compense+ -attention \u00e0 l&rsquo;utilisation de ce mot- l&rsquo;agression plut\u00f4t que de la dissuader ne fera que renforcer la d\u00e9termination des capitales europ\u00e9ennes \u00e0 se r\u00e9armer\u00a0\u00bb, souligne John Plassard, responsable de la strat\u00e9gie d&rsquo;investissement chez Cit\u00e9 Gestion Private Bank.\n<\/p>\n<p>\n Le groupe industriel fran\u00e7ais de d\u00e9fense Thales a pris 1,36% \u00e0 238,60 euros et Dassault Aviation 0,80% \u00e0 277,80 euros.\n<\/p>\n<p> Valneva en avant<\/p>\n<p>\n Le sp\u00e9cialiste des vaccins Valneva a annonc\u00e9 que l&rsquo;agence f\u00e9d\u00e9rale de sant\u00e9 du Canada (Sant\u00e9 Canada) lui avait accord\u00e9 une autorisation de mise sur le march\u00e9 de son vaccin contre le chikungunya Ixchiq chez les personnes \u00e2g\u00e9es de 12 ans et plus, d&rsquo;apr\u00e8s un communiqu\u00e9 publi\u00e9 lundi. Le titre s&rsquo;est par cons\u00e9quent envol\u00e9 de 6,05% \u00e0 5,07 euros.\n<\/p>\n<p>\n Euronext CAC40<\/p>\n","protected":false},"excerpt":{"rendered":"La salle de contr\u00f4le d&rsquo;Euronext, soci\u00e9t\u00e9 qui g\u00e8re la Bourse de Paris ( AFP \/ ERIC PIERMONT )&hellip;\n","protected":false},"author":2,"featured_media":97299,"comment_status":"","ping_status":"","sticky":false,"template":"","format":"standard","meta":{"footnotes":""},"categories":[1888],"tags":[400,1111,1928,11,1927,398,408,405,1777,674,1011,27,403,402,399,404,12,1926,626,1925,25,401,406,407],"class_list":{"0":"post-327584","1":"post","2":"type-post","3":"status-publish","4":"format-standard","5":"has-post-thumbnail","7":"category-paris","8":"tag-action-cac-40","9":"tag-actu","10":"tag-actu-paris","11":"tag-actualites","12":"tag-actualites-paris","13":"tag-bourse-de-paris","14":"tag-boursorama","15":"tag-cotations","16":"tag-eu","17":"tag-europe","18":"tag-fr","19":"tag-france","20":"tag-indices-devises","21":"tag-investir","22":"tag-investissement","23":"tag-marche-boursier","24":"tag-news","25":"tag-news-paris","26":"tag-paris","27":"tag-paris-news","28":"tag-republique-francaise","29":"tag-sicav","30":"tag-trackers","31":"tag-warrants"},"share_on_mastodon":{"url":"https:\/\/pubeurope.com\/@fr\/115051101430113733","error":""},"_links":{"self":[{"href":"https:\/\/www.europesays.com\/fr\/wp-json\/wp\/v2\/posts\/327584","targetHints":{"allow":["GET"]}}],"collection":[{"href":"https:\/\/www.europesays.com\/fr\/wp-json\/wp\/v2\/posts"}],"about":[{"href":"https:\/\/www.europesays.com\/fr\/wp-json\/wp\/v2\/types\/post"}],"author":[{"embeddable":true,"href":"https:\/\/www.europesays.com\/fr\/wp-json\/wp\/v2\/users\/2"}],"replies":[{"embeddable":true,"href":"https:\/\/www.europesays.com\/fr\/wp-json\/wp\/v2\/comments?post=327584"}],"version-history":[{"count":0,"href":"https:\/\/www.europesays.com\/fr\/wp-json\/wp\/v2\/posts\/327584\/revisions"}],"wp:featuredmedia":[{"embeddable":true,"href":"https:\/\/www.europesays.com\/fr\/wp-json\/wp\/v2\/media\/97299"}],"wp:attachment":[{"href":"https:\/\/www.europesays.com\/fr\/wp-json\/wp\/v2\/media?parent=327584"}],"wp:term":[{"taxonomy":"category","embeddable":true,"href":"https:\/\/www.europesays.com\/fr\/wp-json\/wp\/v2\/categories?post=327584"},{"taxonomy":"post_tag","embeddable":true,"href":"https:\/\/www.europesays.com\/fr\/wp-json\/wp\/v2\/tags?post=327584"}],"curies":[{"name":"wp","href":"https:\/\/api.w.org\/{rel}","templated":true}]}}