{"id":327585,"date":"2025-08-18T18:07:15","date_gmt":"2025-08-18T18:07:15","guid":{"rendered":"https:\/\/www.europesays.com\/fr\/327585\/"},"modified":"2025-08-18T18:07:15","modified_gmt":"2025-08-18T18:07:15","slug":"de-paris-au-croisic-lepopee-vintage-de-sylvie-chateigner","status":"publish","type":"post","link":"https:\/\/www.europesays.com\/fr\/327585\/","title":{"rendered":"de Paris au Croisic, l\u2019\u00e9pop\u00e9e vintage de Sylvie Chateigner"},"content":{"rendered":"<p>Publi\u00e9 par Soizick David, le 18 Ao\u00fbt 2025 \u00e0 19:54<\/p>\n<p itemprop=\"description\" class=\"chapo\">La fondatrice de la boutique vintage parisienne a ouvert son adresse \u00e9ph\u00e9m\u00e8re au Croisic cet \u00e9t\u00e9.<\/p>\n<p><img decoding=\"async\" src=\"https:\/\/www.europesays.com\/fr\/wp-content\/uploads\/2025\/08\/thanx-god-i-m-a-vip-du-croisic-a-paris-l-epopee-vintage-de-sylvie-chateigner.jpg_.jpg\" class=\"img-fluid rounded-3 mb-4\" alt=\"Thanx God I\u2019m a VIP : de Paris au Croisic, l\u2019\u00e9pop\u00e9e vintage de Sylvie Chateigner\"\/><br \/>\nSylvie Chateigner et Amnaye Nhas \u00a9 SaintNazaireNews.fr<\/p>\n<p><a href=\"https:\/\/www.thanxgod.com\/v3\/\" target=\"_blank\" rel=\"noopener noreferrer\">Thanx God I&rsquo;m a VIP<\/a>. Le nom de cette boutique du <strong>10\u00e8me arrondissement de Paris<\/strong> est sur les l\u00e8vres de toutes les touristes \u00e9l\u00e9gantes am\u00e9ricaines ou chinoises. Sa <strong>fondatrice Sylvie Chateigner<\/strong> s&rsquo;impose depuis 30 ans dans les guides urbains du monde entier. Mais TGV comme l&rsquo;appellent les initi\u00e9s, n&rsquo;est pas une simple boutique vintage, c&rsquo;est un univers \u00e0 part, \u00e0 la crois\u00e9e de la mode, de la musique, et de la nuit. Un univers r\u00e9solument parisien o\u00f9 l&rsquo;on vient chiner une jupe Yves Saint-Laurent ou un pat d&rsquo;eph sorti d&rsquo;un dead stock des ann\u00e9es 70, le tout sur un fond de House et d&rsquo;\u00e9lectro. O\u00f9 le monde de la mode vient s&rsquo;inspirer d&rsquo;une forme de col avant les d\u00e9fil\u00e9s, et croise de simples anonymes \u00e0 la recherche de pi\u00e8ces archive. Cet univers, c&rsquo;est Sylvie Chateigner qui l&rsquo;a impos\u00e9 dans la capitale apr\u00e8s avoir grandi loin des projecteurs sur la Presqu&rsquo;\u00eele gu\u00e9randaise. Cet \u00e9t\u00e9, elle est venue ouvrir une <strong>boutique \u00e9ph\u00e9m\u00e8re au Croisic<\/strong>, l\u00e0 ou elle revient encore passer tous ses \u00e9t\u00e9s. Jusqu&rsquo;\u00e0 la fin du mois d&rsquo;ao\u00fbt, vous y trouverez \u00e0 chiner une s\u00e9lection de pi\u00e8ces issues de la boutique historique de Paris pour hommes, femmes ou enfants.<\/p>\n<p>Du Croisic \u00e0 Paris avec le m\u00eame regard sur la mode<\/p>\n<p>\u00a0Derri\u00e8re ce nom culte Thanx God I\u2019m A VIP se cache une femme au parcours singulier. \u00c0 14 ans, Sylvie Chateigner est d\u00e9j\u00e0 passionn\u00e9e par les tissus, les mati\u00e8res, et l\u2019\u00e9l\u00e9gance discr\u00e8te des armoires familiales. Grandir entre Le Croisic et Gu\u00e9rande loin des podiums, ne l&#8217;emp\u00eache pas alors d&rsquo;\u00eatre fascin\u00e9e par la mode. \u00ab J&rsquo;allais sur les march\u00e9s de forains Je trouvais \u00e7a hyper int\u00e9ressant. Je cousais, coupais des v\u00eatements achet\u00e9s 5 francs. Je ne pouvais pas me payer les boutiques de l&rsquo;avenue de Gaulle, mais je cr\u00e9ais des trucs de dingue \u00bb raconte-t-elle. Au d\u00e9but des ann\u00e9es 80, \u00e0 tout juste 20 ans, elle part pour Paris, lass\u00e9e de la torpeur hivernale de la Presqu&rsquo;\u00eele. Elle continue \u00e0 chiner des pi\u00e8ces intemporelles des grandes maisons, tout en travaillant dans la restauration, ou dans des clubs. Puis elle ouvre sa <strong>premi\u00e8re boutique vintage en 1994, <\/strong>au coeur de Montorgueil.<\/p>\n<p><img decoding=\"async\" src=\"https:\/\/www.europesays.com\/fr\/wp-content\/uploads\/2025\/08\/thanx-god-i-m-a-vip-du-croisic-a-paris-l-epopee-vintage-de-sylvie-chateigner-01.jpg\" class=\"img-fluid rounded-3 mb-4\" alt=\"Thanx God I\u2019m a VIP : de Paris au Croisic, l\u2019\u00e9pop\u00e9e vintage de Sylvie Chateigner\"\/><br \/>\nLa boutique du Croisic restera ouverte jusqu&rsquo;\u00e0 la fin du mois d&rsquo;ao\u00fbt \u00a9 SaintNazaireNews.fr<\/p>\n<p>Les soir\u00e9es House TGV<\/p>\n<p>\u00ab \u00c0 l&rsquo;\u00e9poque, le vintage n&rsquo;\u00e9tait pas une tendance en France. On trouvait de la fripe am\u00e9ricaine aux Halles, mais rien d&rsquo;Europ\u00e9en \u00bb se souvient Sylvie Chateigner. Durant cette m\u00eame p\u00e9riode, elle aime aussi danser. Elle sort beaucoup, attir\u00e9e par la force naissante de la House Music. \u00ab Un soir, les Folies Pigalle se sont fait planter pour une soir\u00e9e, j&rsquo;ai pris le relai \u00bb explique Sylvie. Ce coup de hasard marque le d\u00e9but de ses soir\u00e9es TGV, o\u00f9 la French Touch c\u00f4toie les plus grands DJs internationaux de House. Le nom de ces nuits mythiques, comme celui de sa boutique, lui vient de son pass\u00e9 de physio \u00e0 l\u2019entr\u00e9e d\u2019un club. \u00ab J\u2019en avais marre des carr\u00e9s VIP. Ici, tout le monde peut se sentir VIP \u00bb sourit-elle.<\/p>\n<p><img decoding=\"async\" src=\"https:\/\/www.europesays.com\/fr\/wp-content\/uploads\/2025\/08\/thanx-god-i-m-a-vip-du-croisic-a-paris-l-epopee-vintage-de-sylvie-chateigner-02.jpg\" class=\"img-fluid rounded-3 mb-4\" alt=\"Thanx God I\u2019m a VIP : de Paris au Croisic, l\u2019\u00e9pop\u00e9e vintage de Sylvie Chateigner\"\/><br \/>\nSylvie Chateigner a \u00e9galement d\u00e9velopp\u00e9 une ligne de v\u00eatements et accessoires \u00a9 SaintNazaireNews.fr<\/p>\n<p>La rencontre avec Amnaye Nhas\u00a0<\/p>\n<p>En 2005, une nouvelle \u00e9nergie s\u2019est invit\u00e9e dans le projet : <strong>Amnaye Nhas<\/strong>, Dj r\u00e9sident des soir\u00e9es, devient partenaire de Sylvie. Leur complicit\u00e9 artistique et leur vision commune renforcent TGV, qui prend une ampleur in\u00e9dite \u00e0 travers le son et l&rsquo;image. En 2008, ils inaugurent ensemble un nouvel espace de 300 m\u00b2 pr\u00e8s de R\u00e9publique, le temple du vintage chic. Le projet se diversifie ensuite : en 2014, c&rsquo;est le lancement de <strong>Thanks God Radio Paris avec Amnaye<\/strong>, en 2016 l&rsquo;ouverture de <strong>La Manufacture<\/strong> pour accueillir d\u00e9fil\u00e9s et shootings, et en 2019 une boutique Homme, puis le Bazar en 2021 rue de Lancry. Avec \u00e0 chaque \u00e9tape, la m\u00eame id\u00e9e que le vintage n\u2019est pas pass\u00e9iste, mais une mani\u00e8re contemporaine d\u2019habiter la mode.<\/p>\n<p><img decoding=\"async\" src=\"https:\/\/www.europesays.com\/fr\/wp-content\/uploads\/2025\/08\/thanx-god-i-m-a-vip-du-croisic-a-paris-l-epopee-vintage-de-sylvie-chateigner-03.jpg\" class=\"img-fluid rounded-3 mb-4\" alt=\"Thanx God I\u2019m a VIP : de Paris au Croisic, l\u2019\u00e9pop\u00e9e vintage de Sylvie Chateigner\"\/><br \/>\nLa boutique propose une s\u00e9lection issue de l&rsquo;adresse parisienne historique \u00a9 SaintNazaireNews.fr<\/p>\n<p>La mati\u00e8re avant tout<\/p>\n<p>\u00c0 Paris, <strong>Sylvie Chateigner<\/strong> continue \u00e0 chiner chaque pi\u00e8ce avec le m\u00eame \u0153il aiguis\u00e9, qu\u2019il s\u2019agisse d\u2019un bleu de travail ou d\u2019une robe de soir\u00e9e. \u00ab La premi\u00e8re chose que je regarde, c\u2019est la mati\u00e8re \u00bb confie-t-elle. Coton, lin, cachemire, soie, cuir, \u00ab tout ce qui est noble, mais pas ce qui est fabriqu\u00e9 \u00e0 base de p\u00e9trole, comme le polyester \u00bb ajoute-t-elle sans d\u00e9tour. Dans ses boutiques, les portants sont organis\u00e9s par couleur, sous des photos de d\u00e9fil\u00e9s. Robe, sac, blouse, veste ou pantalon\u2026 Tout est soigneusement s\u00e9lectionn\u00e9, lav\u00e9 et repass\u00e9, puis mis en sc\u00e8ne. Une veste Burberry, un blouson Paul Smith, une robe Moschino, un haut Chlo\u00e9\u2026 mais aussi des v\u00eatements dont la coupe raconte autant qu\u2019un nom prestigieux. Comme cette jupe proven\u00e7ale, au tomb\u00e9 parfait, choisie pour la gr\u00e2ce de son mouvement. \u00ab \u00c0 Paris, les Am\u00e9ricaines veulent des pi\u00e8ces irr\u00e9prochables. Elles veulent rentrer chez elles avec un bout de patrimoine fran\u00e7ais. Et ce patrimoine, c\u2019est une jupe Yves Saint Laurent \u00bb glisse Sylvie dans un sourire.<\/p>\n<p><img decoding=\"async\" src=\"https:\/\/www.europesays.com\/fr\/wp-content\/uploads\/2025\/08\/thanx-god-i-m-a-vip-du-croisic-a-paris-l-epopee-vintage-de-sylvie-chateigner-04.jpg\" class=\"img-fluid rounded-3 mb-4\" alt=\"Thanx God I\u2019m a VIP : de Paris au Croisic, l\u2019\u00e9pop\u00e9e vintage de Sylvie Chateigner\"\/><br \/>\n \u00a9 SaintNazaireNews.fr<\/p>\n<p>Le Croisic, un nouvel horizon<\/p>\n<p>En juillet 2025, Thanx God I\u2019m a VIP a donc ouvert ses quartiers d&rsquo;\u00e9t\u00e9 sur la c\u00f4te atlantique, avec sa premi\u00e8re boutique \u00e9ph\u00e9m\u00e8re au Croisic, juste en face du Mont Esprit. Dans ce d\u00e9cor baln\u00e9aire, la s\u00e9lection a conserv\u00e9 toute son exigence et son aura couture. La boutique restera ouverte jusqu&rsquo;\u00e0 la fin du mois d&rsquo;ao\u00fbt. \u00ab Cette premi\u00e8re saison est une saison test. Nous rouvrirons ensuite aux vacances de P\u00e2ques \u00bb annoncent Sylvie et Amnaye. Du souvenir d\u2019une enfant qui fouillait les armoires et les march\u00e9s \u00e0 la rue de Lancry, en passant par les nuits \u00e9lectris\u00e9es de la capitale, l\u2019histoire de Sylvie Chateigner reviendra donc faire un petit bout de chemin l\u00e0 o\u00f9 tout a commenc\u00e9. Avec d&rsquo;autres projets \u00e0 inventer au Croisic, cette fois-ci musicaux. Pourquoi pas au Mont Esprit, \u00ab mais dans un style diff\u00e9rent. En apr\u00e8s-midi. Le genre familial et smoothie ! \u00bb imaginent-ils en coeur.<\/p>\n<p>Thanx God I&rsquo;m a VIP \u2022 2 Boulevard du G\u00e9n\u00e9ral Leclerc \u2022 44490 Le Croisic \u2022 <a href=\"https:\/\/www.instagram.com\/thanxgodimavip\/\" target=\"_blank\" rel=\"noopener noreferrer\">Page Instagram<\/a> \u2022 <a href=\"https:\/\/www.thanxgod.com\/v3\/\" target=\"_blank\" rel=\"noopener noreferrer\">Site Web<\/a> \u2022 T\u00e9l\u00e9phone : 07 60 09 06 00.<\/p>\n<p><script async src=\"\/\/www.instagram.com\/embed.js\"><\/script><\/p>\n","protected":false},"excerpt":{"rendered":"Publi\u00e9 par Soizick David, le 18 Ao\u00fbt 2025 \u00e0 19:54 La fondatrice de la boutique vintage parisienne a&hellip;\n","protected":false},"author":2,"featured_media":327586,"comment_status":"","ping_status":"","sticky":false,"template":"","format":"standard","meta":{"footnotes":""},"categories":[1888],"tags":[1111,1928,11,1927,3723,1777,674,1011,27,1114,13694,12,1926,626,1925,25,3213],"class_list":{"0":"post-327585","1":"post","2":"type-post","3":"status-publish","4":"format-standard","5":"has-post-thumbnail","7":"category-paris","8":"tag-actu","9":"tag-actu-paris","10":"tag-actualites","11":"tag-actualites-paris","12":"tag-actus","13":"tag-eu","14":"tag-europe","15":"tag-fr","16":"tag-france","17":"tag-infos","18":"tag-nazaire","19":"tag-news","20":"tag-news-paris","21":"tag-paris","22":"tag-paris-news","23":"tag-republique-francaise","24":"tag-saint"},"share_on_mastodon":{"url":"https:\/\/pubeurope.com\/@fr\/115051105270784132","error":""},"_links":{"self":[{"href":"https:\/\/www.europesays.com\/fr\/wp-json\/wp\/v2\/posts\/327585","targetHints":{"allow":["GET"]}}],"collection":[{"href":"https:\/\/www.europesays.com\/fr\/wp-json\/wp\/v2\/posts"}],"about":[{"href":"https:\/\/www.europesays.com\/fr\/wp-json\/wp\/v2\/types\/post"}],"author":[{"embeddable":true,"href":"https:\/\/www.europesays.com\/fr\/wp-json\/wp\/v2\/users\/2"}],"replies":[{"embeddable":true,"href":"https:\/\/www.europesays.com\/fr\/wp-json\/wp\/v2\/comments?post=327585"}],"version-history":[{"count":0,"href":"https:\/\/www.europesays.com\/fr\/wp-json\/wp\/v2\/posts\/327585\/revisions"}],"wp:featuredmedia":[{"embeddable":true,"href":"https:\/\/www.europesays.com\/fr\/wp-json\/wp\/v2\/media\/327586"}],"wp:attachment":[{"href":"https:\/\/www.europesays.com\/fr\/wp-json\/wp\/v2\/media?parent=327585"}],"wp:term":[{"taxonomy":"category","embeddable":true,"href":"https:\/\/www.europesays.com\/fr\/wp-json\/wp\/v2\/categories?post=327585"},{"taxonomy":"post_tag","embeddable":true,"href":"https:\/\/www.europesays.com\/fr\/wp-json\/wp\/v2\/tags?post=327585"}],"curies":[{"name":"wp","href":"https:\/\/api.w.org\/{rel}","templated":true}]}}