{"id":327591,"date":"2025-08-18T18:10:10","date_gmt":"2025-08-18T18:10:10","guid":{"rendered":"https:\/\/www.europesays.com\/fr\/327591\/"},"modified":"2025-08-18T18:10:10","modified_gmt":"2025-08-18T18:10:10","slug":"il-faut-arreter-la-russie-exhorte-volodymyr-zelensky-en-direct-de-la-maison-blanche","status":"publish","type":"post","link":"https:\/\/www.europesays.com\/fr\/327591\/","title":{"rendered":"\u00ab\u00a0Il faut arr\u00eater la Russie\u00a0\u00bb exhorte Volodymyr Zelensky, en direct de la Maison-Blanche"},"content":{"rendered":"<p>Sommet avec Donald Trump: \u00ab\u00a0Il faut arr\u00eater la Russie\u00a0\u00bb exhorte Volodymyr Zelensky, en direct de la Maison-BlancheSur le m\u00eame sujet<a href=\"https:\/\/www.bfmtv.com\/international\/europe\/ukraine\/video-sommet-avec-donald-trump-la-guerre-va-se-terminer-affirme-le-president-americain_VN-202508180460.html\" title=\"Sommet avec Donald Trump: &quot;La guerre va se terminer&quot;, affirme le pr\u00e9sident am\u00e9ricain\" rel=\"nofollow noopener\" target=\"_blank\"><img width=\"16\" height=\"9\" class=\"lozad\"  alt=\"Sommet avec Donald Trump: &quot;La guerre va se terminer&quot;, affirme le pr\u00e9sident am\u00e9ricain\"\/>1:19Sommet avec Donald Trump: \u00ab\u00a0La guerre va se terminer\u00a0\u00bb, affirme le pr\u00e9sident am\u00e9ricain<\/a><a href=\"https:\/\/www.bfmtv.com\/international\/europe\/ukraine\/video-sommet-avec-donald-trump-il-faut-arreter-la-russie-exhorte-volodymyr-zelensky-en-direct-de-la-maison-blanche_VN-202508180457.html\" title=\"Sommet avec Donald Trump: &quot;Il faut arr\u00eater la Russie&quot; exhorte Volodymyr Zelensky, en direct de la Maison-Blanche\" rel=\"nofollow noopener\" target=\"_blank\"><img width=\"16\" height=\"9\" class=\"lozad\"  alt=\"Sommet avec Donald Trump: &quot;Il faut arr\u00eater la Russie&quot; exhorte Volodymyr Zelensky, en direct de la Maison-Blanche\"\/>en lectureSommet avec Donald Trump: \u00ab\u00a0Il faut arr\u00eater la Russie\u00a0\u00bb exhorte Volodymyr Zelensky, en direct de la Maison-Blanche<\/a><a href=\"https:\/\/www.bfmtv.com\/international\/europe\/ukraine\/video-sommet-avec-donald-trump-volodymyr-zelensky-salue-les-efforts-du-president-americain-pour-mettre-fin-a-la-guerre-en-ukraine_VN-202508180455.html\" title=\"Sommet avec Donald Trump: Volodymyr Zelensky salue les &quot;efforts&quot; du pr\u00e9sident am\u00e9ricain pour mettre fin \u00e0 la guerre en Ukraine\" rel=\"nofollow noopener\" target=\"_blank\"><img width=\"16\" height=\"9\" class=\"lozad\"  alt=\"Sommet avec Donald Trump: Volodymyr Zelensky salue les &quot;efforts&quot; du pr\u00e9sident am\u00e9ricain pour mettre fin \u00e0 la guerre en Ukraine\"\/>1:11Sommet avec Donald Trump: Volodymyr Zelensky salue les \u00ab\u00a0efforts\u00a0\u00bb du pr\u00e9sident am\u00e9ricain pour mettre fin \u00e0 la guerre en Ukraine<\/a><a href=\"https:\/\/www.bfmtv.com\/international\/europe\/ukraine\/video-sommet-avec-donald-trump-volodymyr-zelensky-est-arrive-a-la-maison-blanche-en-chemise-mais-sans-cravate_VN-202508180453.html\" title=\"Sommet avec Donald Trump: Volodymyr Zelensky est arriv\u00e9 \u00e0 la Maison-Blanche en chemise mais sans cravate\" rel=\"nofollow noopener\" target=\"_blank\"><img width=\"16\" height=\"9\" class=\"lozad\"  alt=\"Sommet avec Donald Trump: Volodymyr Zelensky est arriv\u00e9 \u00e0 la Maison-Blanche en chemise mais sans cravate\"\/>1:42Sommet avec Donald Trump: Volodymyr Zelensky est arriv\u00e9 \u00e0 la Maison-Blanche en chemise mais sans cravate<\/a><a href=\"https:\/\/www.bfmtv.com\/international\/europe\/ukraine\/video-la-presidente-italienne-du-conseil-des-ministres-giorgia-meloni-est-arrivee-a-la-maison-blanche_VN-202508180436.html\" title=\"La pr\u00e9sidente italienne du conseil des Ministres Giorgia Meloni est arriv\u00e9e \u00e0 la Maison-Blanche\" rel=\"nofollow noopener\" target=\"_blank\"><img width=\"16\" height=\"9\" class=\"lozad\"  alt=\"La pr\u00e9sidente italienne du conseil des Ministres Giorgia Meloni est arriv\u00e9e \u00e0 la Maison-Blanche\"\/>1:01La pr\u00e9sidente italienne du conseil des Ministres Giorgia Meloni est arriv\u00e9e \u00e0 la Maison-Blanche<\/a><a href=\"https:\/\/www.bfmtv.com\/international\/europe\/ukraine\/video-le-premier-ministre-anglais-keir-starmer-est-arrive-a-la-maison-blanche_VN-202508180432.html\" title=\"Le premier ministre anglais Keir Starmer est arriv\u00e9 \u00e0 la Maison Blanche\" rel=\"nofollow noopener\" target=\"_blank\"><img width=\"16\" height=\"9\" class=\"lozad\"  alt=\"Le premier ministre anglais Keir Starmer est arriv\u00e9 \u00e0 la Maison Blanche\"\/>0:32Le premier ministre anglais Keir Starmer est arriv\u00e9 \u00e0 la Maison Blanche<\/a><a href=\"https:\/\/www.bfmtv.com\/international\/europe\/ukraine\/video-les-ukrainiens-ont-bien-compris-qu-une-partie-de-leur-destin-pouvait-se-jouer-ce-soir-explique-nicolas-coadou-envoye-special-en-ukraine_VN-202508180406.html\" title=\"&quot;Les Ukrainiens ont bien compris qu&#039;une partie de leur destin pouvait se jouer ce soir&quot;, explique Nicolas Coadou, envoy\u00e9 sp\u00e9cial en Ukraine\" rel=\"nofollow noopener\" target=\"_blank\"><img width=\"16\" height=\"9\" class=\"lozad\"  alt=\"&quot;Les Ukrainiens ont bien compris qu'une partie de leur destin pouvait se jouer ce soir&quot;, explique Nicolas Coadou, envoy\u00e9 sp\u00e9cial en Ukraine\"\/>1:49&Prime;Les Ukrainiens ont bien compris qu&rsquo;une partie de leur destin pouvait se jouer ce soir\u00a0\u00bb, explique Nicolas Coadou, envoy\u00e9 sp\u00e9cial en Ukraine<\/a><a href=\"https:\/\/www.bfmtv.com\/international\/europe\/ukraine\/video-reunion-a-washington-on-ne-peut-pas-mettre-face-a-face-un-paria-international-et-toute-l-ue-decrit-anne-toulouse-journaliste-frano-americaine_VN-202508180397.html\" title=\"R\u00e9union \u00e0 Washington: &quot;On ne peut pas mettre face \u00e0 face un paria international et toute l&#039;UE&quot;, d\u00e9crit Anne Toulouse, journaliste frano-am\u00e9ricaine\" rel=\"nofollow noopener\" target=\"_blank\"><img width=\"16\" height=\"9\" class=\"lozad\"  alt=\"R\u00e9union \u00e0 Washington: &quot;On ne peut pas mettre face \u00e0 face un paria international et toute l'UE&quot;, d\u00e9crit Anne Toulouse, journaliste frano-am\u00e9ricaine\"\/>0:46R\u00e9union \u00e0 Washington: \u00ab\u00a0On ne peut pas mettre face \u00e0 face un paria international et toute l&rsquo;UE\u00a0\u00bb, d\u00e9crit Anne Toulouse, journaliste frano-am\u00e9ricaine<\/a><a href=\"https:\/\/www.bfmtv.com\/international\/europe\/ukraine\/video-guerre-en-ukraine-dans-les-deserts-americains-il-y-a-des-centaines-d-avions-de-chasse-qui-ne-font-rien-que-d-amasser-la-poussiere-denonce-jacques-faure-ancien-ambassadeur-francais-en-ukraine_VN-202508180393.html\" title=\"Guerre en Ukraine: &quot;Dans les d\u00e9serts am\u00e9ricains, il y a des centaines d&#039;avions de chasse qui ne font rien que d&#039;amasser la poussi\u00e8re&quot;, d\u00e9nonce Jacques Faure, ancien ambassadeur fran\u00e7ais en Ukraine\" rel=\"nofollow noopener\" target=\"_blank\"><img width=\"16\" height=\"9\" class=\"lozad\"  alt=\"Guerre en Ukraine: &quot;Dans les d\u00e9serts am\u00e9ricains, il y a des centaines d'avions de chasse qui ne font rien que d'amasser la poussi\u00e8re&quot;, d\u00e9nonce Jacques Faure, ancien ambassadeur fran\u00e7ais en Ukraine\"\/>0:32Guerre en Ukraine: \u00ab\u00a0Dans les d\u00e9serts am\u00e9ricains, il y a des centaines d&rsquo;avions de chasse qui ne font rien que d&rsquo;amasser la poussi\u00e8re\u00a0\u00bb, d\u00e9nonce Jacques Faure, ancien ambassadeur fran\u00e7ais en Ukraine<\/a><a href=\"https:\/\/www.bfmtv.com\/international\/europe\/ukraine\/video-reunion-zelensky-europeens-emmanuel-macron-devrait-arriver-prochainement-sur-le-sol-americain-il-devrait-pousser-pour-des-garanties-de-securite-de-la-part-de-donald-trump_VN-202508180387.html\" title=\"R\u00e9union Zelensky\/Europ\u00e9ens: Emmanuel Macron devrait arriver prochainement sur le sol am\u00e9ricain, il devrait pousser pour des garanties de s\u00e9curit\u00e9 de la part de Donald Trump\" rel=\"nofollow noopener\" target=\"_blank\"><img width=\"16\" height=\"9\" class=\"lozad\"  alt=\"R\u00e9union Zelensky\/Europ\u00e9ens: Emmanuel Macron devrait arriver prochainement sur le sol am\u00e9ricain, il devrait pousser pour des garanties de s\u00e9curit\u00e9 de la part de Donald Trump\"\/>0:59R\u00e9union Zelensky\/Europ\u00e9ens: Emmanuel Macron devrait arriver prochainement sur le sol am\u00e9ricain, il devrait pousser pour des garanties de s\u00e9curit\u00e9 de la part de Donald Trump<\/a><a href=\"https:\/\/www.bfmtv.com\/international\/europe\/ukraine\/video-sommet-avec-donald-trump-les-declarations-du-president-americain-posent-question-avant-sa-rencontre-avec-les-dirigeants-europeens_VN-202508180379.html\" title=\"Sommet avec Donald Trump: les d\u00e9clarations du pr\u00e9sident am\u00e9ricain posent question avant sa rencontre avec les dirigeants europ\u00e9ens\" rel=\"nofollow noopener\" target=\"_blank\"><img width=\"16\" height=\"9\" class=\"lozad\"  alt=\"Sommet avec Donald Trump: les d\u00e9clarations du pr\u00e9sident am\u00e9ricain posent question avant sa rencontre avec les dirigeants europ\u00e9ens\"\/>1:48Sommet avec Donald Trump: les d\u00e9clarations du pr\u00e9sident am\u00e9ricain posent question avant sa rencontre avec les dirigeants europ\u00e9ens<\/a><a href=\"https:\/\/www.bfmtv.com\/international\/europe\/ukraine\/video-sommet-trump-europeens-keir-starmer-le-premier-ministre-anglais-est-arrive-a-washington_VN-202508180375.html\" title=\"Sommet Trump\/Europ\u00e9ens: Keir Starmer, le premier ministre anglais, est arriv\u00e9 \u00e0 Washington\" rel=\"nofollow noopener\" target=\"_blank\"><img width=\"16\" height=\"9\" class=\"lozad\"  alt=\"Sommet Trump\/Europ\u00e9ens: Keir Starmer, le premier ministre anglais, est arriv\u00e9 \u00e0 Washington\"\/>1:16Sommet Trump\/Europ\u00e9ens: Keir Starmer, le premier ministre anglais, est arriv\u00e9 \u00e0 Washington<\/a><a href=\"https:\/\/www.bfmtv.com\/international\/europe\/ukraine\/video-il-faut-mettre-en-place-une-strategie-pour-mettre-la-pression-sur-le-president-poutine-declare-emmanuel-macron_VN-202508170185.html\" title=\"&quot;Il faut mettre en place une strat\u00e9gie pour mettre la pression sur le pr\u00e9sident Poutine&quot;, d\u00e9clare Emmanuel Macron \" rel=\"nofollow noopener\" target=\"_blank\"><img width=\"16\" height=\"9\" class=\"lozad\"  alt=\"&quot;Il faut mettre en place une strat\u00e9gie pour mettre la pression sur le pr\u00e9sident Poutine&quot;, d\u00e9clare Emmanuel Macron \"\/>0:56&Prime;Il faut mettre en place une strat\u00e9gie pour mettre la pression sur le pr\u00e9sident Poutine\u00a0\u00bb, d\u00e9clare Emmanuel Macron<\/a><a href=\"https:\/\/www.bfmtv.com\/international\/europe\/ukraine\/video-sommet-entre-trump-et-zelensky-pourquoi-donald-trump-a-tout-interet-a-inviter-des-dirigeants-europeens-a-washington_VN-202508170140.html\" title=\"Sommet entre Trump et Zelensky: pourquoi Donald Trump a tout int\u00e9r\u00eat \u00e0 inviter des dirigeants europ\u00e9ens \u00e0 Washington\" rel=\"nofollow noopener\" target=\"_blank\"><img width=\"16\" height=\"9\" class=\"lozad\"  alt=\"Sommet entre Trump et Zelensky: pourquoi Donald Trump a tout int\u00e9r\u00eat \u00e0 inviter des dirigeants europ\u00e9ens \u00e0 Washington\"\/>0:55Sommet entre Trump et Zelensky: pourquoi Donald Trump a tout int\u00e9r\u00eat \u00e0 inviter des dirigeants europ\u00e9ens \u00e0 Washington<\/a><a class=\"jumpToVideo\" target=\"_blank\"><img class=\"thumbnailPreview\"\/><\/a><\/p>\n","protected":false},"excerpt":{"rendered":"Sommet avec Donald Trump: \u00ab\u00a0Il faut arr\u00eater la Russie\u00a0\u00bb exhorte Volodymyr Zelensky, en direct de la Maison-BlancheSur le&hellip;\n","protected":false},"author":2,"featured_media":327592,"comment_status":"","ping_status":"","sticky":false,"template":"","format":"standard","meta":{"footnotes":""},"categories":[1591],"tags":[11,1887,12,1885,1886,132],"class_list":{"0":"post-327591","1":"post","2":"type-post","3":"status-publish","4":"format-standard","5":"has-post-thumbnail","7":"category-russie","8":"tag-actualites","9":"tag-federation-de-russie","10":"tag-news","11":"tag-russia","12":"tag-russian-federation","13":"tag-russie"},"share_on_mastodon":{"url":"https:\/\/pubeurope.com\/@fr\/115051117093930210","error":""},"_links":{"self":[{"href":"https:\/\/www.europesays.com\/fr\/wp-json\/wp\/v2\/posts\/327591","targetHints":{"allow":["GET"]}}],"collection":[{"href":"https:\/\/www.europesays.com\/fr\/wp-json\/wp\/v2\/posts"}],"about":[{"href":"https:\/\/www.europesays.com\/fr\/wp-json\/wp\/v2\/types\/post"}],"author":[{"embeddable":true,"href":"https:\/\/www.europesays.com\/fr\/wp-json\/wp\/v2\/users\/2"}],"replies":[{"embeddable":true,"href":"https:\/\/www.europesays.com\/fr\/wp-json\/wp\/v2\/comments?post=327591"}],"version-history":[{"count":0,"href":"https:\/\/www.europesays.com\/fr\/wp-json\/wp\/v2\/posts\/327591\/revisions"}],"wp:featuredmedia":[{"embeddable":true,"href":"https:\/\/www.europesays.com\/fr\/wp-json\/wp\/v2\/media\/327592"}],"wp:attachment":[{"href":"https:\/\/www.europesays.com\/fr\/wp-json\/wp\/v2\/media?parent=327591"}],"wp:term":[{"taxonomy":"category","embeddable":true,"href":"https:\/\/www.europesays.com\/fr\/wp-json\/wp\/v2\/categories?post=327591"},{"taxonomy":"post_tag","embeddable":true,"href":"https:\/\/www.europesays.com\/fr\/wp-json\/wp\/v2\/tags?post=327591"}],"curies":[{"name":"wp","href":"https:\/\/api.w.org\/{rel}","templated":true}]}}