{"id":327597,"date":"2025-08-18T18:13:11","date_gmt":"2025-08-18T18:13:11","guid":{"rendered":"https:\/\/www.europesays.com\/fr\/327597\/"},"modified":"2025-08-18T18:13:11","modified_gmt":"2025-08-18T18:13:11","slug":"une-ancienne-juge-transgenre-conteste-la-definition-legale-de-femme-emise-par-la-cour-supreme-britannique","status":"publish","type":"post","link":"https:\/\/www.europesays.com\/fr\/327597\/","title":{"rendered":"une ancienne juge transgenre conteste la d\u00e9finition l\u00e9gale de femme \u00e9mise par la Cour supr\u00eame britannique"},"content":{"rendered":"<p>En avril, la Cour supr\u00eame avait unanimement tranch\u00e9 que les termes sexe et femme dans la loi sur l\u2019\u00e9galit\u00e9 de 2010, qui offre une protection contre la discrimination, font r\u00e9f\u00e9rence \u00e0 une femme biologique et \u00e0 un sexe biologique.<\/p>\n<p class=\"fig-paragraph\">Victoria McCloud a \u00e9t\u00e9 la premi\u00e8re juge transgenre du\u00a0<a href=\"http:\/\/www.lefigaro.fr\/secteur\/high-tech\/secheresse-le-royaume-uni-demande-a-ses-citoyens-de-supprimer-leurs-mails-pour-economiser-de-l-eau-20250815\" target=\"_blank\" data-fig-type=\"NewsFlash\" rel=\"noopener\" data-gtm-custom-categorie=\"navigation\" data-gtm-custom-action=\"crossclick\" data-gtm-custom-label=\"Contextuel\" data-gtm-event=\"customEventSPE\" data-fig-domain=\"LEFIGARO\">Royaume-Uni<\/a>, et elle conteste aujourd\u2019hui devant la CEDH la d\u00e9finition l\u00e9gale de femme \u00e9tablie par la Cour supr\u00eame britannique. En avril 2025, la plus haute institution juridique du Royaume-Uni avait\u00a0<a href=\"http:\/\/www.lefigaro.fr\/flash-actu\/royaume-uni-la-cour-supreme-se-prononce-sur-la-definition-juridique-de-la-femme-20250416\" target=\"_blank\" data-fig-type=\"NewsFlash\" rel=\"noopener\" data-gtm-custom-categorie=\"navigation\" data-gtm-custom-action=\"crossclick\" data-gtm-custom-label=\"Contextuel\" data-gtm-event=\"customEventSPE\" data-fig-domain=\"LEFIGARO\">unanimement tranch\u00e9<\/a>\u00a0que les termes \u00absexe\u00bb et \u00abfemme\u00bb dans la loi sur l\u2019\u00e9galit\u00e9 de 2010, qui offre une protection contre la discrimination de genre, font r\u00e9f\u00e9rence \u00e0 une femme biologique et \u00e0 un sexe biologique. Ainsi, le Royaume-Uni annon\u00e7ait que la d\u00e9finition l\u00e9gale d\u2019une femme reposait sur son sexe biologique, excluant ainsi les femmes transgenres, m\u00eame celles titulaires d\u2019un certificat de reconnaissance de genre (CRG).<\/p>\n<p class=\"fig-paragraph\">Une d\u00e9cision qui n\u2019a pas plu \u00e0 la quinquag\u00e9naire n\u00e9e homme et devenue femme dans sa vingtaine. Elle a annonc\u00e9 ce lundi matin saisir la Cour europ\u00e9enne des droits de l\u2019homme pour contester le processus d\u00e9cisionnel. Les avocats agissant au nom de Victoria McCloud, qui a d\u00e9missionn\u00e9 de son poste de juge l\u2019ann\u00e9e derni\u00e8re et qui est d\u00e9sormais strat\u00e8ge en litige, ont ainsi d\u00e9pos\u00e9 un recours devant la\u00a0<a href=\"http:\/\/www.lefigaro.fr\/actualite-france\/ineligibilite-comment-marine-le-pen-espere-convaincre-la-cedh-de-suspendre-sa-condamnation-20250708\" target=\"_blank\" data-fig-type=\"Article\" rel=\"noopener\" data-gtm-custom-categorie=\"navigation\" data-gtm-custom-action=\"crossclick\" data-gtm-custom-label=\"Contextuel\" data-gtm-event=\"customEventSPE\" data-fig-domain=\"LEFIGARO\">CEDH<\/a>, arguant d\u2019une violation de ses droits en vertu des articles 6, 8 et 14 de la\u00a0Convention europ\u00e9enne des droits de l\u2019homme, soit \u00ables droits au respect de qui je suis, de ma famille, de mon existence humaine, mon droit \u00e0 un proc\u00e8s \u00e9quitable dans les questions d\u00e9terminant mes propres libert\u00e9s et obligations sans discrimination\u00bb, a expliqu\u00e9 au\u00a0<a href=\"https:\/\/www.theguardian.com\/society\/2025\/aug\/18\/transgender-judge-supreme-court-case-biological-sex\" target=\"_blank\" rel=\"sponsored noopener\" data-gtm-custom-categorie=\"navigation\" data-gtm-custom-action=\"crossclick\" data-gtm-custom-label=\"Contextuel\" data-gtm-event=\"customEventSPE\">Guardian<\/a> \u00a0la plaignante.<\/p>\n<p>                                    <a class=\"fig-a11y-skip a11y-hidden\" href=\"#fig-a11y-skip-main-inarticle\"><br \/>\n        Passer la publicit\u00e9<br \/>\n    <\/a><\/p>\n<p>\u00abNous sommes d\u00e9sormais deux sexes \u00e0 la fois\u00bb<\/p>\n<p class=\"fig-paragraph\">L\u2019article 6 prot\u00e8ge le droit \u00e0 un proc\u00e8s \u00e9quitable et impartial par un tribunal ind\u00e9pendant, et vise \u00e0 garantir que les personnes dont les droits sont affect\u00e9s puissent participer aux proc\u00e9dures qui peuvent avoir un impact sur leur avenir. Or l\u2019ancienne juge affirme que la\u00a0<a href=\"http:\/\/www.lefigaro.fr\/flash-actu\/a-londres-des-milliers-de-personnes-manifestent-contre-la-definition-legale-d-une-femme-selon-la-cour-supreme-britannique-20250419\" target=\"_blank\" data-fig-type=\"NewsFlash\" rel=\"noopener\" data-gtm-custom-categorie=\"navigation\" data-gtm-custom-action=\"crossclick\" data-gtm-custom-label=\"Contextuel\" data-gtm-event=\"customEventSPE\" data-fig-domain=\"LEFIGARO\">Cour supr\u00eame<\/a>\u00a0a refus\u00e9 de l\u2019entendre et n\u2019a pas non plus entendu les \u00abpreuves\u00bb d\u2019autres personnes ou groupes d\u2019activistes trans.<\/p>\n<p class=\"fig-body-link\">\n            \u00c0 lire aussi<br \/>\n        <a class=\"fig-body-link__link fig-premium-mark\" href=\"http:\/\/www.lefigaro.fr\/international\/la-cedh-donne-raison-a-un-tcheque-non-binaire-qui-souhaitait-changer-de-sexe-sur-sa-carte-d-identite-20250612\" target=\"_blank\" data-fig-type=\"NewsFlash\" rel=\"noopener\" data-gtm-custom-categorie=\"navigation\" data-gtm-custom-action=\"crossclick\" data-gtm-custom-label=\"Contextuel\" data-gtm-event=\"customEventSPE\" data-fig-domain=\"LEFIGARO\">La CEDH donne raison \u00e0 un Tch\u00e8que non-binaire qui souhaitait changer de sexe sur sa carte d\u2019identit\u00e9<br \/>\n    <\/a>\n<\/p>\n<p class=\"fig-paragraph\">Victoria McCloud, d\u00e9plore que \u00able tribunal n\u2019ait fourni aucune motivation\u00bb. La Cour supr\u00eame britannique a \u00abinvalid\u00e9 ma distinction de sexe et celle de 8500 autres personnes, conform\u00e9ment \u00e0 la loi sur l\u2019\u00e9galit\u00e9\u2026 Nous sommes d\u00e9sormais deux sexes \u00e0 la fois. On nous dit d\u2019utiliser des espaces dangereux, comme les vestiaires et les toilettes pour hommes, alors que nous avons une anatomie f\u00e9minine. Si nous sommes viol\u00e9es, nous devons nous rendre au centre de crise pour viol masculin. Nous sommes fouill\u00e9es par des policiers masculins, pour \u201cprot\u00e9ger\u201d les polici\u00e8res de, je suppose, notre anatomie f\u00e9minine\u00bb, a-t-elle d\u00e9plor\u00e9 aupr\u00e8s du Guardian.<\/p>\n<p class=\"fig-paragraph\">L\u2019ancienne juge est repr\u00e9sent\u00e9e par Oscar Davies, premier avocat ouvertement \u00abnon binaire\u00bb du Royaume-Uni, et Olivia Campbell-Cavendish, fondatrice et directrice g\u00e9n\u00e9rale de la Trans Legal Clinic (association qui apporte gratuitement de l\u2019aide juridique aux trans britanniques) et premi\u00e8re avocate trans noire du Royaume-Uni. Il s\u2019agit, selon\u00a0<a href=\"https:\/\/www.independent.co.uk\/news\/uk\/politics\/trans-supreme-court-ruling-women-dr-victoria-mccloud-b2809418.html\" target=\"_blank\" rel=\"sponsored noopener\" data-gtm-custom-categorie=\"navigation\" data-gtm-custom-action=\"crossclick\" data-gtm-custom-label=\"Contextuel\" data-gtm-event=\"customEventSPE\">The Independent<\/a> , de la premi\u00e8re affaire de l\u2019histoire port\u00e9e par une \u00e9quipe juridique dirig\u00e9e par des personnes trans.<\/p>\n","protected":false},"excerpt":{"rendered":"En avril, la Cour supr\u00eame avait unanimement tranch\u00e9 que les termes sexe et femme dans la loi sur&hellip;\n","protected":false},"author":2,"featured_media":327598,"comment_status":"","ping_status":"","sticky":false,"template":"","format":"standard","meta":{"footnotes":""},"categories":[1588],"tags":[11,1777,674,12,473,1853,10657,1851,1850,1852],"class_list":{"0":"post-327597","1":"post","2":"type-post","3":"status-publish","4":"format-standard","5":"has-post-thumbnail","7":"category-royaume-uni","8":"tag-actualites","9":"tag-eu","10":"tag-europe","11":"tag-news","12":"tag-royaume-uni","13":"tag-royaume-uni-de-grande-bretagne-et-dirlande-du-nord","14":"tag-transgenre","15":"tag-uk","16":"tag-united-kingdom","17":"tag-united-kingdom-of-great-britain-and-northern-ireland"},"share_on_mastodon":{"url":"https:\/\/pubeurope.com\/@fr\/115051128637116643","error":""},"_links":{"self":[{"href":"https:\/\/www.europesays.com\/fr\/wp-json\/wp\/v2\/posts\/327597","targetHints":{"allow":["GET"]}}],"collection":[{"href":"https:\/\/www.europesays.com\/fr\/wp-json\/wp\/v2\/posts"}],"about":[{"href":"https:\/\/www.europesays.com\/fr\/wp-json\/wp\/v2\/types\/post"}],"author":[{"embeddable":true,"href":"https:\/\/www.europesays.com\/fr\/wp-json\/wp\/v2\/users\/2"}],"replies":[{"embeddable":true,"href":"https:\/\/www.europesays.com\/fr\/wp-json\/wp\/v2\/comments?post=327597"}],"version-history":[{"count":0,"href":"https:\/\/www.europesays.com\/fr\/wp-json\/wp\/v2\/posts\/327597\/revisions"}],"wp:featuredmedia":[{"embeddable":true,"href":"https:\/\/www.europesays.com\/fr\/wp-json\/wp\/v2\/media\/327598"}],"wp:attachment":[{"href":"https:\/\/www.europesays.com\/fr\/wp-json\/wp\/v2\/media?parent=327597"}],"wp:term":[{"taxonomy":"category","embeddable":true,"href":"https:\/\/www.europesays.com\/fr\/wp-json\/wp\/v2\/categories?post=327597"},{"taxonomy":"post_tag","embeddable":true,"href":"https:\/\/www.europesays.com\/fr\/wp-json\/wp\/v2\/tags?post=327597"}],"curies":[{"name":"wp","href":"https:\/\/api.w.org\/{rel}","templated":true}]}}