{"id":327599,"date":"2025-08-18T18:14:10","date_gmt":"2025-08-18T18:14:10","guid":{"rendered":"https:\/\/www.europesays.com\/fr\/327599\/"},"modified":"2025-08-18T18:14:10","modified_gmt":"2025-08-18T18:14:10","slug":"des-millions-dutilisateurs-menaces-par-linterdiction-des-bloqueurs-de-publicite-en-allemagne","status":"publish","type":"post","link":"https:\/\/www.europesays.com\/fr\/327599\/","title":{"rendered":"Des millions d&rsquo;utilisateurs menac\u00e9s par l&rsquo;interdiction des bloqueurs de publicit\u00e9 en Allemagne"},"content":{"rendered":"<p class=\"sc-29e2a271-0 jjhUrQ\">En Allemagne, une affaire oppose depuis plus de dix ans l&rsquo;\u00e9diteur Axel Springer \u00e0 Eyeo, cr\u00e9ateur d&rsquo;Adblock Plus. La Cour f\u00e9d\u00e9rale allemande a partiellement annul\u00e9 une d\u00e9cision favorable aux bloqueurs, en demandant au passage un r\u00e9examen approfondi de potentielles violations du droit d&rsquo;auteur. Cette bataille juridique pourrait faire de l&rsquo;Allemagne le deuxi\u00e8me pays apr\u00e8s la Chine \u00e0 interdire ces extensions essentielles.<\/p>\n","protected":false},"excerpt":{"rendered":"En Allemagne, une affaire oppose depuis plus de dix ans l&rsquo;\u00e9diteur Axel Springer \u00e0 Eyeo, cr\u00e9ateur d&rsquo;Adblock Plus.&hellip;\n","protected":false},"author":2,"featured_media":327600,"comment_status":"","ping_status":"","sticky":false,"template":"","format":"standard","meta":{"footnotes":""},"categories":[1587],"tags":[11,672,1804,1805,1803,1777,674,1801,12,1802],"class_list":{"0":"post-327599","1":"post","2":"type-post","3":"status-publish","4":"format-standard","5":"has-post-thumbnail","7":"category-allemagne","8":"tag-actualites","9":"tag-allemagne","10":"tag-bundesrepublik-deutschland","11":"tag-de","12":"tag-deutschland","13":"tag-eu","14":"tag-europe","15":"tag-germany","16":"tag-news","17":"tag-republique-federale-dallemagne"},"share_on_mastodon":{"url":"https:\/\/pubeurope.com\/@fr\/115051132649909409","error":""},"_links":{"self":[{"href":"https:\/\/www.europesays.com\/fr\/wp-json\/wp\/v2\/posts\/327599","targetHints":{"allow":["GET"]}}],"collection":[{"href":"https:\/\/www.europesays.com\/fr\/wp-json\/wp\/v2\/posts"}],"about":[{"href":"https:\/\/www.europesays.com\/fr\/wp-json\/wp\/v2\/types\/post"}],"author":[{"embeddable":true,"href":"https:\/\/www.europesays.com\/fr\/wp-json\/wp\/v2\/users\/2"}],"replies":[{"embeddable":true,"href":"https:\/\/www.europesays.com\/fr\/wp-json\/wp\/v2\/comments?post=327599"}],"version-history":[{"count":0,"href":"https:\/\/www.europesays.com\/fr\/wp-json\/wp\/v2\/posts\/327599\/revisions"}],"wp:featuredmedia":[{"embeddable":true,"href":"https:\/\/www.europesays.com\/fr\/wp-json\/wp\/v2\/media\/327600"}],"wp:attachment":[{"href":"https:\/\/www.europesays.com\/fr\/wp-json\/wp\/v2\/media?parent=327599"}],"wp:term":[{"taxonomy":"category","embeddable":true,"href":"https:\/\/www.europesays.com\/fr\/wp-json\/wp\/v2\/categories?post=327599"},{"taxonomy":"post_tag","embeddable":true,"href":"https:\/\/www.europesays.com\/fr\/wp-json\/wp\/v2\/tags?post=327599"}],"curies":[{"name":"wp","href":"https:\/\/api.w.org\/{rel}","templated":true}]}}