{"id":327603,"date":"2025-08-18T18:16:12","date_gmt":"2025-08-18T18:16:12","guid":{"rendered":"https:\/\/www.europesays.com\/fr\/327603\/"},"modified":"2025-08-18T18:16:12","modified_gmt":"2025-08-18T18:16:12","slug":"lue-appelle-le-sommet-des-dirigeants-durgence-a-suivre-les-pourparlers-de-crunch-trump","status":"publish","type":"post","link":"https:\/\/www.europesays.com\/fr\/327603\/","title":{"rendered":"L&rsquo;UE appelle le sommet des dirigeants d&rsquo;urgence \u00e0 suivre les pourparlers de Crunch Trump"},"content":{"rendered":"<p>Le pr\u00e9sident du Conseil europ\u00e9en, Ant\u00f3nio Costa, a appel\u00e9 mardi une r\u00e9union virtuelle des dirigeants de l\u2019UE pour d\u00e9briefter le sommet de lundi \u00e0 Washington entre le pr\u00e9sident ukrainien Volodymyr Zelenskyy, le pr\u00e9sident am\u00e9ricain Donald Trump et les dirigeants europ\u00e9ens.<\/p>\n<p>\u00ab\u00a0J\u2019ai convoqu\u00e9 une conf\u00e9rence vid\u00e9o des membres du Conseil europ\u00e9en pour demain \u00e0 13h00 CEST, pour un d\u00e9briefing des r\u00e9unions d\u2019aujourd\u2019hui \u00e0 Washington DC sur l\u2019Ukraine\u00a0\u00bb, a \u00e9crit Costa sur les r\u00e9seaux sociaux.<\/p>\n<p>\u00ab\u00a0Avec les \u00c9tats-Unis, l\u2019UE continuera \u00e0 travailler vers une paix durable qui prot\u00e8ge les int\u00e9r\u00eats de s\u00e9curit\u00e9 vitale de l\u2019Ukraine et de l\u2019Europe\u00a0\u00bb, a-t-il ajout\u00e9.<\/p>\n<p>Avec Zelenskyy et Trump, les dirigeants de la France, de l\u2019Italie, du Royaume-Uni, de la Finlande, de l\u2019OTAN et de la Commission europ\u00e9enne assisteront au sommet de la Crunch de lundi \u00e0 la Maison Blanche alors que Washington chasse la fin de la guerre de Russie contre l\u2019Ukraine. <\/p>\n<p>  (Tagstotranslate) Brussels Bubble (T) Guerre en Ukraine (T) Russie (T) Ukraine (T) \u00c9tats-Unis (T) Ant\u00f3nio Costa (T) Donald Trump (T) Ursula von der Leyen (T) Volodymyr Zelenskyyyyy<\/p>\n","protected":false},"excerpt":{"rendered":"Le pr\u00e9sident du Conseil europ\u00e9en, Ant\u00f3nio Costa, a appel\u00e9 mardi une r\u00e9union virtuelle des dirigeants de l\u2019UE pour&hellip;\n","protected":false},"author":2,"featured_media":327604,"comment_status":"","ping_status":"","sticky":false,"template":"","format":"standard","meta":{"footnotes":""},"categories":[1586],"tags":[11,1777,674,1779,1011,27,12,25,1778,364],"class_list":{"0":"post-327603","1":"post","2":"type-post","3":"status-publish","4":"format-standard","5":"has-post-thumbnail","7":"category-europe","8":"tag-actualites","9":"tag-eu","10":"tag-europe","11":"tag-european-union","12":"tag-fr","13":"tag-france","14":"tag-news","15":"tag-republique-francaise","16":"tag-ue","17":"tag-union-europeenne"},"share_on_mastodon":{"url":"https:\/\/pubeurope.com\/@fr\/115051140562814896","error":""},"_links":{"self":[{"href":"https:\/\/www.europesays.com\/fr\/wp-json\/wp\/v2\/posts\/327603","targetHints":{"allow":["GET"]}}],"collection":[{"href":"https:\/\/www.europesays.com\/fr\/wp-json\/wp\/v2\/posts"}],"about":[{"href":"https:\/\/www.europesays.com\/fr\/wp-json\/wp\/v2\/types\/post"}],"author":[{"embeddable":true,"href":"https:\/\/www.europesays.com\/fr\/wp-json\/wp\/v2\/users\/2"}],"replies":[{"embeddable":true,"href":"https:\/\/www.europesays.com\/fr\/wp-json\/wp\/v2\/comments?post=327603"}],"version-history":[{"count":0,"href":"https:\/\/www.europesays.com\/fr\/wp-json\/wp\/v2\/posts\/327603\/revisions"}],"wp:featuredmedia":[{"embeddable":true,"href":"https:\/\/www.europesays.com\/fr\/wp-json\/wp\/v2\/media\/327604"}],"wp:attachment":[{"href":"https:\/\/www.europesays.com\/fr\/wp-json\/wp\/v2\/media?parent=327603"}],"wp:term":[{"taxonomy":"category","embeddable":true,"href":"https:\/\/www.europesays.com\/fr\/wp-json\/wp\/v2\/categories?post=327603"},{"taxonomy":"post_tag","embeddable":true,"href":"https:\/\/www.europesays.com\/fr\/wp-json\/wp\/v2\/tags?post=327603"}],"curies":[{"name":"wp","href":"https:\/\/api.w.org\/{rel}","templated":true}]}}