{"id":327605,"date":"2025-08-18T18:17:15","date_gmt":"2025-08-18T18:17:15","guid":{"rendered":"https:\/\/www.europesays.com\/fr\/327605\/"},"modified":"2025-08-18T18:17:15","modified_gmt":"2025-08-18T18:17:15","slug":"ligue-1-depart-canon-de-la-plateforme-du-foot-francais-avec-plus-de-600-000-abonnes-en-une-semaine","status":"publish","type":"post","link":"https:\/\/www.europesays.com\/fr\/327605\/","title":{"rendered":"Ligue 1+ : d\u00e9part canon de la plateforme du foot fran\u00e7ais avec plus de 600 000 abonn\u00e9s en une semaine"},"content":{"rendered":"<p class=\"paragraph text_align_left lp-f-body-02\">La Ligue de football professionnel (LFP) ne pouvait pas cacher sa satisfaction tr\u00e8s longtemps. Au lendemain de la premi\u00e8re journ\u00e9e de Ligue 1, les chiffres de<a href=\"https:\/\/www.leparisien.fr\/sports\/football\/ligue-1\/ligue-1-la-plateforme-tres-satisfaite-apres-le-succes-des-debuts-de-sa-campagne-dabonnements-13-08-2025-IFVGNKMN6RAB7ELBGOMGCRRFBI.php\" target=\"_blank\" rel=\"noreferrer nofollow noopener\"> leur toute nouvelle plateforme Ligue 1 +<\/a> sont excellents, et ils s\u2019en f\u00e9licitent. Au total, plus de 600 000 amateurs de football fran\u00e7ais se sont d\u00e9j\u00e0 abonn\u00e9s, toutes plateformes confondues. Des chiffres \u00ab extr\u00eamement encourageants \u00bb, selon Nicolas de Tavernost, patron de LFP Media, dans un entretien qu\u2019il nous a accord\u00e9s cet apr\u00e8s-midi.<\/p>\n<p class=\"paragraph text_align_left lp-f-body-02\">Pour rappel, l\u2019objectif de LFP Media, qui a <a href=\"https:\/\/www.leparisien.fr\/sports\/football\/ligue-1\/droits-tv-de-la-ligue-1-la-lfp-opte-pour-une-rupture-du-contrat-avec-dazn-en-fin-de-saison-15-04-2025-LLT2XRWRBBBMLMD4XXCOV37LQM.php\" target=\"_blank\" rel=\"noreferrer nofollow noopener\">stopp\u00e9 pr\u00e9cocement son contrat avec DAZN<\/a> pour diffuser lui-m\u00eame huit des neuf matchs de chaque journ\u00e9e, le dernier \u00e9tant sur BeIN Sports, est d\u2019atteindre le million d\u2019abonn\u00e9s au terme de la saison 2025-2026. Le chiffre grimpe \u00e0 2,2-2,5 millions \u00e0 la fin des quatre saisons pr\u00e9vues. L\u2019an dernier, DAZN n\u2019avait franchi le cap des 500 000 qu\u2019au mois de f\u00e9vrier.<\/p>\n<p class=\"paragraph text_align_left lp-f-body-02\">Le match de <a href=\"https:\/\/www.leparisien.fr\/sports\/football\/ligue-1\/nantes-psg-0-1-les-parisiens-reprennent-leurs-bonnes-habitudes-17-08-2025-LXIC2P6MFRFYBGPB6442PO25OQ.php\" target=\"_blank\" rel=\"noreferrer nofollow noopener\">ce dimanche soir, entre le FC Nantes et le Paris Saint-Germain<\/a>, a notamment \u00e9t\u00e9 un grand succ\u00e8s. 400 000 personnes \u00e9taient inscrites pour cette rencontre, diffus\u00e9e gratuitement pour \u00ab que les t\u00e9l\u00e9spectateurs prennent go\u00fbt au programme \u00bb, comme l\u2019avait d\u00e9clar\u00e9 Nicolas de Tavernost, le pr\u00e9sident de LFP Media. Au moins 200 000 se sont connect\u00e9s en direct, exclusivement sur la plateforme Ligue 1 +.<\/p>\n","protected":false},"excerpt":{"rendered":"La Ligue de football professionnel (LFP) ne pouvait pas cacher sa satisfaction tr\u00e8s longtemps. Au lendemain de la&hellip;\n","protected":false},"author":2,"featured_media":327606,"comment_status":"","ping_status":"","sticky":false,"template":"","format":"standard","meta":{"footnotes":""},"categories":[2],"tags":[11,63,1011,27,66,12,25,60],"class_list":{"0":"post-327605","1":"post","2":"type-post","3":"status-publish","4":"format-standard","5":"has-post-thumbnail","7":"category-actualites","8":"tag-actualites","9":"tag-football","10":"tag-fr","11":"tag-france","12":"tag-ligue-1","13":"tag-news","14":"tag-republique-francaise","15":"tag-sports"},"share_on_mastodon":{"url":"https:\/\/pubeurope.com\/@fr\/115051144476753329","error":""},"_links":{"self":[{"href":"https:\/\/www.europesays.com\/fr\/wp-json\/wp\/v2\/posts\/327605","targetHints":{"allow":["GET"]}}],"collection":[{"href":"https:\/\/www.europesays.com\/fr\/wp-json\/wp\/v2\/posts"}],"about":[{"href":"https:\/\/www.europesays.com\/fr\/wp-json\/wp\/v2\/types\/post"}],"author":[{"embeddable":true,"href":"https:\/\/www.europesays.com\/fr\/wp-json\/wp\/v2\/users\/2"}],"replies":[{"embeddable":true,"href":"https:\/\/www.europesays.com\/fr\/wp-json\/wp\/v2\/comments?post=327605"}],"version-history":[{"count":0,"href":"https:\/\/www.europesays.com\/fr\/wp-json\/wp\/v2\/posts\/327605\/revisions"}],"wp:featuredmedia":[{"embeddable":true,"href":"https:\/\/www.europesays.com\/fr\/wp-json\/wp\/v2\/media\/327606"}],"wp:attachment":[{"href":"https:\/\/www.europesays.com\/fr\/wp-json\/wp\/v2\/media?parent=327605"}],"wp:term":[{"taxonomy":"category","embeddable":true,"href":"https:\/\/www.europesays.com\/fr\/wp-json\/wp\/v2\/categories?post=327605"},{"taxonomy":"post_tag","embeddable":true,"href":"https:\/\/www.europesays.com\/fr\/wp-json\/wp\/v2\/tags?post=327605"}],"curies":[{"name":"wp","href":"https:\/\/api.w.org\/{rel}","templated":true}]}}