{"id":327609,"date":"2025-08-18T18:19:11","date_gmt":"2025-08-18T18:19:11","guid":{"rendered":"https:\/\/www.europesays.com\/fr\/327609\/"},"modified":"2025-08-18T18:19:11","modified_gmt":"2025-08-18T18:19:11","slug":"le-prix-des-fournitures-scolaire-recule-selon-familles-de-france","status":"publish","type":"post","link":"https:\/\/www.europesays.com\/fr\/327609\/","title":{"rendered":"Le prix des fournitures scolaire recule, selon Familles de France"},"content":{"rendered":"<p>Alors que la baisse \u00e9tait la plus marqu\u00e9e l\u2019ann\u00e9e derni\u00e8re pour les articles de papeterie, ce sont cette ann\u00e9e les articles de sport qui enregistre le recul le plus fort (-8,59%).<\/p>\n<p class=\"fig-paragraph\">Bonne nouvelle pour les parents d\u2019\u00e9l\u00e8ves. Le prix des\u00a0<a href=\"http:\/\/www.lefigaro.fr\/conso\/fournitures-scolaires-les-prix-en-baisse-sur-un-an-20250813\" data-fig-type=\"NewsFlash\" data-gtm-custom-categorie=\"navigation\" data-gtm-custom-action=\"crossclick\" data-gtm-custom-label=\"Contextuel\" data-gtm-event=\"customEventSPE\" data-fig-domain=\"LEFIGARO\" target=\"_blank\" rel=\"noopener\">fournitures scolaires<\/a>\u00a0s&rsquo;inscrit en baisse cette ann\u00e9e pour les \u00e9l\u00e8ves qui font leur entr\u00e9e au coll\u00e8ge, a rapport\u00e9 lundi l&rsquo;association\u00a0<a href=\"https:\/\/www.familles-de-france.org\/fr\" target=\"_blank\" rel=\"sponsored noopener\" data-gtm-custom-categorie=\"navigation\" data-gtm-custom-action=\"crossclick\" data-gtm-custom-label=\"Contextuel\" data-gtm-event=\"customEventSPE\">Familles de France<\/a>\u00a0sur la base d&rsquo;un barom\u00e8tre annuel, se f\u00e9licitant d&rsquo;un\u00a0<a href=\"http:\/\/www.lefigaro.fr\/conjoncture\/pourquoi-la-croissance-ralentit-malgre-la-progression-du-pouvoir-d-achat-20250528\" data-fig-type=\"Article\" data-gtm-custom-categorie=\"navigation\" data-gtm-custom-action=\"crossclick\" data-gtm-custom-label=\"Contextuel\" data-gtm-event=\"customEventSPE\" data-fig-domain=\"LEFIGARO\" target=\"_blank\" rel=\"noopener\">contexte \u00e9conomique<\/a>\u00a0\u00abplus stable\u00bb. \u00abEn 2025, le panier moyen s&rsquo;\u00e9l\u00e8ve \u00e0 211,10 euros, contre 223,46 euros en 2024\u00bb, r\u00e9sume Familles de France. \u00abCela repr\u00e9sente une baisse de 12,36 euros, soit -5,53 % par rapport \u00e0 l&rsquo;ann\u00e9e derni\u00e8re.\u00bb<\/p>\n<p class=\"fig-paragraph\">Ce barom\u00e8tre, r\u00e9alis\u00e9 depuis une quarantaine d&rsquo;ann\u00e9es, est r\u00e9alis\u00e9 en \u00e9valuant le co\u00fbt moyen d&rsquo;un panier de fournitures scolaires demand\u00e9es \u00e0 un \u00e9l\u00e8ve entrant en classe de sixi\u00e8me. \u00abPour la premi\u00e8re fois depuis plusieurs ann\u00e9es, l&rsquo;ensemble des circuits de distribution physique enregistrent une baisse des prix\u00bb, pr\u00e9cise l&rsquo;association, constatant un recul dans les hypermarch\u00e9s (-8,09%) et les supermarch\u00e9s (-2,98%) comme dans les magasins sp\u00e9cialis\u00e9s(-4,75%) et en ligne (-3,82%).<\/p>\n<p>                                    <a class=\"fig-a11y-skip a11y-hidden\" href=\"#fig-a11y-skip-main-inarticle\"><br \/>\n        Passer la publicit\u00e9<br \/>\n    <\/a><\/p>\n<p>Comportements d\u2019achat<\/p>\n<p class=\"fig-paragraph\">Alors que la baisse \u00e9tait la plus marqu\u00e9e en 2024 pour les articles de papeterie, ce sont cette ann\u00e9e les articles de sport qui enregistre le recul le plus fort (-8,59%). Mais toutes les cat\u00e9gories s&rsquo;inscrivent en baisse. \u00abCette am\u00e9lioration s&rsquo;explique par un contexte \u00e9conomique plus stable: inflation contenue autour de 1%, baisse des co\u00fbts de l&rsquo;\u00e9nergie et du transport, d\u00e9tente sur les mati\u00e8res premi\u00e8res (papier, plastiques)\u00bb, explique l&rsquo;association. Mais ce d\u00e9clin du montant pay\u00e9 \u00abtraduit \u00e9galement une \u00e9volution des comportements d&rsquo;achat\u00a0: anticipation, comparaison, recherche de promotions et r\u00e9duction du gaspillage\u00bb, poursuit Familles de France.<\/p>\n<p class=\"fig-paragraph\">Ce barom\u00e8tre est publi\u00e9 \u00e0 la veille du versement par les CAF de l&rsquo;allocation de rentr\u00e9e scolaire. Celle-ci, qui profite \u00e0 quelque trois millions de foyers, est destin\u00e9e aux familles les plus modestes dont les enfants vont de 6 \u00e0 18 ans. Elle repr\u00e9sente environ 450 euros avec quelques variations en fonction de l&rsquo;\u00e2ge. Cette allocation \u00abreste une aide indispensable pour accompagner la scolarit\u00e9 de 5 millions d&rsquo;enfants\u00bb, insiste Familles de France.<\/p>\n","protected":false},"excerpt":{"rendered":"Alors que la baisse \u00e9tait la plus marqu\u00e9e l\u2019ann\u00e9e derni\u00e8re pour les articles de papeterie, ce sont cette&hellip;\n","protected":false},"author":2,"featured_media":327610,"comment_status":"","ping_status":"","sticky":false,"template":"","format":"standard","meta":{"footnotes":""},"categories":[4],"tags":[11,1011,27,9345,12,2922,25],"class_list":{"0":"post-327609","1":"post","2":"type-post","3":"status-publish","4":"format-standard","5":"has-post-thumbnail","7":"category-france","8":"tag-actualites","9":"tag-fr","10":"tag-france","11":"tag-inflation","12":"tag-news","13":"tag-pouvoir-dachat","14":"tag-republique-francaise"},"share_on_mastodon":{"url":"https:\/\/pubeurope.com\/@fr\/115051153371469686","error":""},"_links":{"self":[{"href":"https:\/\/www.europesays.com\/fr\/wp-json\/wp\/v2\/posts\/327609","targetHints":{"allow":["GET"]}}],"collection":[{"href":"https:\/\/www.europesays.com\/fr\/wp-json\/wp\/v2\/posts"}],"about":[{"href":"https:\/\/www.europesays.com\/fr\/wp-json\/wp\/v2\/types\/post"}],"author":[{"embeddable":true,"href":"https:\/\/www.europesays.com\/fr\/wp-json\/wp\/v2\/users\/2"}],"replies":[{"embeddable":true,"href":"https:\/\/www.europesays.com\/fr\/wp-json\/wp\/v2\/comments?post=327609"}],"version-history":[{"count":0,"href":"https:\/\/www.europesays.com\/fr\/wp-json\/wp\/v2\/posts\/327609\/revisions"}],"wp:featuredmedia":[{"embeddable":true,"href":"https:\/\/www.europesays.com\/fr\/wp-json\/wp\/v2\/media\/327610"}],"wp:attachment":[{"href":"https:\/\/www.europesays.com\/fr\/wp-json\/wp\/v2\/media?parent=327609"}],"wp:term":[{"taxonomy":"category","embeddable":true,"href":"https:\/\/www.europesays.com\/fr\/wp-json\/wp\/v2\/categories?post=327609"},{"taxonomy":"post_tag","embeddable":true,"href":"https:\/\/www.europesays.com\/fr\/wp-json\/wp\/v2\/tags?post=327609"}],"curies":[{"name":"wp","href":"https:\/\/api.w.org\/{rel}","templated":true}]}}