{"id":327611,"date":"2025-08-18T18:20:30","date_gmt":"2025-08-18T18:20:30","guid":{"rendered":"https:\/\/www.europesays.com\/fr\/327611\/"},"modified":"2025-08-18T18:20:30","modified_gmt":"2025-08-18T18:20:30","slug":"adrien-dumont-de-chassart-se-rapproche-du-pga-tour","status":"publish","type":"post","link":"https:\/\/www.europesays.com\/fr\/327611\/","title":{"rendered":"Adrien Dumont de Chassart se rapproche du PGA Tour"},"content":{"rendered":"<p>\t\t\t\t\t\t<img width=\"770\" height=\"556\" src=\"https:\/\/www.europesays.com\/fr\/wp-content\/uploads\/2025\/08\/afp__20250816__2229749420__v1__highres__albertsonsboiseopenpresentedbychevron2025rou-770x556.jpg\" class=\"img-responsive wp-post-image\" alt=\"\" decoding=\"async\" fetchpriority=\"high\"  \/>\t\t\t\t\t<\/p>\n<p>\t\t\t\t\t\t Partager cet article <\/p>\n<p class=\"screen-reader-text juiz_sps_maybe_hidden_text\">Partager la publication \u00ab\u00a0Adrien Dumont de Chassart se rapproche du PGA Tour\u00a0\u00bb<\/p>\n<ul class=\"juiz_sps_links_list\">\n<li class=\"juiz_sps_item juiz_sps_link_facebook\"><a href=\"https:\/\/www.facebook.com\/sharer.php?u=https%3A%2F%2Fwww.golfplanete.com%2Factualites%2Fadrien-dumont-de-chassart-se-rapproche-du-pga-tour%2F\" rel=\"nofollow noopener\" title=\"Partager cet article sur Facebook\" class=\"juiz_sps_button\" data-nobs-key=\"facebook\" target=\"_blank\">Facebook<\/a><\/li>\n<li class=\"juiz_sps_item juiz_sps_link_twitter\"><a href=\"https:\/\/twitter.com\/intent\/tweet?source=webclient&amp;original_referer=https%3A%2F%2Fwww.golfplanete.com%2Factualites%2Fadrien-dumont-de-chassart-se-rapproche-du-pga-tour%2F&amp;text=Adrien%20Dumont%20de%20Chassart%20se%20rapproche%20du%20PGA%20Tour&amp;url=https%3A%2F%2Fwww.golfplanete.com%2Factualites%2Fadrien-dumont-de-chassart-se-rapproche-du-pga-tour%2F&amp;related=golfplanete&amp;via=golfplanete\" rel=\"nofollow noopener\" title=\"Partager cet article sur X\" class=\"juiz_sps_button\" data-nobs-key=\"twitter\" target=\"_blank\">X<\/a><\/li>\n<li class=\"juiz_sps_item juiz_sps_link_linkedin\"><a href=\"https:\/\/www.linkedin.com\/sharing\/share-offsite\/?url=https%3A%2F%2Fwww.golfplanete.com%2Factualites%2Fadrien-dumont-de-chassart-se-rapproche-du-pga-tour%2F\" rel=\"nofollow noopener\" title=\"Partager cet article sur LinkedIn\" class=\"juiz_sps_button\" data-nobs-key=\"linkedin\" target=\"_blank\">LinkedIn<\/a><\/li>\n<li class=\"juiz_sps_item juiz_sps_link_mail\"><a href=\"mailto:?subject=Un%20bon%20article%20\u00e0%20lire%20sur%20https:\/\/www.golfplanete.com&amp;body=Bonjour,%20J'ai%20trouv\u00e9%20cette%20information%20pour%20toi\u00a0:%20Adrien%20Dumont%20de%20Chassart%20se%20rapproche%20du%20PGA%20Tour\u00a0!%20Voici%20le%20lien%20direct\u00a0:%20https:\/\/www.golfplanete.com\/actualites\/adrien-dumont-de-chassart-se-rapproche-du-pga-tour\/%20Tr\u00e8s%20bonne%20journ\u00e9e%20:)\" rel=\"nofollow\" title=\"Partager cette publication avec un ami (e-mail)\" class=\"juiz_sps_button\" data-nobs-key=\"mail\">E-mail<\/a><\/li>\n<\/ul>\n<p><strong>Troisi\u00e8me du Boise Open, le Belge Adrien Dumont de Chassart est maintenant aux portes du top 20 du g\u00e9n\u00e9ral \u00e0 l\u2019aube des Playoffs. J\u00e9r\u00e9my Gandon a fini loin apr\u00e8s un dimanche en dents de scie.<\/strong><\/p>\n<p>\t\t\t\t\t<a id=\"181417\" href=\"https:\/\/cabotbordeaux.com\/fr\/booking\/training-golf\" target=\"_blank\" rel=\"sponsorised nofollow noopener\"><img decoding=\"async\" src=\"data:image\/svg+xml,%3Csvg%20xmlns=\" http:=\"\" class=\"img-responsive\" alt=\"\" data-lazy-src=\"https:\/\/www.europesays.com\/fr\/wp-content\/uploads\/2025\/08\/cabot-e04-stage-septembre-1170x275-1.gif\"\/><\/a><\/p>\n<p><strong>Emilio Gonzalez<\/strong> a fait le coup parfait ce dimanche. Dans un haut de classement tr\u00e8s serr\u00e9 et sur un parcours propice aux birdies, le Mexicain a sign\u00e9 un somptueux 61 (-10) pour remporter son tout premier tournoi sur le <strong>Korn Ferry Tour<\/strong> et s\u2019assurer une place sur le <strong>PGA Tour<\/strong> l\u2019an prochain.<\/p>\n<p><a href=\"https:\/\/www.pgatour.com\/korn-ferry-tour\/tournaments\/2025\/albertsons-boise-open-presented-by-chevron\/H2025027\/leaderboard\" target=\"_blank\" rel=\"noopener nofollow\">Retrouvez le classement complet\u00a0<\/a><\/p>\n<p>Il a parfaitement lanc\u00e9 sa journ\u00e9e par un coup de fer rentr\u00e9 d\u00e8s le 1 avant d\u2019enregistrer un autre eagle, sept birdies et un bogey sur la suite. L\u2019Am\u00e9ricain <strong>Jeffrey Kang<\/strong> a \u00e9chou\u00e9 \u00e0 une longueur.<\/p>\n<p>\t\t\t\t\t<a id=\"181972\" href=\"https:\/\/www.azurgolftravel.com\/proamdepalsoct25\" target=\"_blank\" rel=\"sponsorised nofollow noopener\"><img decoding=\"async\" src=\"data:image\/svg+xml,%3Csvg%20xmlns=\" http:=\"\" class=\"img-responsive\" alt=\"\" data-lazy-src=\"https:\/\/www.europesays.com\/fr\/wp-content\/uploads\/2025\/08\/azurgolftravel-e01-proam-catalogne-1170x275-1.jpeg\"\/><\/a><\/p>\n<blockquote class=\"twitter-tweet\">\n<p dir=\"ltr\" lang=\"en\">Mexico\u2019s Emilio Gonzalez is a first-time <a href=\"https:\/\/twitter.com\/hashtag\/KornFerryTour?src=hash&amp;ref_src=twsrc%5Etfw\" rel=\"nofollow noopener\" target=\"_blank\">#KornFerryTour<\/a> winner <a href=\"https:\/\/twitter.com\/BoiseOpen?ref_src=twsrc%5Etfw\" rel=\"nofollow noopener\" target=\"_blank\">@BoiseOpen<\/a>! \ud83c\udfc6 <a href=\"https:\/\/t.co\/I2lMffgoec\" rel=\"nofollow\">pic.twitter.com\/I2lMffgoec<\/a><\/p>\n<p>\u2014 Korn Ferry Tour (@KornFerryTour) <a href=\"https:\/\/twitter.com\/KornFerryTour\/status\/1957213664118964381?ref_src=twsrc%5Etfw\" rel=\"nofollow noopener\" target=\"_blank\">August 17, 2025<\/a><\/p>\n<\/blockquote>\n<p>\t\t\t\t\t<a id=\"181426\" href=\"https:\/\/leclub-golf.com\/fr\/green-fees?online=1&amp;utm_source=golf+planete&amp;utm_medium=referral&amp;utm_campaign=green+fee+en+ligne&amp;utm_id=green+fee+en+ligne_golf+planete_referral_banner\" target=\"_blank\" rel=\"sponsorised nofollow noopener\"><img decoding=\"async\" src=\"data:image\/svg+xml,%3Csvg%20xmlns=\" http:=\"\" class=\"img-responsive\" alt=\"\" data-lazy-src=\"https:\/\/www.europesays.com\/fr\/wp-content\/uploads\/2025\/08\/leclubgolf-e09-effet-classique-1170x275png.png\"\/><\/a><\/p>\n<p><strong>Adrien Dumont de Chassart<\/strong> est \u00e9galement pass\u00e9 tout pr\u00e8s de la victoire dans ce dernier tour. Co-leader apr\u00e8s 54 trous, celui qui avait remport\u00e9 en 2023 une \u00e9preuve sur ce circuit d\u00e8s sa premi\u00e8re apparition professionnelle a finalement termin\u00e9 \u00e0 deux coups apr\u00e8s son 66 (-5) du jour. Son double sur le par 3 du 8 lui a co\u00fbt\u00e9 cher.<\/p>\n<p>\t\t\t\t\t<a id=\"174987\" href=\"https:\/\/www.sudfrancegolf.com\/fr\/\" target=\"_blank\" rel=\"sponsorised nofollow noopener\"><img decoding=\"async\" src=\"data:image\/svg+xml,%3Csvg%20xmlns=\" http:=\"\" class=\"img-responsive\" alt=\"\" data-lazy-src=\"https:\/\/www.europesays.com\/fr\/wp-content\/uploads\/2025\/06\/giesudfrancegolf-e02-egolf-pass-2025-v2-1170x275-1.gif\"\/><\/a><br \/>\nJ\u00e9r\u00e9my Gandon cale<\/p>\n<p>\u00c0 quatre unit\u00e9s des leaders avant le dernier tour, <strong>J\u00e9r\u00e9my Gandon<\/strong> pouvait marquer de gros points ce dimanche. Le Tricolore a finalement termin\u00e9 en deuxi\u00e8me partie de classement (46e) apr\u00e8s un dernier tour dans le par. Il a altern\u00e9 six bogeys et autant de birdies.<\/p>\n<p>Les membres de la deuxi\u00e8me division am\u00e9ricaine b\u00e9n\u00e9ficient maintenant de deux semaines de pause avant d\u2019attaquer les trois tournois des Playoffs. <strong>J\u00e9r\u00e9my Gandon <\/strong>et<strong> Adrien Dumont de Chassart<\/strong>, respectivement 19e et 21e de l\u2019ordre du m\u00e9rite, y joueront leur place dans le top 20 du g\u00e9n\u00e9ral, synonyme de mont\u00e9e sur le <strong>PGA Tour<\/strong>.<\/p>\n<p>\t\t\t\t\t<a id=\"179385\" href=\"https:\/\/tickets.europeantour.com\/eut\/#\/c6906933-bb43-434b-a22d-0ae172a572d4\/shop\/custom-pack?fac=EUT&amp;locale=fr&amp;skin=pgaetodf&amp;utm_campaign=ODF&amp;utm_content=Ticketing&amp;utm_medium=Web&amp;utm_source=Partner&amp;utm_term=PavonGolfPlanete\" target=\"_blank\" rel=\"sponsorised nofollow noopener\"><img decoding=\"async\" src=\"data:image\/svg+xml,%3Csvg%20xmlns=\" http:=\"\" class=\"img-responsive\" alt=\"\" data-lazy-src=\"https:\/\/www.europesays.com\/fr\/wp-content\/uploads\/2025\/07\/opendefrance-e03-plateau-1407-1170x275-1.jpg\"\/><\/a><br \/>\nLe leaderboard<\/p>\n<p><img loading=\"lazy\" decoding=\"async\" class=\"alignnone size-full wp-image-182606\" src=\"data:image\/svg+xml,%3Csvg%20xmlns=\" http:=\"\" alt=\"\" width=\"874\" height=\"274\" data-lazy- data-lazy- data-lazy-src=\"https:\/\/www.europesays.com\/fr\/wp-content\/uploads\/2025\/08\/capture-decran-2025-08-18-a-01.10.08.png\"\/><\/p>\n<p>\t\t\t\t<img loading=\"lazy\" decoding=\"async\" src=\"data:image\/svg+xml,%3Csvg%20xmlns=\" http:=\"\" attributionsrc=\"\" border=\"0\" height=\"1\" width=\"1\" alt=\"Advertisement\" data-lazy-src=\"https:\/\/www.europesays.com\/fr\/wp-content\/uploads\/2025\/05\/B33047934.421787844;dc_trk_aid=614154864;dc_trk_cid=235296214;ord=[timestamp];dc_lat=;dc_rdid=;tag_f.gif\"\/><\/p>\n<p>\t\t\t\t\t<a id=\"173261\" href=\"https:\/\/ad.doubleclick.net\/ddm\/trackclk\/N1153799.3770024GOLFPLANATE\/B33047934.421787844;dc_trk_aid=614154864;dc_trk_cid=235296214;dc_lat=;dc_rdid=;tag_for_child_directed_treatment=;tfua=;gdpr=${GDPR};gdpr_consent=${GDPR_CONSENT_755};ltd=;dc_tdv=1\" target=\"_blank\" rel=\"sponsorised nofollow noopener\"><img decoding=\"async\" src=\"data:image\/svg+xml,%3Csvg%20xmlns=\" http:=\"\" class=\"img-responsive\" alt=\"\" data-lazy-src=\"https:\/\/www.europesays.com\/fr\/wp-content\/uploads\/2025\/05\/callaway-e03-aione-square2square-1170x275-1.jpg\"\/><\/a><\/p>\n<p>\u00a9ALEX GOODLETT \/ GETTY IMAGES NORTH AMERICA \/ Getty Images via AFP<\/p>\n<p>\t\t\t\t\t\t\t<strong>&gt; Lire aussi : <\/strong><br \/>\n\t\t\t\t\t\t\t\t\t\t\t\t\t\t\t\t\t<a href=\"https:\/\/www.golfplanete.com\/actualites\/marco-penge-plus-fort-que-rasmus-hojgaard-simpose-au-danemark-et-peut-rever-de-ryder-cup\/\" rel=\"nofollow noopener\" target=\"_blank\">Marco Penge, plus fort que Rasmus H\u00f8jgaard, l\u2019emporte au Danemark et peut r\u00eaver de Ryder Cup<\/a><br \/>\n\t\t\t\t\t\t\t\t\t\t\t\t\t\t\t\t\t<a href=\"https:\/\/www.golfplanete.com\/actualites\/victor-perez-mise-tout-ou-presque-sur-les-falls-series\/\" rel=\"nofollow noopener\" target=\"_blank\">Victor Perez mise tout (ou presque) sur les Falls Series<\/a><br \/>\n\t\t\t\t\t\t\t\t\t\t\t\t\t\t\t\t\t<a href=\"https:\/\/www.golfplanete.com\/actualites\/david-law-simpose-devant-des-bleus-tres-actifs\/\" rel=\"nofollow noopener\" target=\"_blank\">David Law s\u2019impose devant des Bleus tr\u00e8s actifs<\/a> \t\t\t\t\t\t\t<\/p>\n<p>\t\t\t<script async src=\"https:\/\/platform.twitter.com\/widgets.js\" charset=\"utf-8\"><\/script><\/p>\n","protected":false},"excerpt":{"rendered":"Partager cet article Partager la publication \u00ab\u00a0Adrien Dumont de Chassart se rapproche du PGA Tour\u00a0\u00bb Facebook X LinkedIn&hellip;\n","protected":false},"author":2,"featured_media":327612,"comment_status":"","ping_status":"","sticky":false,"template":"","format":"standard","meta":{"footnotes":""},"categories":[1418],"tags":[1011,27,1472,60],"class_list":{"0":"post-327611","1":"post","2":"type-post","3":"status-publish","4":"format-standard","5":"has-post-thumbnail","7":"category-golf","8":"tag-fr","9":"tag-france","10":"tag-golf","11":"tag-sports"},"share_on_mastodon":{"url":"https:\/\/pubeurope.com\/@fr\/115051156162006271","error":""},"_links":{"self":[{"href":"https:\/\/www.europesays.com\/fr\/wp-json\/wp\/v2\/posts\/327611","targetHints":{"allow":["GET"]}}],"collection":[{"href":"https:\/\/www.europesays.com\/fr\/wp-json\/wp\/v2\/posts"}],"about":[{"href":"https:\/\/www.europesays.com\/fr\/wp-json\/wp\/v2\/types\/post"}],"author":[{"embeddable":true,"href":"https:\/\/www.europesays.com\/fr\/wp-json\/wp\/v2\/users\/2"}],"replies":[{"embeddable":true,"href":"https:\/\/www.europesays.com\/fr\/wp-json\/wp\/v2\/comments?post=327611"}],"version-history":[{"count":0,"href":"https:\/\/www.europesays.com\/fr\/wp-json\/wp\/v2\/posts\/327611\/revisions"}],"wp:featuredmedia":[{"embeddable":true,"href":"https:\/\/www.europesays.com\/fr\/wp-json\/wp\/v2\/media\/327612"}],"wp:attachment":[{"href":"https:\/\/www.europesays.com\/fr\/wp-json\/wp\/v2\/media?parent=327611"}],"wp:term":[{"taxonomy":"category","embeddable":true,"href":"https:\/\/www.europesays.com\/fr\/wp-json\/wp\/v2\/categories?post=327611"},{"taxonomy":"post_tag","embeddable":true,"href":"https:\/\/www.europesays.com\/fr\/wp-json\/wp\/v2\/tags?post=327611"}],"curies":[{"name":"wp","href":"https:\/\/api.w.org\/{rel}","templated":true}]}}