{"id":327613,"date":"2025-08-18T18:22:09","date_gmt":"2025-08-18T18:22:09","guid":{"rendered":"https:\/\/www.europesays.com\/fr\/327613\/"},"modified":"2025-08-18T18:22:09","modified_gmt":"2025-08-18T18:22:09","slug":"flament-gailleton-brennan-ces-joueurs-du-xv-de-france-bientot-libres","status":"publish","type":"post","link":"https:\/\/www.europesays.com\/fr\/327613\/","title":{"rendered":"Flament, Gailleton, Brennan&#8230; ces joueurs du XV de France bient\u00f4t libres"},"content":{"rendered":"<p>            Par<br \/>\n        <strong><br \/>\n            <a href=\"https:\/\/actu.fr\/auteur\/clement-mazella\" title=\"Consulter tous les articles de Cl\u00e9ment Mazella\" target=\"_blank\" rel=\"noopener\">Cl\u00e9ment Mazella<\/a><br \/>\n        <\/strong><\/p>\n<p>        Publi\u00e9 le<\/p>\n<p>            18 ao\u00fbt 2025 \u00e0 19h04        <\/p>\n<p>La <strong>saison 2025-2026<\/strong> n\u2019est pas encore officiellement lanc\u00e9e. Les clubs de <a href=\"https:\/\/actu.fr\/rugby\/top-14\" target=\"_blank\" rel=\"noopener\">Top 14<\/a>, eux, vont quand m\u00eame retrouver les terrains, avec <a href=\"https:\/\/actu.fr\/sports\/rugby\/top-14\/rentree-des-champions-derbys-bouillants-le-programme-chaud-des-matchs-amicaux-cette-semaine_63047823.html\" target=\"_blank\" rel=\"noopener\">bon nombre de matchs amicaux pr\u00e9vus ce week-end<\/a>. En parall\u00e8le de cela, les \u00e9curies de l\u2019\u00c9lite s\u2019activent d\u00e9j\u00e0 autour de leurs joueurs majeurs <strong>en fin de contrat en juin 2026<\/strong>. Parmi les \u00e9l\u00e9ments du <a href=\"https:\/\/actu.fr\/rugby\/xv-de-france\" target=\"_blank\" rel=\"noopener\">XV de France<\/a>, certains sont disponibles, et font d\u00e9j\u00e0 l\u2019objet d\u2019une grosse lutte. Tour d\u2019horizon.<\/p>\n<p>Flament et Gailleton en fin de contrat en 2026<\/p>\n<p class=\" wall-content\">Le plus gros poisson de la liste, c\u2019est sans contestation possible <a href=\"https:\/\/actu.fr\/tag\/thibaud-flament\" target=\"_blank\" rel=\"noopener\">Thibaud Flament<\/a>. Le deuxi\u00e8me ligne du XV de France (28 ans ; 32 s\u00e9lections), homme de base de Fabien Galthi\u00e9, mais aussi d\u2019Ugo Mola \u00e0 Toulouse, arrive \u00e0 la fin de son bail dans la Ville rose. D\u00e9barqu\u00e9 en 2020, Flament devrait bel et bien rester \u00e0 Toulouse : des discussions ont d\u00e9j\u00e0 lieu avec la direction du club au sujet d\u2019une prolongation, comme annonc\u00e9 par <a href=\"https:\/\/www.rugbyrama.fr\/2025\/07\/27\/transfertstop-14-toulouse-thibaud-flament-et-juan-cruz-mallia-affaires-en-cours-12847261.php\" target=\"_blank\" rel=\"noopener\">Midi Olympique<\/a>.<\/p>\n<p class=\" wall-content\">Toulouse a d\u2019autres dossiers chauds \u00e0 g\u00e9rer. Notamment ceux menant aux n\u00e9o-cap\u00e9s <strong>Joshua Brennan<\/strong> et <strong>Paul Mallez<\/strong>, sans oublier l\u2019ailier <strong>Matthis Lebel<\/strong> (6 s\u00e9lections). Le pilier droit <strong>Dorian Aldegheri<\/strong> (32 ans ; 21 s\u00e9lections) dispose d\u2019une ann\u00e9e optionnelle et celle-ci pourrait bien \u00eatre activ\u00e9e prochainement.<\/p>\n<p class=\" wall-content\">Du c\u00f4t\u00e9 de Bordeaux-B\u00e8gles, champion d\u2019Europe en titre, il y a moins le feu. Le pilier <strong>Sipili Falatea<\/strong> (28 ans ; 14 s\u00e9lections) et l\u2019arri\u00e8re <strong>Romain Buros<\/strong> (28 ans ; 1 s\u00e9lection) sont les deux dossiers \u00e0 suivre. Une UBB \u2013 tout comme Toulon \u2013 qui serait \u00e9galement attentive au cas du demi de m\u00eal\u00e9e de Clermont Baptiste Jauneau (21 ans ; 2 s\u00e9lections), l\u2019un des gros coups \u00e0 r\u00e9aliser l\u2019\u00e9t\u00e9 prochain.<\/p>\n<p class=\" wall-content\">Enfin, comment ne pas \u00e9voquer le centre de Pau <strong>Emilien Gailleton<\/strong> (22 ans ; 10 s\u00e9lections). Le gar\u00e7on est talentueux, et la Section Paloise va devoir se montrer tr\u00e8s convaincante si elle veut conserver sa p\u00e9pite. D\u2019autant plus que des cadors \u2013 La Rochelle, Toulon et Toulouse \u2013 le lorgneraient de pr\u00e8s afin de l\u2019attirer dans leurs filets.<\/p>\n<p>Serin sur le march\u00e9 ?<\/p>\n<p class=\" wall-content\">\u00c0 32 ans l\u2019\u00e9t\u00e9 prochain, le demi de m\u00eal\u00e9e de Toulon <strong>Baptiste Serin<\/strong> (46 s\u00e9lections) devra faire un choix. Il a une ann\u00e9e en option dans son contrat, mais le Girondin d\u2019origine pourrait bouger de la rade. Montpellier aurait entam\u00e9 des discussions, avant de laisser tomber. Mais d\u2019autres clubs seraient \u00e0 l\u2019aff\u00fbt pour cet \u00e9l\u00e9ment d\u2019exp\u00e9rience.<\/p>\n<p>Votre r\u00e9gion, votre actu !<\/p>\n<p>Recevez chaque jour les infos qui comptent pour vous.<\/p>\n<p>\t<a href=\"https:\/\/actu.fr\/newsletter\" class=\"ac-btn ac-btn--corner ac-btn--medium ac-btn--blue800\" target=\"_blank\" rel=\"noopener\">S&rsquo;incrire<\/a><\/p>\n<p class=\" wall-content\">Parmi les jeunes cap\u00e9s r\u00e9cemment au sein du XV de France, l\u2019ailier de Bayonne <strong>Tom Spring<\/strong> et le 3e ligne de l\u2019UBB <strong>Bastien Vergnes-Taillefer<\/strong> ont des contrats qui arrivent \u00e0 leur terme.<\/p>\n<p class=\" wall-content\">Parmi les autres internationaux libres en juin 2026, citons p\u00eale-m\u00eale les deuxi\u00e8me ligne du Stade Fran\u00e7ais Paul Gabrillagues (32 ans ; 18 s\u00e9lections) et Baptiste Pesenti (28 ans; 6 s\u00e9lections), des piliers de Montpellier Mohamed Haouas (31 ans ; 16 s\u00e9lections) et Enzo Forletta (31 ans ; 2 s\u00e9lections), du troisi\u00e8me ligne rochelais Judica\u00ebl Cancoriet (29 ans ; 5 s\u00e9lections), du deuxi\u00e8me ligne de Lyon Killian Geraci (4 s\u00e9lections), l\u2019arri\u00e8re du Racing 92 Max Spring (1 s\u00e9lection) ou encore du Palois Thibaud Daubagna (2 s\u00e9lections).<\/p>\n<p class=\" wall-content\">Personnalisez votre actualit\u00e9 en ajoutant vos villes et m\u00e9dias en favori avec <a href=\"https:\/\/moncompte.actu.fr\" title=\"D\u00e9couvez Mon Actu\" rel=\"nofollow noopener\" data-trk=\"{&quot;cta&quot;:{&quot;action&quot;:&quot;https:\\\/\\\/moncompte.actu.fr&quot;,&quot;category&quot;:&quot;mon compte&quot;,&quot;from&quot;:&quot;article footer&quot;,&quot;name&quot;:&quot;Mon actu&quot;,&quot;type&quot;:&quot;cta&quot;}}\" target=\"_blank\">Mon Actu<\/a>.<\/p>\n","protected":false},"excerpt":{"rendered":"Par Cl\u00e9ment Mazella Publi\u00e9 le 18 ao\u00fbt 2025 \u00e0 19h04 La saison 2025-2026 n\u2019est pas encore officiellement lanc\u00e9e.&hellip;\n","protected":false},"author":2,"featured_media":327614,"comment_status":"","ping_status":"","sticky":false,"template":"","format":"standard","meta":{"footnotes":""},"categories":[1416],"tags":[1011,27,479,1468,60,26631,477,513],"class_list":{"0":"post-327613","1":"post","2":"type-post","3":"status-publish","4":"format-standard","5":"has-post-thumbnail","7":"category-rugby","8":"tag-fr","9":"tag-france","10":"tag-rugby","11":"tag-rugby-football","12":"tag-sports","13":"tag-thibaud-flament","14":"tag-transferts-rugby","15":"tag-xv-de-france"},"share_on_mastodon":{"url":"https:\/\/pubeurope.com\/@fr\/115051164088453211","error":""},"_links":{"self":[{"href":"https:\/\/www.europesays.com\/fr\/wp-json\/wp\/v2\/posts\/327613","targetHints":{"allow":["GET"]}}],"collection":[{"href":"https:\/\/www.europesays.com\/fr\/wp-json\/wp\/v2\/posts"}],"about":[{"href":"https:\/\/www.europesays.com\/fr\/wp-json\/wp\/v2\/types\/post"}],"author":[{"embeddable":true,"href":"https:\/\/www.europesays.com\/fr\/wp-json\/wp\/v2\/users\/2"}],"replies":[{"embeddable":true,"href":"https:\/\/www.europesays.com\/fr\/wp-json\/wp\/v2\/comments?post=327613"}],"version-history":[{"count":0,"href":"https:\/\/www.europesays.com\/fr\/wp-json\/wp\/v2\/posts\/327613\/revisions"}],"wp:featuredmedia":[{"embeddable":true,"href":"https:\/\/www.europesays.com\/fr\/wp-json\/wp\/v2\/media\/327614"}],"wp:attachment":[{"href":"https:\/\/www.europesays.com\/fr\/wp-json\/wp\/v2\/media?parent=327613"}],"wp:term":[{"taxonomy":"category","embeddable":true,"href":"https:\/\/www.europesays.com\/fr\/wp-json\/wp\/v2\/categories?post=327613"},{"taxonomy":"post_tag","embeddable":true,"href":"https:\/\/www.europesays.com\/fr\/wp-json\/wp\/v2\/tags?post=327613"}],"curies":[{"name":"wp","href":"https:\/\/api.w.org\/{rel}","templated":true}]}}