{"id":327616,"date":"2025-08-18T18:25:12","date_gmt":"2025-08-18T18:25:12","guid":{"rendered":"https:\/\/www.europesays.com\/fr\/327616\/"},"modified":"2025-08-18T18:25:12","modified_gmt":"2025-08-18T18:25:12","slug":"motogp-la-technique-insolite-pour-consommer-moins-dessence","status":"publish","type":"post","link":"https:\/\/www.europesays.com\/fr\/327616\/","title":{"rendered":"MotoGP: la technique insolite pour consommer moins d\u2019essence"},"content":{"rendered":"<p>\t\t\t<strong class=\"post-excerpt\"><\/p>\n<p itemprop=\"description\">Une technique insolite a \u00e9t\u00e9 aper\u00e7ue ce dimanche, juste avant le d\u00e9part du Grand Prix d\u2019Autriche, sur le Red Bull Ring. Une technique qui fait sens, si l\u2019on veut pr\u00e9server son essence&#8230;<\/p>\n<p><\/strong>\t\t <\/p>\n<p>Technique test\u00e9e et approuv\u00e9e. Peu avant 14 heures, <strong>ce dimanche<\/strong>, <a href=\"https:\/\/www.sportauto.fr\/actu\/motogp-quattendre-de-la-seconde-moitie-de-saison-436491.html\" target=\"_blank\" rel=\"noopener\">les pilotes MotoGP <\/a>r\u00e9alisent leur <strong>tour de mise en grille<\/strong> pour se positionner <strong>avant le d\u00e9part<\/strong>. Alors que ces derniers arrivent <strong>dans la derni\u00e8re partie du circuit<\/strong>, certains sont alors aper\u00e7us en train de se <strong>replier<\/strong> sur leur moto, la <strong>coupant<\/strong> m\u00eame avant de rallier la grille. Mais alors <strong>pourquoi<\/strong>, et dans <strong>quel but<\/strong>?<\/p>\n<p>   \t\t\t Pourquoi une telle technique? <\/p>\n<p>La r\u00e9ponse est finalement <strong>simple<\/strong>. Les pilotes se <strong>regroupent derri\u00e8re leur car\u00e9nage<\/strong>, se faisant le plus petit possible, afin de <strong>limiter la prise au vent<\/strong>. Puis, <strong>machine \u00e9teinte<\/strong>, ils abordent <strong>l\u2019avant-dernier virage<\/strong>, derni\u00e8re partie du circuit <strong>en descente<\/strong> ici, au <strong>Red Bull Ring<\/strong>, afin d\u2019arriver sur la grille <strong>en roue libre<\/strong>. Tout cela pour <strong>consommer le moins d\u2019essence possible<\/strong>. Parce que, en effet, une fois les motos <strong>positionn\u00e9es sur la grille<\/strong>, les \u00e9quipes n\u2019ont <strong>plus le droit<\/strong> de ravitailler les deux roues avant la course. Alors, on <strong>\u00e9conomise<\/strong> autant que possible pour <strong>conserver<\/strong> un maximum d\u2019essence.<\/p>\n<p> Des pannes r\u00e9currentes <\/p>\n<p>Nous avons d\u00e9j\u00e0 aper\u00e7u cette saison, <strong>\u00e0 plusieurs reprises<\/strong>, des pilotes rejoindre les stands <strong>\u00e0 pied<\/strong>, <strong>poussant<\/strong> leur moto ou <strong>aid\u00e9s<\/strong> par d\u2019autres pilotes apr\u00e8s \u00eatre tomb\u00e9s en panne sur la piste. Si nous avons plut\u00f4t <strong>l\u2019habitude<\/strong> de voir <a href=\"https:\/\/www.sportauto.fr\/motogp\/quartararo-pedale-dans-le-vide-au-gp-dautriche-437090.html\" target=\"_blank\" rel=\"noopener\"><strong>Fabio Quartararo<\/strong><\/a> et sa <strong>Yamaha<\/strong> dans cette position, ce week-end, c\u2019est bel et bien <strong>Marc Marquez<\/strong> qui en a fait les frais. En effet, \u00e0 la <strong>fin des essais<\/strong> vendredi, le <strong>leader du championnat<\/strong> est descendu de sa <strong>Ducati<\/strong> et a commenc\u00e9 \u00e0 la <strong>pousser<\/strong> avant de faire <strong>appel \u00e0 des commissaires de piste<\/strong>.<\/p>\n<blockquote class=\"instagram-media \" style=\"background: #ffffff;border: 0;margin: 1px;width: 100%;padding: 0;max-width: 500px;\" data-instgrm-permalink=\"https:\/\/www.instagram.com\/reel\/DNYh26AIbpo\/?igsh=MXZ2NGJ1bDZtdHZ2ZQ==\" data-instgrm-version=\"14\"\/>\n<p>Pour <strong>\u00e9viter<\/strong> ce genre de situation, qui plus est <strong>lors de la course<\/strong>, on comprend en effet cette technique<strong> plut\u00f4t insolite<\/strong>. Peut-\u00eatre reverrons-nous ce genre <strong>d\u2019incidents<\/strong> ou de <strong>nouvelles techniques<\/strong> lors du prochain <a href=\"https:\/\/www.motogp.com\/en\/calendar\/2025\/event\/hungria\/f0e38eef-2681-4d6f-962e-966459a7a03c\" target=\"_blank\" rel=\"noopener\"><strong>Grand Prix en Hongrie<\/strong>, dans une semaine<\/a>.<\/p>\n<p>                <script async src=\"\/\/www.instagram.com\/embed.js\"><\/script><\/p>\n","protected":false},"excerpt":{"rendered":"Une technique insolite a \u00e9t\u00e9 aper\u00e7ue ce dimanche, juste avant le d\u00e9part du Grand Prix d\u2019Autriche, sur le&hellip;\n","protected":false},"author":2,"featured_media":327617,"comment_status":"","ping_status":"","sticky":false,"template":"","format":"standard","meta":{"footnotes":""},"categories":[1413],"tags":[1011,27,1638,1457,1456,60],"class_list":{"0":"post-327616","1":"post","2":"type-post","3":"status-publish","4":"format-standard","5":"has-post-thumbnail","7":"category-moto","8":"tag-fr","9":"tag-france","10":"tag-has_diapo","11":"tag-moto","12":"tag-motocycle","13":"tag-sports"},"share_on_mastodon":{"url":"https:\/\/pubeurope.com\/@fr\/115051175925513555","error":""},"_links":{"self":[{"href":"https:\/\/www.europesays.com\/fr\/wp-json\/wp\/v2\/posts\/327616","targetHints":{"allow":["GET"]}}],"collection":[{"href":"https:\/\/www.europesays.com\/fr\/wp-json\/wp\/v2\/posts"}],"about":[{"href":"https:\/\/www.europesays.com\/fr\/wp-json\/wp\/v2\/types\/post"}],"author":[{"embeddable":true,"href":"https:\/\/www.europesays.com\/fr\/wp-json\/wp\/v2\/users\/2"}],"replies":[{"embeddable":true,"href":"https:\/\/www.europesays.com\/fr\/wp-json\/wp\/v2\/comments?post=327616"}],"version-history":[{"count":0,"href":"https:\/\/www.europesays.com\/fr\/wp-json\/wp\/v2\/posts\/327616\/revisions"}],"wp:featuredmedia":[{"embeddable":true,"href":"https:\/\/www.europesays.com\/fr\/wp-json\/wp\/v2\/media\/327617"}],"wp:attachment":[{"href":"https:\/\/www.europesays.com\/fr\/wp-json\/wp\/v2\/media?parent=327616"}],"wp:term":[{"taxonomy":"category","embeddable":true,"href":"https:\/\/www.europesays.com\/fr\/wp-json\/wp\/v2\/categories?post=327616"},{"taxonomy":"post_tag","embeddable":true,"href":"https:\/\/www.europesays.com\/fr\/wp-json\/wp\/v2\/tags?post=327616"}],"curies":[{"name":"wp","href":"https:\/\/api.w.org\/{rel}","templated":true}]}}