{"id":327618,"date":"2025-08-18T18:26:11","date_gmt":"2025-08-18T18:26:11","guid":{"rendered":"https:\/\/www.europesays.com\/fr\/327618\/"},"modified":"2025-08-18T18:26:11","modified_gmt":"2025-08-18T18:26:11","slug":"la-formule-1-revient-en-algarve","status":"publish","type":"post","link":"https:\/\/www.europesays.com\/fr\/327618\/","title":{"rendered":"La Formule 1 revient en Algarve ?"},"content":{"rendered":"<p>Selon le Premier ministre, le gouvernement a d\u00e9j\u00e0 obtenu le grand prix de moto <a href=\"https:\/\/www.motogp.com\/en\" target=\"_blank\" rel=\"nofollow noopener\">MotoGP<\/a> pour 2025 et 2026, et \u00ab\u00a0tout est pr\u00eat pour formaliser le retour des sports m\u00e9caniques de <a href=\"https:\/\/www.formula1.com\/\" target=\"_blank\" rel=\"nofollow noopener\">Formule 1<\/a> en Algarve en 2027&Prime;.<\/p>\n<p>\u00ab\u00a0Ces \u00e9v\u00e9nements impliquent un certain effort financier de la part du gouvernement, mais ils ont des retomb\u00e9es promotionnelles directes et indirectes qui en valent vraiment la peine\u00a0\u00bb, a-t-il conclu.<\/p>\n<p><b>Positif<\/b><\/p>\n<p>Le pr\u00e9sident de l&rsquo;Association des entreprises h\u00f4teli\u00e8res et touristiques de l&rsquo;Algarve<a href=\"https:\/\/aheta.pt\/\" target=\"_blank\" rel=\"nofollow noopener\">(AHETA)<\/a> a d\u00e9clar\u00e9 que le retour potentiel de la Formule 1 dans la r\u00e9gion, annonc\u00e9 par le Premier ministre, repr\u00e9sente une \u00ab\u00a0opportunit\u00e9 commerciale saine\u00a0\u00bb et une forte promotion internationale pour la destination.<\/p>\n<p>\u00ab\u00a0Nous nous r\u00e9jouissons de l&rsquo;organisation d&rsquo;un Grand Prix de Formule 1 car pour de nombreux h\u00f4tels de l&rsquo;Algarve, la semaine o\u00f9 la course s&rsquo;est d\u00e9roul\u00e9e a \u00e9t\u00e9 la meilleure de toutes, en particulier pour les h\u00f4tels de grande qualit\u00e9\u00a0\u00bb, a d\u00e9clar\u00e9 H\u00e9lder Martins, pr\u00e9sident de l&rsquo;AHETA, \u00e0 Lusa. <\/p>\n<p>Le Premier ministre avait annonc\u00e9 que le gouvernement avait \u00ab\u00a0tout pr\u00e9par\u00e9 pour formaliser le retour\u00a0\u00bb du championnat du monde de Formule 1 en Algarve en 2027, apr\u00e8s avoir garanti que le Grand Prix MotoGP se tiendrait en 2025 et 2026 \u00e0 l&rsquo;Autodrome international de l&rsquo;Algarve<a href=\"https:\/\/autodromodoalgarve.com\/pt\/\" target=\"_blank\" rel=\"nofollow noopener\">(AIA)<\/a> \u00e0 Portim\u00e3o, qui a accueilli la comp\u00e9tition sans interruption depuis 2020.<\/p>\n<p>Pour le pr\u00e9sident de la plus grande association d&rsquo;h\u00f4teliers de l&rsquo;Algarve, outre l&rsquo;opportunit\u00e9 promotionnelle qu'\u00a0\u00bbun \u00e9v\u00e9nement de cette ampleur repr\u00e9sente pour le tourisme dans la r\u00e9gion, l&rsquo;opportunit\u00e9 commerciale est toujours saine.\u00a0\u00bb<\/p>\n<p>Selon H\u00e9lder Martins, les h\u00f4teliers ne connaissent pas les d\u00e9tails du processus, \u00ab\u00a0\u00e0 l&rsquo;exception de ce que le Premier ministre a transmis\u00a0\u00bb lors de son discours. \u00ab\u00a0Je pense que le processus aurait \u00e9t\u00e9 finalis\u00e9 jeudi et que la d\u00e9claration [du Premier ministre] signifie que la Formule 1 est garantie en 2027\u00a0\u00bb, a-t-il not\u00e9.<\/p>\n<p>Contact\u00e9 par Lusa, le directeur commercial de l&rsquo;AIA, Miguel Praia, a d\u00e9clar\u00e9 que \u00ab\u00a0pour le moment, il n&rsquo;est pas possible d&rsquo;ajouter d&rsquo;autres informations \u00e0 la d\u00e9claration du Premier ministre\u00a0\u00bb. \u00ab\u00a0L&rsquo;AIA a toujours maintenu un canal ouvert avec la Formule 1, un mouvement initi\u00e9 par notre Paulo Pinheiro [le fondateur du circuit de l&rsquo;Algarve, d\u00e9c\u00e9d\u00e9 en juillet 2024]\u00a0\u00bb, a d\u00e9clar\u00e9 Miguel Praia.<\/p>\n<p>Lusa a \u00e9galement tent\u00e9 d&rsquo;obtenir une r\u00e9ponse de l&rsquo;Office du tourisme de l&rsquo;Algarve \u00e0 l&rsquo;annonce de Lu\u00eds Montenegro, mais cela n&rsquo;a pas encore \u00e9t\u00e9 possible.<\/p>\n<p>Le circuit de Portim\u00e3o, en Algarve, a accueilli deux courses du championnat du monde de Formule 1 en 2020 et 2021, b\u00e9n\u00e9ficiant des restrictions impos\u00e9es par la pand\u00e9mie de COVID-19 dans certains pays, 24 ans apr\u00e8s la derni\u00e8re course de l&rsquo;\u00e9preuve phare du sport automobile, qui s&rsquo;est d\u00e9roul\u00e9e sur le champ de courses d&rsquo;Estoril en 1996.<\/p>\n<p>Le Portugal a accueilli 18 fois un Grand Prix du championnat du monde de Formule 1, d&rsquo;abord sur le circuit de rue de Boavista \u00e0 Porto en 1958, puis l&rsquo;ann\u00e9e suivante \u00e0 Monsanto \u00e0 Lisbonne, avant de revenir au calendrier en 1984 \u00e0 Estoril \u00e0 Cascais, o\u00f9 il est rest\u00e9 jusqu&rsquo;en 1996.<\/p>\n","protected":false},"excerpt":{"rendered":"Selon le Premier ministre, le gouvernement a d\u00e9j\u00e0 obtenu le grand prix de moto MotoGP pour 2025 et&hellip;\n","protected":false},"author":2,"featured_media":327619,"comment_status":"","ping_status":"","sticky":false,"template":"","format":"standard","meta":{"footnotes":""},"categories":[1412],"tags":[1451,1452,1453,1454,1455,1011,27,60],"class_list":{"0":"post-327618","1":"post","2":"type-post","3":"status-publish","4":"format-standard","5":"has-post-thumbnail","7":"category-f1","8":"tag-f1","9":"tag-formula-1","10":"tag-formula1","11":"tag-formule-1","12":"tag-formule1","13":"tag-fr","14":"tag-france","15":"tag-sports"},"share_on_mastodon":{"url":"https:\/\/pubeurope.com\/@fr\/115051179738801056","error":""},"_links":{"self":[{"href":"https:\/\/www.europesays.com\/fr\/wp-json\/wp\/v2\/posts\/327618","targetHints":{"allow":["GET"]}}],"collection":[{"href":"https:\/\/www.europesays.com\/fr\/wp-json\/wp\/v2\/posts"}],"about":[{"href":"https:\/\/www.europesays.com\/fr\/wp-json\/wp\/v2\/types\/post"}],"author":[{"embeddable":true,"href":"https:\/\/www.europesays.com\/fr\/wp-json\/wp\/v2\/users\/2"}],"replies":[{"embeddable":true,"href":"https:\/\/www.europesays.com\/fr\/wp-json\/wp\/v2\/comments?post=327618"}],"version-history":[{"count":0,"href":"https:\/\/www.europesays.com\/fr\/wp-json\/wp\/v2\/posts\/327618\/revisions"}],"wp:featuredmedia":[{"embeddable":true,"href":"https:\/\/www.europesays.com\/fr\/wp-json\/wp\/v2\/media\/327619"}],"wp:attachment":[{"href":"https:\/\/www.europesays.com\/fr\/wp-json\/wp\/v2\/media?parent=327618"}],"wp:term":[{"taxonomy":"category","embeddable":true,"href":"https:\/\/www.europesays.com\/fr\/wp-json\/wp\/v2\/categories?post=327618"},{"taxonomy":"post_tag","embeddable":true,"href":"https:\/\/www.europesays.com\/fr\/wp-json\/wp\/v2\/tags?post=327618"}],"curies":[{"name":"wp","href":"https:\/\/api.w.org\/{rel}","templated":true}]}}