{"id":327622,"date":"2025-08-18T18:28:12","date_gmt":"2025-08-18T18:28:12","guid":{"rendered":"https:\/\/www.europesays.com\/fr\/327622\/"},"modified":"2025-08-18T18:28:12","modified_gmt":"2025-08-18T18:28:12","slug":"le-national-2025-2026-se-jouera-bien-a-17-equipes","status":"publish","type":"post","link":"https:\/\/www.europesays.com\/fr\/327622\/","title":{"rendered":"Le National 2025 &#8211; 2026 se jouera bien \u00e0 17 \u00e9quipes"},"content":{"rendered":"<p><img loading=\"lazy\" decoding=\"async\" width=\"696\" height=\"464\" class=\"lazyload entry-thumb\" src=\"https:\/\/www.europesays.com\/fr\/wp-content\/uploads\/2025\/08\/Illustration-National-1-696x464.jpg\" alt=\"\" title=\"Illustration National (1)\"\/>Photo Philippe Le Brech<\/p>\n<p style=\"font-size:20px\"><strong>Dans un courrier adress\u00e9 aux pr\u00e9sidents des clubs du championnat National, la direction des Comp\u00e9titions Nationales a confirm\u00e9 que l\u2019exercice 2025 \u2013 2026 du troisi\u00e8me \u00e9chelon du football fran\u00e7ais se disputerait bien \u00e0 17.<\/strong><\/p>\n<p>Pour la seconde saison cons\u00e9cutive il y aura donc un exempt lors de chaque journ\u00e9e en National. La Commission F\u00e9d\u00e9rale d\u2019organisation des championnats seniors masculins a statu\u00e9 en ce d\u00e9but de semaine : l\u2019AC Ajaccio, <a href=\"https:\/\/footamateur.ouest-france.fr\/lac-ajaccio-depose-le-bilan-lasso-espere-encore-le-national-3\/\" target=\"_blank\" rel=\"noreferrer noopener nofollow\">qui a d\u00e9pos\u00e9 son bilan aupr\u00e8s du Tribunal de Commerce<\/a>, ne sera pas remplac\u00e9 en vertu du r\u00e8glement actuel.<\/p>\n<p>Comme l\u2019an pass\u00e9, il n\u2019y aura que deux rel\u00e9gations vers le National 2. Le nombre de mont\u00e9es du N2 restera lui de trois, le premier de chaque groupe.<\/p>\n<p>Par ailleurs, alors que se profile une \u00ab\u00a0Ligue 3\u00a0\u00bb professionnelle, une modification des textes r\u00e8glementaires sera \u00e9tudi\u00e9e pour permettre de combler une \u00e9ventuelle place vacante au del\u00e0 du d\u00e9lai du 17 juillet, histoire que ce cas de figure, qui a l\u00e9s\u00e9 GOAL FC l\u2019an dernier et le FC93 cette saison mais aussi terni l\u2019image globale de la comp\u00e9tition, ne se reproduise pas.<\/p>\n<p><a href=\"https:\/\/footamateur.ouest-france.fr\/author\/fred\/\" class=\"url\" title=\"Fr\u00e9d\u00e9ric Sougey\" rel=\"nofollow noopener\" target=\"_blank\"> <img decoding=\"async\" src=\"https:\/\/www.europesays.com\/fr\/wp-content\/uploads\/2025\/04\/gnlpcfya_400x400.jpg\" class=\"lazyload photo\" width=\"250\" alt=\"Fr\u00e9d\u00e9ric Sougey\"\/><\/a><\/p>\n<p>Journaliste chez Sports M\u00e9dia<\/p>\n<p>Elev\u00e9 au c\u0153ur des Alpes, Fred quitte (temporairement) son Grenoble ador\u00e9 pour pr\u00eater sa plume et son regard au monde amateur et plus particuli\u00e8rement au Championnat National dont il est un assidu observateur. Fan de tartiflette, de Karim Mokeddem et de Mulholland Drive. Les bonnes choses de la vie, en somme.<\/p>\n<p><a href=\"https:\/\/footamateur.ouest-france.fr\/author\/fred\/\" class=\"url\" title=\"Fr\u00e9d\u00e9ric Sougey\" rel=\"nofollow noopener\" target=\"_blank\"><img decoding=\"async\" src=\"https:\/\/www.europesays.com\/fr\/wp-content\/uploads\/2025\/04\/gnlpcfya_400x400.jpg\" class=\"lazyload photo\" width=\"250\" alt=\"Fr\u00e9d\u00e9ric Sougey\"\/><\/a>Les derniers articles par Fr\u00e9d\u00e9ric Sougey (<a href=\"https:\/\/footamateur.ouest-france.fr\/author\/fred\/\" rel=\"nofollow noopener\" target=\"_blank\">tout voir<\/a>)<\/p>\n","protected":false},"excerpt":{"rendered":"Photo Philippe Le Brech Dans un courrier adress\u00e9 aux pr\u00e9sidents des clubs du championnat National, la direction des&hellip;\n","protected":false},"author":2,"featured_media":327623,"comment_status":"","ping_status":"","sticky":false,"template":"","format":"standard","meta":{"footnotes":""},"categories":[1410],"tags":[63,1011,27,60],"class_list":{"0":"post-327622","1":"post","2":"type-post","3":"status-publish","4":"format-standard","5":"has-post-thumbnail","7":"category-football","8":"tag-football","9":"tag-fr","10":"tag-france","11":"tag-sports"},"share_on_mastodon":{"url":"https:\/\/pubeurope.com\/@fr\/115051187876400172","error":""},"_links":{"self":[{"href":"https:\/\/www.europesays.com\/fr\/wp-json\/wp\/v2\/posts\/327622","targetHints":{"allow":["GET"]}}],"collection":[{"href":"https:\/\/www.europesays.com\/fr\/wp-json\/wp\/v2\/posts"}],"about":[{"href":"https:\/\/www.europesays.com\/fr\/wp-json\/wp\/v2\/types\/post"}],"author":[{"embeddable":true,"href":"https:\/\/www.europesays.com\/fr\/wp-json\/wp\/v2\/users\/2"}],"replies":[{"embeddable":true,"href":"https:\/\/www.europesays.com\/fr\/wp-json\/wp\/v2\/comments?post=327622"}],"version-history":[{"count":0,"href":"https:\/\/www.europesays.com\/fr\/wp-json\/wp\/v2\/posts\/327622\/revisions"}],"wp:featuredmedia":[{"embeddable":true,"href":"https:\/\/www.europesays.com\/fr\/wp-json\/wp\/v2\/media\/327623"}],"wp:attachment":[{"href":"https:\/\/www.europesays.com\/fr\/wp-json\/wp\/v2\/media?parent=327622"}],"wp:term":[{"taxonomy":"category","embeddable":true,"href":"https:\/\/www.europesays.com\/fr\/wp-json\/wp\/v2\/categories?post=327622"},{"taxonomy":"post_tag","embeddable":true,"href":"https:\/\/www.europesays.com\/fr\/wp-json\/wp\/v2\/tags?post=327622"}],"curies":[{"name":"wp","href":"https:\/\/api.w.org\/{rel}","templated":true}]}}