{"id":327626,"date":"2025-08-18T18:30:33","date_gmt":"2025-08-18T18:30:33","guid":{"rendered":"https:\/\/www.europesays.com\/fr\/327626\/"},"modified":"2025-08-18T18:30:33","modified_gmt":"2025-08-18T18:30:33","slug":"ceret-la-photographie-de-a-a-z-un-atelier-pour-tous-loin-des-cliches","status":"publish","type":"post","link":"https:\/\/www.europesays.com\/fr\/327626\/","title":{"rendered":"C\u00e9ret : la photographie de A \u00e0 Z, un atelier pour tous, loin des clich\u00e9s"},"content":{"rendered":"<p>\n                                                                Un workshop pour le grand public est organis\u00e9 au Mus\u00e9e d\u2019art moderne (MAM) le mardi 19 ao\u00fbt.\n                            <\/p>\n<p>Cette journ\u00e9e immersive et ludique* autour de l\u2019image sera anim\u00e9e par Claude Belime, directeur du Centre d\u2019art et de photographie Lumi\u00e8re d\u2019encre (Caple). \u00ab\u00a0Il s\u2019agit d\u2019aller de la prise de vue au tirage cyanotype. Nous commencerons par la prise de vue, portraits avec un petit studio mont\u00e9 sur place, ou ext\u00e9rieur, en fonction de la demande des personnes. Puis, conception de la surface sensible, cr\u00e9ation du contretype et finalement tirage cyanotype des images. D\u2019un bout \u00e0 l\u2019autre de la cha\u00eene photographique\u00a0\u00bb, explique-t-il. Et il poursuit : \u00ab\u00a0Il s\u2019agit d\u2019une proposition du service des publics du Mus\u00e9e d\u2019art moderne, une fa\u00e7on d\u2019associer nos deux structures sur des actions. Nous essayons de croiser nos activit\u00e9s. De m\u00eame, nous avons initi\u00e9 en juillet, puis une seconde fois en ao\u00fbt des visites crois\u00e9es MAM-Caple. La prochaine aura lieu le <b>vendredi 22 ao\u00fbt.<\/b> Le MAM qui sera aussi dans le mois de la photo de C\u00e9ret <b>en novembre<\/b> avec son exposition de Nicolas Daubanes qui fait \u00e9galement des photographies\u00a0\u00bb.<\/p>\n<p>    <b>Programme complet<\/b><\/p>\n<p>De 10 h \u00e0 12 h 30, l\u2019\u0153il du photographe : munissez-vous de votre smartphone ou appareil photo num\u00e9rique et partez \u00e0 la chasse aux images sur un th\u00e8me donn\u00e9. Claude Belime vous accompagne dans cette exploration urbaine et artistique, avant une s\u00e9ance collective de s\u00e9lection et d\u2019\u00e9dition pour choisir votre plus belle photo. Puis \u00e0 15 h, l\u2019art du cyanotype : retrouvez Claude Belime pour un atelier de cyanotype, un proc\u00e9d\u00e9 photographique ancien qui ne n\u00e9cessite ni laboratoire ni mat\u00e9riel compliqu\u00e9, juste de la lumi\u00e8re, un peu de chimie et beaucoup de magie.<\/p>\n<p>*\u00c0 partir de 18 ans, d\u00e9butants bienvenus. Stage \u00e0 la journ\u00e9e, places limit\u00e9es. Tarif : billet d\u2019entr\u00e9e + 5 \u20ac. R\u00e9servation obligatoire aupr\u00e8s du service des publics du mus\u00e9e au 04 68 87 97 34.<\/p>\n","protected":false},"excerpt":{"rendered":"Un workshop pour le grand public est organis\u00e9 au Mus\u00e9e d\u2019art moderne (MAM) le mardi 19 ao\u00fbt. Cette&hellip;\n","protected":false},"author":2,"featured_media":327627,"comment_status":"","ping_status":"","sticky":false,"template":"","format":"standard","meta":{"footnotes":""},"categories":[1358],"tags":[1348,1384,1385,1386,58,59,1011,27],"class_list":{"0":"post-327626","1":"post","2":"type-post","3":"status-publish","4":"format-standard","5":"has-post-thumbnail","7":"category-arts-et-design","8":"tag-arts","9":"tag-arts-and-design","10":"tag-arts-et-design","11":"tag-design","12":"tag-divertissement","13":"tag-entertainment","14":"tag-fr","15":"tag-france"},"share_on_mastodon":{"url":"https:\/\/pubeurope.com\/@fr\/115051195533254925","error":""},"_links":{"self":[{"href":"https:\/\/www.europesays.com\/fr\/wp-json\/wp\/v2\/posts\/327626","targetHints":{"allow":["GET"]}}],"collection":[{"href":"https:\/\/www.europesays.com\/fr\/wp-json\/wp\/v2\/posts"}],"about":[{"href":"https:\/\/www.europesays.com\/fr\/wp-json\/wp\/v2\/types\/post"}],"author":[{"embeddable":true,"href":"https:\/\/www.europesays.com\/fr\/wp-json\/wp\/v2\/users\/2"}],"replies":[{"embeddable":true,"href":"https:\/\/www.europesays.com\/fr\/wp-json\/wp\/v2\/comments?post=327626"}],"version-history":[{"count":0,"href":"https:\/\/www.europesays.com\/fr\/wp-json\/wp\/v2\/posts\/327626\/revisions"}],"wp:featuredmedia":[{"embeddable":true,"href":"https:\/\/www.europesays.com\/fr\/wp-json\/wp\/v2\/media\/327627"}],"wp:attachment":[{"href":"https:\/\/www.europesays.com\/fr\/wp-json\/wp\/v2\/media?parent=327626"}],"wp:term":[{"taxonomy":"category","embeddable":true,"href":"https:\/\/www.europesays.com\/fr\/wp-json\/wp\/v2\/categories?post=327626"},{"taxonomy":"post_tag","embeddable":true,"href":"https:\/\/www.europesays.com\/fr\/wp-json\/wp\/v2\/tags?post=327626"}],"curies":[{"name":"wp","href":"https:\/\/api.w.org\/{rel}","templated":true}]}}