{"id":327630,"date":"2025-08-18T18:32:25","date_gmt":"2025-08-18T18:32:25","guid":{"rendered":"https:\/\/www.europesays.com\/fr\/327630\/"},"modified":"2025-08-18T18:32:25","modified_gmt":"2025-08-18T18:32:25","slug":"danielle-moreau-rejoint-la-bande-des-chroniqueurs-de-cyril-hanouna-sur-w9","status":"publish","type":"post","link":"https:\/\/www.europesays.com\/fr\/327630\/","title":{"rendered":"Danielle Moreau rejoint la bande des chroniqueurs de Cyril Hanouna sur W9"},"content":{"rendered":"<p>    Danielle Moreau<br \/>\n                Vim\/ABACA<\/p>\n<p>L\u2019ancienne chroniqueuse de \u00abTouche pas \u00e0 mon poste\u00a0!\u00bb a annonc\u00e9, ce lundi sur X, qu\u2019elle sera bien pr\u00e9sente aux c\u00f4t\u00e9s de l\u2019animateur dans son nouveau talk-show.<\/p>\n<p class=\"fig-paragraph\">Le 1er ao\u00fbt,\u00a0<a href=\"https:\/\/www.lefigaro.fr\/tag\/cyril-hanouna\" target=\"_blank\" rel=\"noopener nofollow\" data-gtm-custom-categorie=\"navigation\" data-gtm-custom-action=\"crossclick\" data-gtm-custom-label=\"Contextuel\" data-gtm-event=\"customEventSPE\">Cyril Hanouna<\/a>\u00a0a annonc\u00e9 qu\u2019il donnerait chaque jour une information concernant\u00a0<a href=\"https:\/\/tvmag.lefigaro.fr\/programme-tv\/programme\/tout-beau-tout-n9uf-d1817125567\" target=\"_blank\" rel=\"noopener nofollow\" data-gtm-custom-categorie=\"navigation\" data-gtm-custom-action=\"crossclick\" data-gtm-custom-label=\"Contextuel\" data-gtm-event=\"customEventSPE\"><strong>\u00abTout beau tout n9uf\u00bb<\/strong><\/a> \u00a0jusqu\u2019\u00e0 la premi\u00e8re du talk-show pr\u00e9vue le\u00a0<a href=\"http:\/\/tvmag.lefigaro.fr\/programme-tv\/actu-tele\/c-a-vous-quotidien-tout-beau-tout-n9uf-quand-les-talk-shows-seront-ils-de-retour-20250818\" target=\"_blank\" data-fig-type=\"Article\" rel=\"noopener nofollow\" data-gtm-custom-categorie=\"navigation\" data-gtm-custom-action=\"crossclick\" data-gtm-custom-label=\"Contextuel\" data-gtm-event=\"customEventSPE\" data-fig-domain=\"TVMAG\">1er septembre<\/a>\u00a0sur W9. Mais l\u2019animateur est vraisemblablement \u00e0 la peine. En effet, l\u2019ancien pr\u00e9sentateur de\u00a0<a href=\"https:\/\/tvmag.lefigaro.fr\/programme-tv\/programme\/touche-pas-a-mon-poste-d1917940577\" target=\"_blank\" rel=\"noopener nofollow\" data-gtm-custom-categorie=\"navigation\" data-gtm-custom-action=\"crossclick\" data-gtm-custom-label=\"Contextuel\" data-gtm-event=\"customEventSPE\">\u00abTouche pas \u00e0 mon poste\u00bb<\/a>\u00a0sur C8 n\u2019a plus rien d\u00e9voil\u00e9 du programme depuis le mardi 12 ao\u00fbt dernier, jour o\u00f9 il a r\u00e9v\u00e9l\u00e9 la pr\u00e9sence d\u2019<a href=\"http:\/\/tvmag.lefigaro.fr\/programme-tv\/actu-tele\/tout-beau-tout-n9uf-cyril-hanouna-annonce-l-arrivee-d-un-chroniqueur-tres-particulier-des-la-rentree-20250813\" target=\"_blank\" data-fig-type=\"Article\" rel=\"noopener nofollow\" data-gtm-custom-categorie=\"navigation\" data-gtm-custom-action=\"crossclick\" data-gtm-custom-label=\"Contextuel\" data-gtm-event=\"customEventSPE\" data-fig-domain=\"TVMAG\">un chroniqueur ChatGpt<\/a>\u00a0sur le plateau.<\/p>\n<p class=\"fig-paragraph\">Heureusement, le trublion du PAF peut compter sur une \u00e9quipe d\u00e9vou\u00e9e, puisque\u00a0<a href=\"https:\/\/www.lefigaro.fr\/tag\/danielle-moreau\" target=\"_blank\" rel=\"noopener nofollow\" data-gtm-custom-categorie=\"navigation\" data-gtm-custom-action=\"crossclick\" data-gtm-custom-label=\"Contextuel\" data-gtm-event=\"customEventSPE\"><strong>Danielle Moreau<\/strong><\/a> \u00a0a elle-m\u00eame annonc\u00e9 son retour aux c\u00f4t\u00e9s de l\u2019animateur d\u00e8s la rentr\u00e9e. Actuellement en vacances en Charente-Maritime, la chroniqueuse a \u00e9crit sur son compte X\u00a0: \u00abBelle fin d\u2019\u00e9t\u00e9 et \u00e0 la rentr\u00e9e\u00a0! Gr\u00e2ce \u00e0 Royan je serais toute belle toute neuve #TBT9\u00bb.<\/p>\n<p>                                    <a class=\"fig-a11y-skip a11y-hidden\" href=\"#fig-a11y-skip-main-inarticle\"><br \/>\n        Passer la publicit\u00e9<br \/>\n    <\/a><\/p>\n<p class=\"fig-paragraph\">La journaliste de 61 ans avait \u00e9t\u00e9 particuli\u00e8rement \u00e9mue par la fermeture de C8, cha\u00eene sur laquelle elle officiait, effray\u00e9e par l\u2019avenir de sa situation financi\u00e8re. Sur le plateau de<a href=\"https:\/\/tvmag.lefigaro.fr\/programme-tv\/programme\/chez-jordan-f312450827\" target=\"_blank\" rel=\"noopener nofollow\" data-gtm-custom-categorie=\"navigation\" data-gtm-custom-action=\"crossclick\" data-gtm-custom-label=\"Contextuel\" data-gtm-event=\"customEventSPE\">\u00a0\u00abChez Jordan\u00bb<\/a>, le 10 f\u00e9vrier, Danielle Moreau s\u2019\u00e9tait exclam\u00e9e\u00a0: \u00abSi \u201cTPMP\u201d s\u2019arr\u00eate, je vais faire la manche\u00a0!\u00bb. La chroniqueuse n\u2019avait pas h\u00e9sit\u00e9 \u00e0 r\u00e9v\u00e9ler ses revenus en d\u00e9tail. \u00abJ\u2019ai 500 euros par \u00e9mission. On a un minimum d\u2019\u00e9missions garanties. Franchement, c\u2019est tr\u00e8s correct. J\u2019ai 4000 euros en brut garantis par mois. Avec ma participation \u00e0 Europe 1 \u2013 je fais des petites choses dans l\u2019\u00e9mission de William Leymergie \u2013, \u00e7a fait 6000 euros \u00e0 peu pr\u00e8s. Je d\u00e9pense la moiti\u00e9 en aide \u00e0 domicile pour ma m\u00e8re. Pour vivre, quand j\u2019enl\u00e8ve tout, il me reste un gros SMIC je pense\u00bb, avait-elle expliqu\u00e9.<\/p>\n<p class=\"fig-body-link\">\n            \u00c0 lire aussi<br \/>\n        <a class=\"fig-body-link__link\" href=\"http:\/\/tvmag.lefigaro.fr\/programme-tv\/people\/racisme-homophobie-aigreur-matthieu-delormeau-charge-danielle-moreau-touche-pas-a-mon-poste-20231210\" target=\"_blank\" data-fig-type=\"Article\" rel=\"noopener nofollow\" data-gtm-custom-categorie=\"navigation\" data-gtm-custom-action=\"crossclick\" data-gtm-custom-label=\"Contextuel\" data-gtm-event=\"customEventSPE\" data-fig-domain=\"TVMAG\">\u00abRacisme, homophobie, aigreur\u00bb\u00a0: Matthieu Delormeau charge Danielle Moreau (\u00abTouche pas \u00e0 mon poste!\u00bb)<br \/>\n    <\/a>\n<\/p>\n<p class=\"fig-paragraph\">La journaliste peut donc se rassurer, elle int\u00e8gre bel et bien l\u2019aventure \u00abTout beau tout n9uf\u00bb, o\u00f9 elle retrouvera de nombreux anciens coll\u00e8gues, notamment Gilles Verdez,\u00a0<a href=\"https:\/\/www.lefigaro.fr\/tag\/valerie-benaim\" target=\"_blank\" rel=\"noopener nofollow\" data-gtm-custom-categorie=\"navigation\" data-gtm-custom-action=\"crossclick\" data-gtm-custom-label=\"Contextuel\" data-gtm-event=\"customEventSPE\">Val\u00e9rie Bena\u00efm<\/a>,\u00a0<a href=\"https:\/\/www.lefigaro.fr\/tag\/geraldine-maillet\" target=\"_blank\" rel=\"noopener nofollow\" data-gtm-custom-categorie=\"navigation\" data-gtm-custom-action=\"crossclick\" data-gtm-custom-label=\"Contextuel\" data-gtm-event=\"customEventSPE\">G\u00e9raldine Maillet<\/a>, Raymond Aabou,\u00a0<a href=\"https:\/\/www.lefigaro.fr\/tag\/olivier-dartigolles\" target=\"_blank\" rel=\"noopener nofollow\" data-gtm-custom-categorie=\"navigation\" data-gtm-custom-action=\"crossclick\" data-gtm-custom-label=\"Contextuel\" data-gtm-event=\"customEventSPE\">Olivier Dartignolles<\/a>, et m\u00eame\u00a0<a href=\"https:\/\/www.lefigaro.fr\/tag\/jerome-anthony\" target=\"_blank\" rel=\"noopener nofollow\" data-gtm-custom-categorie=\"navigation\" data-gtm-custom-action=\"crossclick\" data-gtm-custom-label=\"Contextuel\" data-gtm-event=\"customEventSPE\">J\u00e9r\u00f4me Anthony<\/a>. Seuls absents notables,\u00a0<a href=\"https:\/\/www.lefigaro.fr\/tag\/jean-michel-maire\" target=\"_blank\" rel=\"noopener nofollow\" data-gtm-custom-categorie=\"navigation\" data-gtm-custom-action=\"crossclick\" data-gtm-custom-label=\"Contextuel\" data-gtm-event=\"customEventSPE\">Jean-Michel Maire<\/a>\u00a0et\u00a0<a href=\"https:\/\/www.lefigaro.fr\/tag\/matthieu-delormeau\" target=\"_blank\" rel=\"noopener nofollow\" data-gtm-custom-categorie=\"navigation\" data-gtm-custom-action=\"crossclick\" data-gtm-custom-label=\"Contextuel\" data-gtm-event=\"customEventSPE\">Matthieu Delormeau<\/a>.<\/p>\n<p class=\"fig-paragraph\">Danielle Moreau s\u2019est d\u2019ailleurs exprim\u00e9e au sujet de ce dernier apr\u00e8s qu\u2019il a post\u00e9 une vid\u00e9o de lui en train de se masturber sur son compte Instagram. \u00abJe lui souhaite le meilleur, vraiment, je trouve qu\u2019il a \u00e9norm\u00e9ment de talent\u00bb, avait-elle affirm\u00e9 dans le\u00a0<a href=\"https:\/\/youtu.be\/5lv1RvoWDcc?si=4rJkYirN7A4DSIox\" target=\"_blank\" rel=\"noopener nofollow\" data-gtm-custom-categorie=\"navigation\" data-gtm-custom-action=\"crossclick\" data-gtm-custom-label=\"Contextuel\" data-gtm-event=\"customEventSPE\">\u00abJet de Jordan de Luxe\u00bb<\/a>\u00a0le 21 juillet dernier, rappelant toutefois\u00a0: \u00abC\u2019est vrai qu\u2019humainement, il n\u2019a vraiment pas \u00e9t\u00e9 cool avec moi\u00bb.\u00a0<\/p>\n","protected":false},"excerpt":{"rendered":"Danielle Moreau Vim\/ABACA L\u2019ancienne chroniqueuse de \u00abTouche pas \u00e0 mon poste\u00a0!\u00bb a annonc\u00e9, ce lundi sur X, qu\u2019elle&hellip;\n","protected":false},"author":2,"featured_media":327631,"comment_status":"","ping_status":"","sticky":false,"template":"","format":"standard","meta":{"footnotes":""},"categories":[1356],"tags":[1083,58,59,1011,27,252,1364,2395],"class_list":{"0":"post-327630","1":"post","2":"type-post","3":"status-publish","4":"format-standard","5":"has-post-thumbnail","7":"category-television","8":"tag-cyril-hanouna","9":"tag-divertissement","10":"tag-entertainment","11":"tag-fr","12":"tag-france","13":"tag-television","14":"tag-tv","15":"tag-w9"},"share_on_mastodon":{"url":"https:\/\/pubeurope.com\/@fr\/115051203410981589","error":""},"_links":{"self":[{"href":"https:\/\/www.europesays.com\/fr\/wp-json\/wp\/v2\/posts\/327630","targetHints":{"allow":["GET"]}}],"collection":[{"href":"https:\/\/www.europesays.com\/fr\/wp-json\/wp\/v2\/posts"}],"about":[{"href":"https:\/\/www.europesays.com\/fr\/wp-json\/wp\/v2\/types\/post"}],"author":[{"embeddable":true,"href":"https:\/\/www.europesays.com\/fr\/wp-json\/wp\/v2\/users\/2"}],"replies":[{"embeddable":true,"href":"https:\/\/www.europesays.com\/fr\/wp-json\/wp\/v2\/comments?post=327630"}],"version-history":[{"count":0,"href":"https:\/\/www.europesays.com\/fr\/wp-json\/wp\/v2\/posts\/327630\/revisions"}],"wp:featuredmedia":[{"embeddable":true,"href":"https:\/\/www.europesays.com\/fr\/wp-json\/wp\/v2\/media\/327631"}],"wp:attachment":[{"href":"https:\/\/www.europesays.com\/fr\/wp-json\/wp\/v2\/media?parent=327630"}],"wp:term":[{"taxonomy":"category","embeddable":true,"href":"https:\/\/www.europesays.com\/fr\/wp-json\/wp\/v2\/categories?post=327630"},{"taxonomy":"post_tag","embeddable":true,"href":"https:\/\/www.europesays.com\/fr\/wp-json\/wp\/v2\/tags?post=327630"}],"curies":[{"name":"wp","href":"https:\/\/api.w.org\/{rel}","templated":true}]}}