{"id":327632,"date":"2025-08-18T18:33:11","date_gmt":"2025-08-18T18:33:11","guid":{"rendered":"https:\/\/www.europesays.com\/fr\/327632\/"},"modified":"2025-08-18T18:33:11","modified_gmt":"2025-08-18T18:33:11","slug":"quand-wassy-etait-un-epicentre-du-rock-francais","status":"publish","type":"post","link":"https:\/\/www.europesays.com\/fr\/327632\/","title":{"rendered":"Quand Wassy \u00e9tait un \u00e9picentre du rock fran\u00e7ais"},"content":{"rendered":"<p>C\u2019\u00e9tait il y a 45 ans. Le 1er juin 1980, se produisait, \u00e0 18 h, un \u00e9v\u00e8nement pr\u00e9sent\u00e9 comme \u00ab l\u2019unique concert \u00bb d\u2019un groupe alors en plein boom, avant la sortie de son nouvel album. Ce groupe, c\u2019\u00e9tait T\u00e9l\u00e9phone. Le lieu de sa prestation : Le Konga, \u00e0 Wassy.\u00a0<\/p>\n<p>Il y aura bient\u00f4t 50 ans que le quatuor parisien a vu le jour, avant de se s\u00e9parer dix ans plus tard (en 1986). Lorsque Jean-Louis Aubert, Louis Bertignac, Corine Marienneau et Richard Kolinka se pr\u00e9sentent sur la mythique sc\u00e8ne wasseyenne, ils s\u2019appr\u00eatent \u00e0 sortir, en octobre 1980, leur troisi\u00e8me album studio, \u00ab\u00a0Au coeur de la nuit\u00a0\u00bb. D\u00e9j\u00e0 c\u00e9l\u00e8bre gr\u00e2ce aux morceaux \u00ab\u00a0Hygiaphone\u00a0\u00bb, \u00ab\u00a0\u00c7a c\u2019est vraiment toi\u00a0\u00bb ou \u00ab\u00a0La Bombe humaine\u00a0\u00bb, T\u00e9l\u00e9phone d\u00e9voile ce soir-l\u00e0, en quasi avant-premi\u00e8re, devant un public haut-marnais enthousiaste \u2013 \u00ab des milliers \u00bb de jeunes spectateurs, selon le compte-rendu de La Haute-Marne lib\u00e9r\u00e9e -, des titres qui asseoiront d\u00e9finitivement sa l\u00e9gende, en premier lieu \u00ab\u00a0Argent trop cher\u00a0\u00bb. Un \u00e9v\u00e8nement dont \u2013 privil\u00e8ge rare \u2013 il existe une capture vid\u00e9o \u00e0 voir sur la plateforme YouTube.<\/p>\n<p>Avant T\u00e9l\u00e9phone, la salle appartenant \u00e0 Pierre Lebert avait d\u00e9j\u00e0 eu l\u2019occasion de cr\u00e9er l\u2019\u00e9v\u00e8nement en accueillant, toujours en 1980, le groupe Trust, en pleine pr\u00e9paration de la tourn\u00e9e de son album \u00ab\u00a0R\u00e9pression\u00a0\u00bb. Elle le cr\u00e9era encore le 26 novembre 1983, sous le nom de \u00ab\u00a0481\u00a0\u00bb, en programmant, accompagn\u00e9 notamment du c\u00e9l\u00e8bre batteur Manu Katch\u00e9, un artiste qui allait devenir une ic\u00f4ne de la chanson fran\u00e7aise : Jean-Jacques Goldman.<\/p>\n<p><strong>L. F.\u00a0<\/strong><\/p>\n<ul class=\"splide__list\">\n<li class=\"splide__slide\">\n                    <img decoding=\"async\" src=\"https:\/\/www.europesays.com\/fr\/wp-content\/uploads\/2025\/08\/914185.HR_.jpg\" alt=\"\"\/><br \/>\n                                            JJG s\u2019est produit dans la mythique salle en 1983.\n                                    <\/li>\n<\/ul>\n<ul class=\"splide__list\">\n<li class=\"splide__slide\">\n                    <img decoding=\"async\" src=\"https:\/\/www.europesays.com\/fr\/wp-content\/uploads\/2025\/08\/914185.HR_-150x150.jpg\" alt=\"\"\/>\n                <\/li>\n<\/ul>\n","protected":false},"excerpt":{"rendered":"C\u2019\u00e9tait il y a 45 ans. Le 1er juin 1980, se produisait, \u00e0 18 h, un \u00e9v\u00e8nement pr\u00e9sent\u00e9&hellip;\n","protected":false},"author":2,"featured_media":327633,"comment_status":"","ping_status":"","sticky":false,"template":"","format":"standard","meta":{"footnotes":""},"categories":[1355],"tags":[58,59,1011,27,1361,873],"class_list":{"0":"post-327632","1":"post","2":"type-post","3":"status-publish","4":"format-standard","5":"has-post-thumbnail","7":"category-musique","8":"tag-divertissement","9":"tag-entertainment","10":"tag-fr","11":"tag-france","12":"tag-music","13":"tag-musique"},"share_on_mastodon":{"url":"https:\/\/pubeurope.com\/@fr\/115051207532022230","error":""},"_links":{"self":[{"href":"https:\/\/www.europesays.com\/fr\/wp-json\/wp\/v2\/posts\/327632","targetHints":{"allow":["GET"]}}],"collection":[{"href":"https:\/\/www.europesays.com\/fr\/wp-json\/wp\/v2\/posts"}],"about":[{"href":"https:\/\/www.europesays.com\/fr\/wp-json\/wp\/v2\/types\/post"}],"author":[{"embeddable":true,"href":"https:\/\/www.europesays.com\/fr\/wp-json\/wp\/v2\/users\/2"}],"replies":[{"embeddable":true,"href":"https:\/\/www.europesays.com\/fr\/wp-json\/wp\/v2\/comments?post=327632"}],"version-history":[{"count":0,"href":"https:\/\/www.europesays.com\/fr\/wp-json\/wp\/v2\/posts\/327632\/revisions"}],"wp:featuredmedia":[{"embeddable":true,"href":"https:\/\/www.europesays.com\/fr\/wp-json\/wp\/v2\/media\/327633"}],"wp:attachment":[{"href":"https:\/\/www.europesays.com\/fr\/wp-json\/wp\/v2\/media?parent=327632"}],"wp:term":[{"taxonomy":"category","embeddable":true,"href":"https:\/\/www.europesays.com\/fr\/wp-json\/wp\/v2\/categories?post=327632"},{"taxonomy":"post_tag","embeddable":true,"href":"https:\/\/www.europesays.com\/fr\/wp-json\/wp\/v2\/tags?post=327632"}],"curies":[{"name":"wp","href":"https:\/\/api.w.org\/{rel}","templated":true}]}}