{"id":327634,"date":"2025-08-18T18:34:09","date_gmt":"2025-08-18T18:34:09","guid":{"rendered":"https:\/\/www.europesays.com\/fr\/327634\/"},"modified":"2025-08-18T18:34:09","modified_gmt":"2025-08-18T18:34:09","slug":"le-premier-film-disabelle-carre-se-devoile-dans-une-bande-annonce-inedite","status":"publish","type":"post","link":"https:\/\/www.europesays.com\/fr\/327634\/","title":{"rendered":"le premier film d&rsquo;Isabelle Carr\u00e9 se d\u00e9voile dans une bande-annonce in\u00e9dite"},"content":{"rendered":"<p>La com\u00e9die dramatique adapt\u00e9e du premier roman de l&rsquo;actrice et \u00e9crivaine fran\u00e7aise Isabelle Carr\u00e9, qu&rsquo;elle a elle-m\u00eame r\u00e9alis\u00e9e, sortira en salles le 12 novembre prochain.<\/p>\n<p>Un premier long-m\u00e9trage adapt\u00e9 d&rsquo;un premier livre. La com\u00e9die dramatique Les R\u00eaveurs d&rsquo;<a href=\"https:\/\/www.bfmtv.com\/people\/cinema\/et-plus-si-affinites-bernard-campan-de-retour-dans-une-comedie-sur-fond-de-libertinage_AN-202404030350.html\" title=\"&quot;Et plus si affinit\u00e9s&quot;: Bernard Campan de retour dans une com\u00e9die sur fond de libertinage\" class=\"internal_link\" rel=\"nofollow noopener\" target=\"_blank\">Isabelle Carr\u00e9<\/a>, imagin\u00e9e \u00e0 partir de son roman autobiographique \u00e9ponyme, paru en 2018 chez Grasset et aur\u00e9ol\u00e9 du Grand prix RTL-Lire, se r\u00e9v\u00e8le ce lundi dans une bande-annonce touchante.<\/p>\n<p>Le film, qu&rsquo;elle a co-\u00e9crit avec Agn\u00e8s de Sacy, raconte l&rsquo;histoire d&rsquo;\u00c9lisabeth, com\u00e9dienne qui anime des ateliers d\u2019\u00e9criture \u00e0 l\u2019h\u00f4pital Necker aupr\u00e8s d&rsquo;adolescents en grande d\u00e9tresse psychologique. Celle-ci se replonge soudain, \u00e0 leur contact, dans son propre pass\u00e9; c&rsquo;est-\u00e0-dire, son internement \u00e0 14 ans apr\u00e8s avoir ingurgit\u00e9 les antid\u00e9presseurs de sa m\u00e8re. Peu \u00e0 peu, les souvenirs de ces ann\u00e9es refont surface et, avec eux, la d\u00e9couverte du th\u00e9\u00e2tre qui, un jour, l\u2019a sauv\u00e9e.<\/p>\n<\/p>\n<p>\u00ab\u00a0L\u2019id\u00e9e n\u2019\u00e9tait pas d\u2019adapter le livre, mais de reprendre mon exp\u00e9rience d\u2019adolescente dans les ann\u00e9es 1980, intern\u00e9e dans un h\u00f4pital psychiatrique \u00e0 14\u00a0ans, et la mettre en parall\u00e8le avec les jeunes souffrant de difficult\u00e9s similaires, aujourd\u2019hui\u00a0\u00bb, d\u00e9taille la r\u00e9alisatrice et actrice, qui a re\u00e7u le C\u00e9sar de la meilleure actrice en 2003 pour Se souvenir des belles choses, dans <a href=\"https:\/\/www.sudouest.fr\/pyrenees-atlantiques\/saint-jean-de-luz\/isabelle-carre-presente-les-reveurs-a-saint-jean-de-luz-c-est-un-film-qui-doit-redonner-espoir-aux-jeunes-25529038.php\" target=\"_blank\" class=\"external_link\" rel=\"nofollow noopener\">Sud-Ouest<\/a>.<\/p>\n<p>Un film sur la <a href=\"https:\/\/www.bfmtv.com\/societe\/sante-mentale-des-jeunes-c-est-vrai-que-chez-les-adolescents-le-lycee-represente-la-totalite-du-monde-explique-anne-senequier-pedopsychiatre_VN-202504250815.html\" title=\"Sant\u00e9 mentale des jeunes: &quot;C&#039;est vrai que chez les adolescents, le lyc\u00e9e repr\u00e9sente la totalit\u00e9 du monde&quot;, explique Anne Senequier, p\u00e9dopsychiatre\" class=\"internal_link\" rel=\"nofollow noopener\" target=\"_blank\">sant\u00e9 mentale<\/a> d\u00e9di\u00e9 aux adolescents. \u00ab\u00a0Il n\u2019\u00e9tait pas question de montrer des images glauques ou violentes \u00e0 des enfants de 12\u00a0ou 13\u00a0ans, explique-t-elle. C\u2019est pour \u00e7a que j\u2019ai voulu que la r\u00e9alisation soit belle, jusqu\u2019au choix du titre.\u00a0\u00bb Et de pr\u00e9ciser: \u00ab\u00a0Ce n\u2019est pas un documentaire avec des images brutales qui nous tordent le c\u0153ur. C\u2019est un film qui tend vers la lumi\u00e8re, qui doit redonner espoir aux jeunes.\u00a0\u00bb<\/p>\n<p>Isabelle Carr\u00e9 y donne la r\u00e9plique \u00e0 Bernard Campan, Judith Chemla, Tessa Dumont Janod, Nicole Garcia ou encore Pablo Pauly. Les R\u00eaveurs sortira en salles le 12 novembre prochain.<\/p>\n","protected":false},"excerpt":{"rendered":"La com\u00e9die dramatique adapt\u00e9e du premier roman de l&rsquo;actrice et \u00e9crivaine fran\u00e7aise Isabelle Carr\u00e9, qu&rsquo;elle a elle-m\u00eame r\u00e9alis\u00e9e,&hellip;\n","protected":false},"author":2,"featured_media":327635,"comment_status":"","ping_status":"","sticky":false,"template":"","format":"standard","meta":{"footnotes":""},"categories":[1354],"tags":[58,59,1346,1011,27,1360],"class_list":{"0":"post-327634","1":"post","2":"type-post","3":"status-publish","4":"format-standard","5":"has-post-thumbnail","7":"category-films","8":"tag-divertissement","9":"tag-entertainment","10":"tag-films","11":"tag-fr","12":"tag-france","13":"tag-movies"},"share_on_mastodon":{"url":"https:\/\/pubeurope.com\/@fr\/115051211417245126","error":""},"_links":{"self":[{"href":"https:\/\/www.europesays.com\/fr\/wp-json\/wp\/v2\/posts\/327634","targetHints":{"allow":["GET"]}}],"collection":[{"href":"https:\/\/www.europesays.com\/fr\/wp-json\/wp\/v2\/posts"}],"about":[{"href":"https:\/\/www.europesays.com\/fr\/wp-json\/wp\/v2\/types\/post"}],"author":[{"embeddable":true,"href":"https:\/\/www.europesays.com\/fr\/wp-json\/wp\/v2\/users\/2"}],"replies":[{"embeddable":true,"href":"https:\/\/www.europesays.com\/fr\/wp-json\/wp\/v2\/comments?post=327634"}],"version-history":[{"count":0,"href":"https:\/\/www.europesays.com\/fr\/wp-json\/wp\/v2\/posts\/327634\/revisions"}],"wp:featuredmedia":[{"embeddable":true,"href":"https:\/\/www.europesays.com\/fr\/wp-json\/wp\/v2\/media\/327635"}],"wp:attachment":[{"href":"https:\/\/www.europesays.com\/fr\/wp-json\/wp\/v2\/media?parent=327634"}],"wp:term":[{"taxonomy":"category","embeddable":true,"href":"https:\/\/www.europesays.com\/fr\/wp-json\/wp\/v2\/categories?post=327634"},{"taxonomy":"post_tag","embeddable":true,"href":"https:\/\/www.europesays.com\/fr\/wp-json\/wp\/v2\/tags?post=327634"}],"curies":[{"name":"wp","href":"https:\/\/api.w.org\/{rel}","templated":true}]}}