{"id":327660,"date":"2025-08-18T18:47:11","date_gmt":"2025-08-18T18:47:11","guid":{"rendered":"https:\/\/www.europesays.com\/fr\/327660\/"},"modified":"2025-08-18T18:47:11","modified_gmt":"2025-08-18T18:47:11","slug":"trois-journees-festives-pour-celebrer-la-figue-a-sollies-pont","status":"publish","type":"post","link":"https:\/\/www.europesays.com\/fr\/327660\/","title":{"rendered":"trois journ\u00e9es festives pour c\u00e9l\u00e9brer la figue \u00e0 Solli\u00e8s-Pont"},"content":{"rendered":"<p>            Par<br \/>\n        <strong><br \/>\n            <a href=\"https:\/\/actu.fr\/auteur\/guillemette-herve\" title=\"Consulter tous les articles de Agence de presse APEI\" target=\"_blank\" rel=\"noopener\">Agence de presse APEI<\/a><br \/>\n        <\/strong><\/p>\n<p>        Publi\u00e9 le<\/p>\n<p>            18 ao\u00fbt 2025 \u00e0 18h48        <\/p>\n<p>Depuis 1997, la figue est c\u00e9l\u00e9br\u00e9e le dernier week-end du mois d\u2019ao\u00fbt \u00e0 <a href=\"https:\/\/actu.fr\/provence-alpes-cote-d-azur\/sollies-pont_83130\/var-a-77-ans-un-homme-s-est-immole-devant-la-maison-de-sa-fille_62139952.html\" target=\"_blank\" rel=\"noopener\">Solli\u00e8s-Pont<\/a>. Cette ann\u00e9e, <strong>la 28e \u00e9dition<\/strong> f\u00eatera ce joli fruit gorg\u00e9 de soleil du vendredi 29 au dimanche 31 ao\u00fbt 2025.<\/p>\n<p class=\" wall-content\">Durant trois jours, la capitale de la figue sera en f\u00eate. Le vendredi, \u00e0 21h, un grand <strong>d\u00eener d\u2019ouverture<\/strong> est pr\u00e9vu sur la place de G\u00e9n\u00e9ral de Gaulle avec un menu \u00ab\u00a0sp\u00e9cial figue\u00a0\u00bb, anim\u00e9 par l\u2019orchestre Kontrast live production (39 euros, sur r\u00e9servation).<\/p>\n<p>Jeux et ateliers culinaires<\/p>\n<p class=\" wall-content\">Les samedi et dimanche, <strong>pr\u00e8s de 150 exposants<\/strong> seront pr\u00e9sents dans les rues du centre-ville. De nombreuses animations vous attendent : march\u00e9 de producteurs, jeux, d\u00e9fil\u00e9, b\u00e9n\u00e9diction des confr\u00e9ries, ateliers culinaires, messe de la <a href=\"https:\/\/actu.fr\/lifestyle\/figue-barbarie-douceur-sous-epines_29031150.html\" target=\"_blank\" rel=\"noopener\">figue<\/a>, conf\u00e9rence sur les vertus de la figue, concours du plus gros mangeur de figues\u2026<\/p>\n<p>    <a href=\"https:\/\/www.facebook.com\/plugins\/post.php?href=https%3A%2F%2Fwww.facebook.com%2Fpermalink.php%3Fstory_fbid%3Dpfbid0CYdv3UD6s9pefT37WuatVzP3ViEvS2EtADrUykahTrjbnG9YR1kLiYJdnj7t5eBkl%26id%3D100083143938366&amp;show_text=true&amp;width=350\" title=\"Ouvrie le lien\" target=\"_blank\" rel=\"noopener\">Cliquez ici pour visualiser le contenu<\/a><\/p>\n<p class=\" wall-content\">Et le samedi matin, une randonn\u00e9e m\u00e8nera les marcheurs dans <strong>les champs de figuiers<\/strong>, avec une visite de la coop\u00e9rative. Parfait pour se mettre en app\u00e9tit avant une d\u00e9gustation.<\/p>\n<p class=\" wall-content\">Personnalisez votre actualit\u00e9 en ajoutant vos villes et m\u00e9dias en favori avec <a href=\"https:\/\/moncompte.actu.fr\" title=\"D\u00e9couvez Mon Actu\" rel=\"nofollow noopener\" data-trk=\"{&quot;cta&quot;:{&quot;action&quot;:&quot;https:\\\/\\\/moncompte.actu.fr&quot;,&quot;category&quot;:&quot;mon compte&quot;,&quot;from&quot;:&quot;article footer&quot;,&quot;name&quot;:&quot;Mon actu&quot;,&quot;type&quot;:&quot;cta&quot;}}\" target=\"_blank\">Mon Actu<\/a>.<\/p>\n","protected":false},"excerpt":{"rendered":"Par Agence de presse APEI Publi\u00e9 le 18 ao\u00fbt 2025 \u00e0 18h48 Depuis 1997, la figue est c\u00e9l\u00e9br\u00e9e&hellip;\n","protected":false},"author":2,"featured_media":327661,"comment_status":"","ping_status":"","sticky":false,"template":"","format":"standard","meta":{"footnotes":""},"categories":[9619],"tags":[1111,11,258,1063,1777,674,1011,27,1652,12,882,25,2310],"class_list":{"0":"post-327660","1":"post","2":"type-post","3":"status-publish","4":"format-standard","5":"has-post-thumbnail","7":"category-toulon","8":"tag-actu","9":"tag-actualites","10":"tag-alimentation","11":"tag-animations","12":"tag-eu","13":"tag-europe","14":"tag-fr","15":"tag-france","16":"tag-loisirs-culture","17":"tag-news","18":"tag-provence-alpes-cote-dazur","19":"tag-republique-francaise","20":"tag-toulon"},"share_on_mastodon":{"url":"https:\/\/pubeurope.com\/@fr\/115051262451053743","error":""},"_links":{"self":[{"href":"https:\/\/www.europesays.com\/fr\/wp-json\/wp\/v2\/posts\/327660","targetHints":{"allow":["GET"]}}],"collection":[{"href":"https:\/\/www.europesays.com\/fr\/wp-json\/wp\/v2\/posts"}],"about":[{"href":"https:\/\/www.europesays.com\/fr\/wp-json\/wp\/v2\/types\/post"}],"author":[{"embeddable":true,"href":"https:\/\/www.europesays.com\/fr\/wp-json\/wp\/v2\/users\/2"}],"replies":[{"embeddable":true,"href":"https:\/\/www.europesays.com\/fr\/wp-json\/wp\/v2\/comments?post=327660"}],"version-history":[{"count":0,"href":"https:\/\/www.europesays.com\/fr\/wp-json\/wp\/v2\/posts\/327660\/revisions"}],"wp:featuredmedia":[{"embeddable":true,"href":"https:\/\/www.europesays.com\/fr\/wp-json\/wp\/v2\/media\/327661"}],"wp:attachment":[{"href":"https:\/\/www.europesays.com\/fr\/wp-json\/wp\/v2\/media?parent=327660"}],"wp:term":[{"taxonomy":"category","embeddable":true,"href":"https:\/\/www.europesays.com\/fr\/wp-json\/wp\/v2\/categories?post=327660"},{"taxonomy":"post_tag","embeddable":true,"href":"https:\/\/www.europesays.com\/fr\/wp-json\/wp\/v2\/tags?post=327660"}],"curies":[{"name":"wp","href":"https:\/\/api.w.org\/{rel}","templated":true}]}}