{"id":327668,"date":"2025-08-18T18:52:14","date_gmt":"2025-08-18T18:52:14","guid":{"rendered":"https:\/\/www.europesays.com\/fr\/327668\/"},"modified":"2025-08-18T18:52:14","modified_gmt":"2025-08-18T18:52:14","slug":"il-cree-une-application-pour-permettre-aux-artistes-de-repeter-leurs-spectacles","status":"publish","type":"post","link":"https:\/\/www.europesays.com\/fr\/327668\/","title":{"rendered":"Il cr\u00e9e une application pour permettre aux artistes de r\u00e9p\u00e9ter leurs spectacles"},"content":{"rendered":"<p>            Par<br \/>\n        <strong><br \/>\n            <a href=\"https:\/\/actu.fr\/auteur\/chloe-lentier\" title=\"Consulter tous les articles de Chlo\u00e9 LENTIER\" target=\"_blank\" rel=\"noopener\">Chlo\u00e9 LENTIER<\/a><br \/>\n        <\/strong><\/p>\n<p>        Publi\u00e9 le<\/p>\n<p>            18 ao\u00fbt 2025 \u00e0 17h59        <\/p>\n<p>Quand il s\u2019est lanc\u00e9 dans le <b>th\u00e9\u00e2tre <\/b>\u00e0 40\u00a0ans, Cyrille P\u00e9rin, habitant de <a href=\"https:\/\/actu.fr\/normandie\/caudebec-les-elbeuf_76165\" target=\"_blank\" rel=\"noopener\">Caudebec-l\u00e8s-Elbeuf<\/a> (Seine-Maritime), s\u2019est vite heurt\u00e9 \u00e0 une r\u00e9alit\u00e9\u2009: trouver une <b>salle de r\u00e9p\u00e9tition<\/b>, c\u2019est un parcours du combattant. \u00ab\u2009C\u2019est toujours la m\u00eame gal\u00e8re\u2009: on conna\u00eet une ou deux salles, mais si elles sont prises, on ne sait jamais o\u00f9 aller. Il faut appeler, rappeler, on ne conna\u00eet pas le <b>prix<\/b>, ni le mat\u00e9riel disponible\u2009\u00bb, raconte-t-il. Cet ancien \u00e9tudiant en \u00e9cole de commerce imagine alors une solution simple, presque \u00e9vidente\u2009: une <b>plateforme <\/b>o\u00f9 les artistes pourraient r\u00e9server une salle <b>en ligne<\/b>, comme on r\u00e9serve un logement sur <b>Airbnb<\/b>. IzyShow \u00e9tait n\u00e9.<\/p>\n<p>Une plateforme cr\u00e9\u00e9e en 2022<\/p>\n<p class=\" wall-content\">Le projet de Cyrille P\u00e9rin m\u00fbrissait depuis plusieurs ann\u00e9es. Apr\u00e8s avoir \u00e9t\u00e9 accompagn\u00e9 par un <b>incubateur culturel<\/b> en 2018 et d\u00e9pos\u00e9 les statuts en 2019, il avait imagin\u00e9 un lancement rapide\u2009: \u00ab\u2009On avait fait un super business plan, on pensait partir en vacances aux Bahamas les deux ann\u00e9es suivantes\u2009\u00bb, raconte-t-il, avec humour. Mais la pand\u00e9mie du COVID-19 a tout boulevers\u00e9, et le <b>projet <\/b>a \u00e9t\u00e9 retard\u00e9.<\/p>\n<p class=\" wall-content\">Malgr\u00e9 les difficult\u00e9s, Cyrille s\u2019est d\u00e9brouill\u00e9 seul et a finalement lanc\u00e9 sa plateforme en avril\u00a02022. Depuis, il vit de ce projet en <b>autofinancement<\/b>, avec un petit coup de pouce d\u2019un business angel. \u00ab\u2009Je travaille avec des stagiaires et le bouche \u00e0 oreille fonctionne plut\u00f4t bien.\u2009\u00bb, souligne-t-il.<\/p>\n<p>Des salles aux quatre coins de la France<\/p>\n<p class=\" wall-content\">\u00c0 son lancement, IzyShow ne recensait que trois salles. Aujourd\u2019hui, la plateforme en compte une <b>centaine<\/b>, de Marseille \u00e0 Bordeaux, en passant par Paris et les petits villages de campagne.<\/p>\n<p class=\" wall-content\">Le principe est simple\u2009: une <b>carte interactive<\/b> et des filtres permettent de s\u00e9lectionner budget, superficie, miroirs, sol adapt\u00e9 \u00e0 la danse, piano, acc\u00e8s PMR, puis de <b>r\u00e9server <\/b>directement en ligne.<\/p>\n<p>Vid\u00e9os : en ce moment sur Actu<\/p>\n<blockquote class=\"ac-article-quote wall-content\">\n<p>Une compagnie peut avoir besoin d\u2019un petit local pour lire un texte, puis d\u2019un grand plateau pour mettre en sc\u00e8ne. Mon but est de proposer toutes les \u00e9tapes de travail.<\/p>\n<p>Cyrille P\u00e9rin, cr\u00e9ateur de IzyShow<\/p><\/blockquote>\n<p class=\" wall-content\">Certaines offres vont plus loin\u2009: en pleine <b>campagne<\/b>, il est possible de r\u00e9p\u00e9ter et de dormir sur place, transformant la semaine en v\u00e9ritable r\u00e9sidence artistique. IzyShow rassemble ainsi des <b>studios de danse<\/b>, <b>th\u00e9\u00e2tres municipaux<\/b> et des <b>espaces associatifs<\/b>.<\/p>\n<p>Votre r\u00e9gion, votre actu !<\/p>\n<p>Recevez chaque jour les infos qui comptent pour vous.<\/p>\n<p>\t<a href=\"https:\/\/actu.fr\/newsletter\" class=\"ac-btn ac-btn--corner ac-btn--medium ac-btn--blue800\" target=\"_blank\" rel=\"noopener\">S&rsquo;incrire<\/a><\/p>\n<p class=\" wall-content\">Pour son cr\u00e9ateur, IzyShow n\u2019est pas qu\u2019un outil pratique. Derri\u00e8re l\u2019application, il y a une conviction\u2009: celle de d\u00e9cloisonner les mondes.<\/p>\n<blockquote class=\"ac-article-quote wall-content\">\n<p>La r\u00e9p\u00e9tition peut devenir un vecteur de culture. Cela peut amener les gens \u00e0 aimer le spectacle vivant alors qu\u2019ils n\u2019ont pas les codes.<\/p>\n<p>Cyrille P\u00e9rin, cr\u00e9ateur de IzyShow<\/p><\/blockquote>\n<p class=\" wall-content\">Il d\u00e9marche ainsi Emma\u00fcs, des \u00e9coles, des <b>EHPAD<\/b>, pour ouvrir les portes de ces salles parfois inutilis\u00e9es. \u00ab\u2009Les r\u00e9sidents ou visiteurs pourraient ainsi assister aux r\u00e9p\u00e9titions, et <b>\u00e9changer <\/b>avec les artistes, avant de terminer par un petit spectacle. \u00c7a cr\u00e9e incontestablement du <b>lien\u2009<\/b>\u00bb, s\u2019enthousiasme-t-il.<\/p>\n<p>\u00ab\u2009Pour que \u00e7a tourne, il faudrait atteindre 500 lieux r\u00e9f\u00e9renc\u00e9s\u2009!\u2009\u00bb<\/p>\n<p class=\" wall-content\">Apr\u00e8s deux passages au Festival d\u2019Avignon et quelques retomb\u00e9es m\u00e9diatiques, la plateforme gagne petit \u00e0 petit en notori\u00e9t\u00e9. Pr\u00e8s de <b>1\u2009600 artistes<\/b> ou compagnies sont d\u00e9j\u00e0 inscrits, mais Cyrille voit les choses en grand\u2009: \u00ab\u2009Pour que \u00e7a tourne, il faudrait atteindre <b>500 lieux r\u00e9f\u00e9renc\u00e9s<\/b>\u2009!\u2009\u00bb. Un d\u00e9fi, notamment dans les petites communes o\u00f9 il faut convaincre. \u00ab\u2009Beaucoup pensent que louer une salle, c\u2019est se compliquer la vie. Moi, je veux leur d\u00e9montrer que c\u2019est une ressource pour les artistes et pour le territoire.\u2009\u00bb<\/p>\n<p class=\" wall-content\">Sur le territoire elbeuvien par exemple, deux salles sont actuellement r\u00e9f\u00e9renc\u00e9es, \u00e0 savoir l\u2019<b>Espace Bourvil<\/b> \u00e0 Caudebec-l\u00e8s-Elbeuf, et l\u2019Acad\u00e9mie des Arts d\u2019Elbeuf (connue anciennement sous le Centre artistique des Hirondelles) situ\u00e9e dans les bureaux de l\u2019ancienne usine de draps historique Blin &amp; Blin, au 2 cours Gambetta \u00e0 <a href=\"https:\/\/actu.fr\/normandie\/elbeuf_76231\" target=\"_blank\" rel=\"noopener\">Elbeuf<\/a> (Seine-Maritime).<\/p>\n<p class=\" wall-content\">\u00c0 terme, Cyrille imagine des r\u00e9p\u00e9titions dans un <b>hangar agricole <\/b>ou dans une <b>cantine d\u2019entreprise<\/b>. \u00ab\u2009Imaginez\u2009: vous prenez un caf\u00e9 au boulot et derri\u00e8re vous, un quatuor \u00e0 cordes travaille son concerto. \u00c7a cr\u00e9e un choc, une rencontre, et parfois une vocation\u2009\u00bb, glisse-t-il.<\/p>\n<p class=\" wall-content\">Personnalisez votre actualit\u00e9 en ajoutant vos villes et m\u00e9dias en favori avec <a href=\"https:\/\/moncompte.actu.fr\" title=\"D\u00e9couvez Mon Actu\" rel=\"nofollow noopener\" data-trk=\"{&quot;cta&quot;:{&quot;action&quot;:&quot;https:\\\/\\\/moncompte.actu.fr&quot;,&quot;category&quot;:&quot;mon compte&quot;,&quot;from&quot;:&quot;article footer&quot;,&quot;name&quot;:&quot;Mon actu&quot;,&quot;type&quot;:&quot;cta&quot;}}\" target=\"_blank\">Mon Actu<\/a>.<\/p>\n","protected":false},"excerpt":{"rendered":"Par Chlo\u00e9 LENTIER Publi\u00e9 le 18 ao\u00fbt 2025 \u00e0 17h59 Quand il s\u2019est lanc\u00e9 dans le th\u00e9\u00e2tre \u00e0&hellip;\n","protected":false},"author":2,"featured_media":327669,"comment_status":"","ping_status":"","sticky":false,"template":"","format":"standard","meta":{"footnotes":""},"categories":[9587],"tags":[1111,11,5398,5972,1777,674,1011,27,1757,12,5161,25,9590],"class_list":{"0":"post-327668","1":"post","2":"type-post","3":"status-publish","4":"format-standard","5":"has-post-thumbnail","7":"category-rouen","8":"tag-actu","9":"tag-actualites","10":"tag-cirque","11":"tag-danse","12":"tag-eu","13":"tag-europe","14":"tag-fr","15":"tag-france","16":"tag-insolite","17":"tag-news","18":"tag-normandie","19":"tag-republique-francaise","20":"tag-rouen"},"share_on_mastodon":{"url":"https:\/\/pubeurope.com\/@fr\/115051282063914181","error":""},"_links":{"self":[{"href":"https:\/\/www.europesays.com\/fr\/wp-json\/wp\/v2\/posts\/327668","targetHints":{"allow":["GET"]}}],"collection":[{"href":"https:\/\/www.europesays.com\/fr\/wp-json\/wp\/v2\/posts"}],"about":[{"href":"https:\/\/www.europesays.com\/fr\/wp-json\/wp\/v2\/types\/post"}],"author":[{"embeddable":true,"href":"https:\/\/www.europesays.com\/fr\/wp-json\/wp\/v2\/users\/2"}],"replies":[{"embeddable":true,"href":"https:\/\/www.europesays.com\/fr\/wp-json\/wp\/v2\/comments?post=327668"}],"version-history":[{"count":0,"href":"https:\/\/www.europesays.com\/fr\/wp-json\/wp\/v2\/posts\/327668\/revisions"}],"wp:featuredmedia":[{"embeddable":true,"href":"https:\/\/www.europesays.com\/fr\/wp-json\/wp\/v2\/media\/327669"}],"wp:attachment":[{"href":"https:\/\/www.europesays.com\/fr\/wp-json\/wp\/v2\/media?parent=327668"}],"wp:term":[{"taxonomy":"category","embeddable":true,"href":"https:\/\/www.europesays.com\/fr\/wp-json\/wp\/v2\/categories?post=327668"},{"taxonomy":"post_tag","embeddable":true,"href":"https:\/\/www.europesays.com\/fr\/wp-json\/wp\/v2\/tags?post=327668"}],"curies":[{"name":"wp","href":"https:\/\/api.w.org\/{rel}","templated":true}]}}