{"id":327670,"date":"2025-08-18T18:53:12","date_gmt":"2025-08-18T18:53:12","guid":{"rendered":"https:\/\/www.europesays.com\/fr\/327670\/"},"modified":"2025-08-18T18:53:12","modified_gmt":"2025-08-18T18:53:12","slug":"echirolles-se-faisant-passer-pour-un-faux-agent-dedf-il-derobe-le-portefeuille-dune-personne-agee","status":"publish","type":"post","link":"https:\/\/www.europesays.com\/fr\/327670\/","title":{"rendered":"\u00c9chirolles. Se faisant passer pour un faux agent d\u2019EDF, il d\u00e9robe le portefeuille d\u2019une personne \u00e2g\u00e9e"},"content":{"rendered":"<p>Une femme \u00e2g\u00e9e de 80 ans a \u00e9t\u00e9 victime d\u2019un vol par fausse qualit\u00e9, ce lundi 18\u00a0ao\u00fbt, all\u00e9e du Berry \u00e0 \u00c9chirolles. D\u2019apr\u00e8s les premiers \u00e9l\u00e9ments, la victime, qui rentrait chez elle en fin de matin\u00e9e, pense avoir \u00e9t\u00e9 suivie par un homme, qui une fois devant sa porte d\u2019entr\u00e9e a demand\u00e9 \u00e0 relever son compteur d\u2019\u00e9lectricit\u00e9. L\u2019homme portait une tenue pouvant laisser penser qu\u2019il travaillait chez EDF, a appris Le Dauphin\u00e9 Lib\u00e9r\u00e9.<\/p>\n<p>Ce dernier s\u2019est introduit dans le domicile avec l\u2019autorisation de la dame \u00e2g\u00e9e et a quitt\u00e9 les lieux peu de temps apr\u00e8s. Ne parvenant plus \u00e0 trouver son portefeuille, la victime a contact\u00e9 les services de police qui ont constat\u00e9 le vol et proc\u00e9d\u00e9 \u00e0 recherches dans le quartier pour tenter de retrouver le suspect en fuite. Recherches qui se sont r\u00e9v\u00e9l\u00e9es vaines.<\/p>\n<p>Ce contenu est bloqu\u00e9 car vous n&rsquo;avez pas accept\u00e9 les cookies et autres traceurs.<\/p>\n<p>En cliquant sur \u00ab J\u2019accepte \u00bb, les cookies et autres traceurs seront d\u00e9pos\u00e9s et vous pourrez visualiser les contenus  (<a href=\"\" class=\"consentModule_policy\" target=\"_blank\" title=\"Consulter la politique de protection des donn\u00e9es du fournisseur\">plus d&rsquo;informations<\/a>).<\/p>\n<p>En cliquant sur \u00ab J\u2019accepte tous les cookies \u00bb, vous autorisez des d\u00e9p\u00f4ts de cookies et autres traceurs pour le stockage de vos donn\u00e9es sur nos sites et applications \u00e0 des fins de personnalisation et de ciblage publicitaire.<\/p>\n<p class=\"consentModule_secondaryText\">Vous gardez la possibilit\u00e9 de retirer votre consentement \u00e0 tout moment en consultant notre <a href=\"https:\/\/www.ledauphine.com\/protection-des-donnees\" target=\"_blank\" title=\"Consulter notre politique de protection des donn\u00e9es\" rel=\"noopener\">politique de protection des donn\u00e9es<\/a>. <br \/>&#13;<br \/>\n            <a href=\"https:\/\/www.ledauphine.com\/faits-divers-justice\/2025\/08\/18\/javascript:Didomi.notice.show()\" class=\"consentModule_cmp\" target=\"_blank\" rel=\"noopener\">G\u00e9rer mes choix<\/a>&#13;\n        <\/p>\n<p>&#13;<br \/>\n                        J&rsquo;accepte&#13;<br \/>\n            J&rsquo;accepte tous les cookies&#13;\n        <\/p>\n","protected":false},"excerpt":{"rendered":"Une femme \u00e2g\u00e9e de 80 ans a \u00e9t\u00e9 victime d\u2019un vol par fausse qualit\u00e9, ce lundi 18\u00a0ao\u00fbt, all\u00e9e&hellip;\n","protected":false},"author":2,"featured_media":327671,"comment_status":"","ping_status":"","sticky":false,"template":"","format":"standard","meta":{"footnotes":""},"categories":[9566],"tags":[1111,11,2430,271,272,9852,9853,112,1777,674,274,107,1011,27,2731,108,12,25],"class_list":{"0":"post-327670","1":"post","2":"type-post","3":"status-publish","4":"format-standard","5":"has-post-thumbnail","7":"category-grenoble","8":"tag-actu","9":"tag-actualites","10":"tag-auvergne-rhone-alpes","11":"tag-crime","12":"tag-delit-et-contravention","13":"tag-echirolles","14":"tag-echirolles-bassin","15":"tag-edition-grenoble-agglomeration","16":"tag-eu","17":"tag-europe","18":"tag-faits-divers-justice","19":"tag-fil-info","20":"tag-fr","21":"tag-france","22":"tag-grenoble","23":"tag-isere","24":"tag-news","25":"tag-republique-francaise"},"share_on_mastodon":{"url":"https:\/\/pubeurope.com\/@fr\/115051285915131116","error":""},"_links":{"self":[{"href":"https:\/\/www.europesays.com\/fr\/wp-json\/wp\/v2\/posts\/327670","targetHints":{"allow":["GET"]}}],"collection":[{"href":"https:\/\/www.europesays.com\/fr\/wp-json\/wp\/v2\/posts"}],"about":[{"href":"https:\/\/www.europesays.com\/fr\/wp-json\/wp\/v2\/types\/post"}],"author":[{"embeddable":true,"href":"https:\/\/www.europesays.com\/fr\/wp-json\/wp\/v2\/users\/2"}],"replies":[{"embeddable":true,"href":"https:\/\/www.europesays.com\/fr\/wp-json\/wp\/v2\/comments?post=327670"}],"version-history":[{"count":0,"href":"https:\/\/www.europesays.com\/fr\/wp-json\/wp\/v2\/posts\/327670\/revisions"}],"wp:featuredmedia":[{"embeddable":true,"href":"https:\/\/www.europesays.com\/fr\/wp-json\/wp\/v2\/media\/327671"}],"wp:attachment":[{"href":"https:\/\/www.europesays.com\/fr\/wp-json\/wp\/v2\/media?parent=327670"}],"wp:term":[{"taxonomy":"category","embeddable":true,"href":"https:\/\/www.europesays.com\/fr\/wp-json\/wp\/v2\/categories?post=327670"},{"taxonomy":"post_tag","embeddable":true,"href":"https:\/\/www.europesays.com\/fr\/wp-json\/wp\/v2\/tags?post=327670"}],"curies":[{"name":"wp","href":"https:\/\/api.w.org\/{rel}","templated":true}]}}