{"id":327672,"date":"2025-08-18T18:54:15","date_gmt":"2025-08-18T18:54:15","guid":{"rendered":"https:\/\/www.europesays.com\/fr\/327672\/"},"modified":"2025-08-18T18:54:15","modified_gmt":"2025-08-18T18:54:15","slug":"grenoble-projection-du-film-animals-le-vendredi-29-aout","status":"publish","type":"post","link":"https:\/\/www.europesays.com\/fr\/327672\/","title":{"rendered":"Grenoble. Projection du film Animals le vendredi 29\u00a0ao\u00fbt"},"content":{"rendered":"<p>Le Mus\u00e9um de Grenoble organise la projection du film Animals le vendredi 29\u00a0ao\u00fbt de 14\u00a0h\u00a030 \u00e0 17\u00a0h\u00a030.<\/p>\n<p>Des images \u00e9blouissantes, de la musique relaxante, des sons de la nature et des paysages \u00e0 couper le souffle.<\/p>\n<p>Cinq minutes ou trois heures\u2026 Les participants peuvent venir quand ils le souhaitent et repartir apais\u00e9s. Entr\u00e9e libre. Public adulte et enfant d\u00e8s 6-7 ans.<\/p>\n<p>Rendez-vous \u00e0 l\u2019auditorium.<\/p>\n<p class=\"note\">Mus\u00e9um de Grenoble 1 rue Dolomieu<\/p>\n","protected":false},"excerpt":{"rendered":"Le Mus\u00e9um de Grenoble organise la projection du film Animals le vendredi 29\u00a0ao\u00fbt de 14\u00a0h\u00a030 \u00e0 17\u00a0h\u00a030. Des&hellip;\n","protected":false},"author":2,"featured_media":327673,"comment_status":"","ping_status":"","sticky":false,"template":"","format":"standard","meta":{"footnotes":""},"categories":[9566],"tags":[1111,11,2430,1687,112,1777,674,1011,27,2731,2732,12,25],"class_list":{"0":"post-327672","1":"post","2":"type-post","3":"status-publish","4":"format-standard","5":"has-post-thumbnail","7":"category-grenoble","8":"tag-actu","9":"tag-actualites","10":"tag-auvergne-rhone-alpes","11":"tag-culture-loisirs","12":"tag-edition-grenoble-agglomeration","13":"tag-eu","14":"tag-europe","15":"tag-fr","16":"tag-france","17":"tag-grenoble","18":"tag-grenoble-bassin","19":"tag-news","20":"tag-republique-francaise"},"share_on_mastodon":{"url":"https:\/\/pubeurope.com\/@fr\/115051289865691701","error":""},"_links":{"self":[{"href":"https:\/\/www.europesays.com\/fr\/wp-json\/wp\/v2\/posts\/327672","targetHints":{"allow":["GET"]}}],"collection":[{"href":"https:\/\/www.europesays.com\/fr\/wp-json\/wp\/v2\/posts"}],"about":[{"href":"https:\/\/www.europesays.com\/fr\/wp-json\/wp\/v2\/types\/post"}],"author":[{"embeddable":true,"href":"https:\/\/www.europesays.com\/fr\/wp-json\/wp\/v2\/users\/2"}],"replies":[{"embeddable":true,"href":"https:\/\/www.europesays.com\/fr\/wp-json\/wp\/v2\/comments?post=327672"}],"version-history":[{"count":0,"href":"https:\/\/www.europesays.com\/fr\/wp-json\/wp\/v2\/posts\/327672\/revisions"}],"wp:featuredmedia":[{"embeddable":true,"href":"https:\/\/www.europesays.com\/fr\/wp-json\/wp\/v2\/media\/327673"}],"wp:attachment":[{"href":"https:\/\/www.europesays.com\/fr\/wp-json\/wp\/v2\/media?parent=327672"}],"wp:term":[{"taxonomy":"category","embeddable":true,"href":"https:\/\/www.europesays.com\/fr\/wp-json\/wp\/v2\/categories?post=327672"},{"taxonomy":"post_tag","embeddable":true,"href":"https:\/\/www.europesays.com\/fr\/wp-json\/wp\/v2\/tags?post=327672"}],"curies":[{"name":"wp","href":"https:\/\/api.w.org\/{rel}","templated":true}]}}