{"id":327674,"date":"2025-08-18T18:55:13","date_gmt":"2025-08-18T18:55:13","guid":{"rendered":"https:\/\/www.europesays.com\/fr\/327674\/"},"modified":"2025-08-18T18:55:13","modified_gmt":"2025-08-18T18:55:13","slug":"bloquons-tout-le-10-septembre-comment-le-mouvement-tente-de-sorganiser-en-ille-et-vilaine","status":"publish","type":"post","link":"https:\/\/www.europesays.com\/fr\/327674\/","title":{"rendered":"\u00ab\u00a0Bloquons tout\u00a0le 10 septembre \u00bb\u00a0: comment le mouvement tente de s\u2019organiser en Ille-et-Vilaine"},"content":{"rendered":"<p>\u00ab Bloquons l\u2019Ille-et-Vilaine \u00e0 partir du 10 septembre 2025 : d\u00e9sob\u00e9issance civile, entraide locale, boycott \u00bb. Dans le centre-ville de Rennes, l\u2019affiche est coll\u00e9e sur une borne, un peu \u00e0 l\u2019\u00e9cart de la sortie du m\u00e9tro Charles-de-Gaulle. Le mot d\u2019ordre est accompagn\u00e9 d\u2019un dessin d\u2019hermine \u00e9quip\u00e9e d\u2019une fourche. Et, surtout, d\u2019un QR code renvoyant vers le site d\u2019Indignons-nous, ce mouvement national spontan\u00e9 qui appelle \u00e0 bloquer le pays \u00e0 cette date.<\/p>\n<p>Un mouvement n\u00e9 sur les r\u00e9seaux sociaux aux origines floues, qui n\u2019est pas sans rappeler celui des gilets jaunes de fin 2018. Les premi\u00e8res mentions d\u2019un blocage le 10 septembre remonteraient au mois de mai, diffus\u00e9es sur un compte confidentiel aux accents souverainistes. Suite \u00e0 la pr\u00e9sentation du plan d\u2019\u00e9conomies du gouvernement Bayrou le 15 juillet, l\u2019appel s\u2019est r\u00e9pandu massivement sur Internet. Aujourd\u2019hui, <a href=\"https:\/\/indignonsnous.fr\/\" target=\"_blank\" rel=\"nofollow noopener\">la plateforme Indignons-nous<\/a> en est devenue la t\u00eate de proue.<\/p>\n<p>On y trouve, notamment, le lien vers la boucle de discussion \u00ab Indignons-nous Ille-et-Vilaine \u00bb, ouverte le 2 ao\u00fbt sur la messagerie crypt\u00e9e Telegram. \u00c0 l\u2019heure o\u00f9 nous mettons en ligne, elle regroupe 340 membres, utilisant pour la plupart des pseudonymes. Une avalanche de messages o\u00f9 se retrouvent, p\u00eale-m\u00eale, des communiqu\u00e9s officiels du groupe national, des d\u00e9bats sur la forme de la mobilisation \u00e0 venir, des sondages\u2026 Mais aussi les comptes-rendus des assembl\u00e9es g\u00e9n\u00e9rales qui ont lieu \u00e0 Rennes les 3, 10 et 17 ao\u00fbt.<\/p>\n<p>Appel \u00e0 un \u00ab blocage \u00e9conomique \u00bb en Ille-et-Vilaine<\/p>\n<p>La premi\u00e8re aurait ainsi r\u00e9uni 23 personnes (18 hommes et cinq femmes), d\u2019apr\u00e8s le document consultable par tous. Leurs revendications ? \u00ab Refus que la crise p\u00e8se sur les populations les plus pauvres \u00bb. \u00ab Un salaire minimum net \u00e0 2000 euros \u00bb. Ou encore \u00ab opposition claire \u00e0 l\u2019aust\u00e9rit\u00e9 gouvernementale, \u00e0 la hausse g\u00e9n\u00e9rale des prix et \u00e0 la r\u00e9forme des retraites \u00bb. Les participants notent aussi leur volont\u00e9 d\u2019\u00eatre ind\u00e9pendants de tout parti ou syndicat, de garder leur autonomie vis-\u00e0-vis du collectif national, tout en s\u2019inscrivant \u00ab dans la strat\u00e9gie commune \u00bb.<\/p>\n<p>Parmi les modes d\u2019actions \u00e9voqu\u00e9s : \u00ab occupation de mairie, actions contre les banques\/manif \u00bb ou encore blocage de grands axes de circulation et des ronds-points, comme aux temps des gilets jaunes. \u00ab In fine, le 10, on part plut\u00f4t sur un blocage \u00e9conomique \u00bb, r\u00e9sume le compte rendu de l\u2019AG du 17 ao\u00fbt. Un \u00ab barbecue populaire \u00bb est \u00e9galement \u00e9voqu\u00e9 pour le samedi 6 septembre, \u00e0 quelques jours de la date du blocage.<\/p>\n<p>Difficult\u00e9s d\u2019organisation<\/p>\n<p>Mais pas toujours simple de s\u2019y retrouver, regrettent certains participants \u00e0 la discussion. Une autre boucle concernant l\u2019Ille-et-Vilaine existait d\u00e9j\u00e0 sous la forme d\u2019une rubrique de la discussion r\u00e9gionale \u00ab Indignons-nous Bretagne \u00bb. D\u2019autant qu\u2019un troisi\u00e8me groupe, \u00ab AG &#8211; Bloquons tout 35 \u00bb, a \u00e9galement \u00e9t\u00e9 lanc\u00e9, cette fois sur l\u2019application Signal. Ce dernier aurait surtout pour vocation \u00e0 organiser le mouvement. Telegram servirait plut\u00f4t au d\u00e9bat et au partage des infos.<\/p>\n<p>Des tensions transparaissent aussi au fil des messages. Une atmosph\u00e8re virant parfois aux r\u00e8glements de compte, ouvertement critiqu\u00e9e par certains, craignant des divisions avant m\u00eame le jour J. Ainsi, le premier administrateur du groupe s\u2019est vu accuser de \u00ab mener des r\u00e9unions de fa\u00e7on autoritaire \u00bb par un membre actif et de bannir un peu trop facilement des personnes aux opinions contraires aux siennes. Il a ensuite \u00e9t\u00e9 remplac\u00e9 par deux autres administrateurs provisoires lors d\u2019un vote virtuel. Nous avons tent\u00e9 de joindre l\u2019un d\u2019entre eux : \u00ab\u00a0Suite \u00e0 une consultation collective, nous sommes dans le regret de vous dire que nous ne pouvons donner suite \u00e0 votre demande\u00a0\u00bb, nous a-t-on r\u00e9pondu.<\/p>\n<p>Le mouvement naissant en Ille-et-Vilaine parviendra-t-il \u00e0 d\u00e9passer ces difficult\u00e9s d\u2019organisation ? Une nouvelle AG est pr\u00e9vue d\u00e8s ce dimanche \u00e0 Rennes. Le lieu n\u2019a pas encore \u00e9t\u00e9 d\u00e9termin\u00e9.<\/p>\n","protected":false},"excerpt":{"rendered":"\u00ab Bloquons l\u2019Ille-et-Vilaine \u00e0 partir du 10 septembre 2025 : d\u00e9sob\u00e9issance civile, entraide locale, boycott \u00bb. Dans le&hellip;\n","protected":false},"author":2,"featured_media":327675,"comment_status":"","ping_status":"","sticky":false,"template":"","format":"standard","meta":{"footnotes":""},"categories":[2821],"tags":[1111,11,829,765,1777,674,1011,27,848,2088,12,584,25,801],"class_list":{"0":"post-327674","1":"post","2":"type-post","3":"status-publish","4":"format-standard","5":"has-post-thumbnail","7":"category-rennes","8":"tag-actu","9":"tag-actualites","10":"tag-bretagne","11":"tag-en-continu","12":"tag-eu","13":"tag-europe","14":"tag-fr","15":"tag-france","16":"tag-ille-et-vilaine","17":"tag-manifestation","18":"tag-news","19":"tag-rennes","20":"tag-republique-francaise","21":"tag-social"},"share_on_mastodon":{"url":"https:\/\/pubeurope.com\/@fr\/115051293888399001","error":""},"_links":{"self":[{"href":"https:\/\/www.europesays.com\/fr\/wp-json\/wp\/v2\/posts\/327674","targetHints":{"allow":["GET"]}}],"collection":[{"href":"https:\/\/www.europesays.com\/fr\/wp-json\/wp\/v2\/posts"}],"about":[{"href":"https:\/\/www.europesays.com\/fr\/wp-json\/wp\/v2\/types\/post"}],"author":[{"embeddable":true,"href":"https:\/\/www.europesays.com\/fr\/wp-json\/wp\/v2\/users\/2"}],"replies":[{"embeddable":true,"href":"https:\/\/www.europesays.com\/fr\/wp-json\/wp\/v2\/comments?post=327674"}],"version-history":[{"count":0,"href":"https:\/\/www.europesays.com\/fr\/wp-json\/wp\/v2\/posts\/327674\/revisions"}],"wp:featuredmedia":[{"embeddable":true,"href":"https:\/\/www.europesays.com\/fr\/wp-json\/wp\/v2\/media\/327675"}],"wp:attachment":[{"href":"https:\/\/www.europesays.com\/fr\/wp-json\/wp\/v2\/media?parent=327674"}],"wp:term":[{"taxonomy":"category","embeddable":true,"href":"https:\/\/www.europesays.com\/fr\/wp-json\/wp\/v2\/categories?post=327674"},{"taxonomy":"post_tag","embeddable":true,"href":"https:\/\/www.europesays.com\/fr\/wp-json\/wp\/v2\/tags?post=327674"}],"curies":[{"name":"wp","href":"https:\/\/api.w.org\/{rel}","templated":true}]}}