{"id":327676,"date":"2025-08-18T18:56:11","date_gmt":"2025-08-18T18:56:11","guid":{"rendered":"https:\/\/www.europesays.com\/fr\/327676\/"},"modified":"2025-08-18T18:56:11","modified_gmt":"2025-08-18T18:56:11","slug":"om-rabiot-et-rowe-ecartes-temporairement-par-le-club-apres-leur-altercation-a-rennes","status":"publish","type":"post","link":"https:\/\/www.europesays.com\/fr\/327676\/","title":{"rendered":"OM\u00a0: Rabiot et Rowe \u00e9cart\u00e9s temporairement par le club apr\u00e8s leur altercation \u00e0 Rennes"},"content":{"rendered":"<p>Les deux joueurs qui se sont \u00e9charp\u00e9s dans le vestiaire vendredi apr\u00e8s la d\u00e9faite des Olympiens ont \u00e9t\u00e9 mis \u00e0 l&rsquo;\u00e9cart par le club. <\/p>\n<p><strong>Apr\u00e8s la crise de nerfs, l&rsquo;OM s\u00e9vit.<\/strong> Jonathan Rowe et Adrien Rabiot ont \u00e9t\u00e9 \u00e9cart\u00e9s temporairement de l&rsquo;\u00e9quipe premi\u00e8re, a appris ce lundi ici Provence, confirmant une information\u00a0<a target=\"_blank\" rel=\"nofollow noopener noreferrer\" class=\"IciLink ici-link IciArticleLink g-ici-body-regular-1 underline brand svelte-lu7k6w\" href=\"https:\/\/rmcsport.bfmtv.com\/football\/ligue-1\/om-adrien-rabiot-et-jonathan-rowe-temporairement-ecartes-de-l-equipe-premiere_AV-202508180402.html\">pr\u00e9alablement parue sur RMC Sport.<\/a><\/p>\n<p>Les deux joueurs ont \u00e9t\u00e9 sanctionn\u00e9s pour s&rsquo;\u00eatre <strong>insult\u00e9s et en \u00eatre pratiquement venus aux mains<\/strong> dans le vestiaire, quelques minutes apr\u00e8s la d\u00e9faite (1-0) des Olympiens \u00e0 Rennes, en ouverture de la Ligue 1.\u00a0<a class=\"IciLink ici-link IciArticleLink g-ici-body-regular-1 underline brand svelte-lu7k6w\" href=\"https:\/\/www.francebleu.fr\/sports\/football\/info-ici-provence-om-fortes-tensions-dans-les-vestiaires-apres-la-defaite-a-rennes-on-a-des-petites-coui-es-7754220\" rel=\"nofollow noopener\" target=\"_blank\">Comme le r\u00e9v\u00e9lait ici Provence d\u00e8s samedi<\/a>, l&rsquo;apr\u00e8s-match a \u00e9t\u00e9 particuli\u00e8rement tendu dans les rangs marseillais.<\/p>\n<p>\u00ab\u00a0Leur altercation a \u00e9t\u00e9 vive, \u00e7a a bien gueul\u00e9\u00a0\u00bb\u00a0relate \u00e0 nouveau un t\u00e9moin de la sc\u00e8ne. Le club n\u2019a pas appr\u00e9ci\u00e9 que les deux joueurs continuent de s\u2019invectiver <strong>alors que des \u00e9quipiers et des membres du staff les avaient s\u00e9par\u00e9s.<\/strong> L&rsquo;OM y voit <strong>un probl\u00e8me de comportement<\/strong>, et n&rsquo;entend pas laisser passer cela. \u00ab\u00a0Rien, pas un joueur, n\u2019est au-dessus de l\u2019intuition\u00a0\u00bb explique un dirigeant.<\/p>\n<p>Par ailleurs, comme les joueurs ne peuvent pas \u00eatre sanctionn\u00e9s financi\u00e8rement, le club devrait fortement les inciter \u00e0 reverser une somme d\u2019argent vers la\u00a0<a target=\"_blank\" rel=\"nofollow noopener noreferrer\" class=\"IciLink ici-link IciArticleLink g-ici-body-regular-1 underline brand svelte-lu7k6w\" href=\"https:\/\/www.om.fr\/fr\/treiziemehomme\/omfondation\">Fondation OM.<\/a><\/p>\n<p>\u00c0 lire aussi   <img decoding=\"async\" src=\"https:\/\/www.europesays.com\/fr\/wp-content\/uploads\/2025\/08\/560x315_sc_000-34lr42x.jpg\" alt=\"Le coach de l'OM, Roberto De Zerbi, a tent\u00e9 de secouer ses joueurs apr\u00e8s la d\u00e9faite subie \u00e0 Rennes (1-0).\" style=\"--_image-preview:url('data:image\/jpeg;base64,\/9j\/2wBDACgcHiMeGSgjISMtKygwPGRBPDc3PHtYXUlkkYCZlo+AjIqgtObDoKrarYqMyP\/L2u71\/\/\/\/m8H\/\/\/\/6\/+b9\/\/j\/2wBDASstLTw1PHZBQXb4pYyl+Pj4+Pj4+Pj4+Pj4+Pj4+Pj4+Pj4+Pj4+Pj4+Pj4+Pj4+Pj4+Pj4+Pj4+Pj4+Pj4+Pj\/wAARCAAXACoDASIAAhEBAxEB\/8QAGAAAAwEBAAAAAAAAAAAAAAAAAAECAwX\/xAAYEAEBAQEBAAAAAAAAAAAAAAAAAQIREv\/EABYBAQEBAAAAAAAAAAAAAAAAAAEAAv\/EABURAQEAAAAAAAAAAAAAAAAAAAAR\/9oADAMBAAIRAxEAPwDm8VIDiJyLkLMXIkcvFek1PRDWKoAWWmWkgBCdRACL\/9k=');\" loading=\"lazy\" fetchpriority=\"low\" aria-hidden=\"true\" class=\"svelte-1pnmlwx rounded\" onload=\"this.__e=event\" onerror=\"this.__e=event\"\/><\/p>\n","protected":false},"excerpt":{"rendered":"Les deux joueurs qui se sont \u00e9charp\u00e9s dans le vestiaire vendredi apr\u00e8s la d\u00e9faite des Olympiens ont \u00e9t\u00e9&hellip;\n","protected":false},"author":2,"featured_media":327677,"comment_status":"","ping_status":"","sticky":false,"template":"","format":"standard","meta":{"footnotes":""},"categories":[2821],"tags":[1111,11,829,1777,674,1011,27,12,584,25],"class_list":{"0":"post-327676","1":"post","2":"type-post","3":"status-publish","4":"format-standard","5":"has-post-thumbnail","7":"category-rennes","8":"tag-actu","9":"tag-actualites","10":"tag-bretagne","11":"tag-eu","12":"tag-europe","13":"tag-fr","14":"tag-france","15":"tag-news","16":"tag-rennes","17":"tag-republique-francaise"},"share_on_mastodon":{"url":"https:\/\/pubeurope.com\/@fr\/115051298079517383","error":""},"_links":{"self":[{"href":"https:\/\/www.europesays.com\/fr\/wp-json\/wp\/v2\/posts\/327676","targetHints":{"allow":["GET"]}}],"collection":[{"href":"https:\/\/www.europesays.com\/fr\/wp-json\/wp\/v2\/posts"}],"about":[{"href":"https:\/\/www.europesays.com\/fr\/wp-json\/wp\/v2\/types\/post"}],"author":[{"embeddable":true,"href":"https:\/\/www.europesays.com\/fr\/wp-json\/wp\/v2\/users\/2"}],"replies":[{"embeddable":true,"href":"https:\/\/www.europesays.com\/fr\/wp-json\/wp\/v2\/comments?post=327676"}],"version-history":[{"count":0,"href":"https:\/\/www.europesays.com\/fr\/wp-json\/wp\/v2\/posts\/327676\/revisions"}],"wp:featuredmedia":[{"embeddable":true,"href":"https:\/\/www.europesays.com\/fr\/wp-json\/wp\/v2\/media\/327677"}],"wp:attachment":[{"href":"https:\/\/www.europesays.com\/fr\/wp-json\/wp\/v2\/media?parent=327676"}],"wp:term":[{"taxonomy":"category","embeddable":true,"href":"https:\/\/www.europesays.com\/fr\/wp-json\/wp\/v2\/categories?post=327676"},{"taxonomy":"post_tag","embeddable":true,"href":"https:\/\/www.europesays.com\/fr\/wp-json\/wp\/v2\/tags?post=327676"}],"curies":[{"name":"wp","href":"https:\/\/api.w.org\/{rel}","templated":true}]}}