{"id":327678,"date":"2025-08-18T18:57:17","date_gmt":"2025-08-18T18:57:17","guid":{"rendered":"https:\/\/www.europesays.com\/fr\/327678\/"},"modified":"2025-08-18T18:57:17","modified_gmt":"2025-08-18T18:57:17","slug":"lipsheim-plongez-dans-le-grand-bain-le-22-aout-au-cine-plein-air","status":"publish","type":"post","link":"https:\/\/www.europesays.com\/fr\/327678\/","title":{"rendered":"Lipsheim. Plongez dans \u00ab\u00a0Le Grand bain\u00a0\u00bb le 22 ao\u00fbt au Cin\u00e9 plein air"},"content":{"rendered":"<p>Cin\u00e9 plein air, le festival itin\u00e9rant de l\u2019Eurom\u00e9tropole de Strasbourg, fait halte \u00e0 Lipsheim ce vendredi 22\u00a0ao\u00fbt pour une projection vers 21\u00a0h\u00a030, au square du Tilleul (rue Jeanne-d\u2019Arc). <a href=\"https:\/\/www.dna.fr\/culture\/2018\/10\/24\/les-eaux-profondes-du-grand-blues\" target=\"_blank\" rel=\"nofollow noopener\">Le film Le Grand bain<\/a> , sorti en 2018 et r\u00e9alis\u00e9 par Gilles Lellouche, met en sc\u00e8ne Bertrand, un quadrag\u00e9naire d\u00e9pressif, qui retrouve un sens \u00e0 son existence en rejoignant une \u00e9quipe de natation synchronis\u00e9e masculine. Celle-ci est prise en main par deux ex-championnes, elles aussi caboss\u00e9es par la vie, en vue des championnats du monde de la discipline.<\/p>\n<p>L\u2019acc\u00e8s est gratuit, il vous suffira de ramener votre chaise et une petite laine.<\/p>\n<p>La soir\u00e9e d\u00e9butera en musique avec Grand March, un groupe de folk rock. \u00c0 19\u00a0h\u00a030, il y aura une animation et des mini-jeux avec Sabrina Rauch.<\/p>\n<p class=\"note\">Restauration sur place \u00e0 partir de 18\u00a0h\u00a030 avec le food truck Capo Pizza et le Combi sucr\u00e9 (au menu, churros, glaces et boissons).<\/p>\n","protected":false},"excerpt":{"rendered":"Cin\u00e9 plein air, le festival itin\u00e9rant de l\u2019Eurom\u00e9tropole de Strasbourg, fait halte \u00e0 Lipsheim ce vendredi 22\u00a0ao\u00fbt pour&hellip;\n","protected":false},"author":2,"featured_media":327679,"comment_status":"","ping_status":"","sticky":false,"template":"","format":"standard","meta":{"footnotes":""},"categories":[2820],"tags":[1111,11,650,1687,2880,27337,1777,674,107,1011,27,775,24068,12,25,640,3089],"class_list":{"0":"post-327678","1":"post","2":"type-post","3":"status-publish","4":"format-standard","5":"has-post-thumbnail","7":"category-strasbourg","8":"tag-actu","9":"tag-actualites","10":"tag-cinema","11":"tag-culture-loisirs","12":"tag-edition-strasbourg","13":"tag-estivales","14":"tag-eu","15":"tag-europe","16":"tag-fil-info","17":"tag-fr","18":"tag-france","19":"tag-grand-est","20":"tag-lipsheim","21":"tag-news","22":"tag-republique-francaise","23":"tag-strasbourg","24":"tag-strasbourg-sud"},"share_on_mastodon":{"url":"https:\/\/pubeurope.com\/@fr\/115051301673725344","error":""},"_links":{"self":[{"href":"https:\/\/www.europesays.com\/fr\/wp-json\/wp\/v2\/posts\/327678","targetHints":{"allow":["GET"]}}],"collection":[{"href":"https:\/\/www.europesays.com\/fr\/wp-json\/wp\/v2\/posts"}],"about":[{"href":"https:\/\/www.europesays.com\/fr\/wp-json\/wp\/v2\/types\/post"}],"author":[{"embeddable":true,"href":"https:\/\/www.europesays.com\/fr\/wp-json\/wp\/v2\/users\/2"}],"replies":[{"embeddable":true,"href":"https:\/\/www.europesays.com\/fr\/wp-json\/wp\/v2\/comments?post=327678"}],"version-history":[{"count":0,"href":"https:\/\/www.europesays.com\/fr\/wp-json\/wp\/v2\/posts\/327678\/revisions"}],"wp:featuredmedia":[{"embeddable":true,"href":"https:\/\/www.europesays.com\/fr\/wp-json\/wp\/v2\/media\/327679"}],"wp:attachment":[{"href":"https:\/\/www.europesays.com\/fr\/wp-json\/wp\/v2\/media?parent=327678"}],"wp:term":[{"taxonomy":"category","embeddable":true,"href":"https:\/\/www.europesays.com\/fr\/wp-json\/wp\/v2\/categories?post=327678"},{"taxonomy":"post_tag","embeddable":true,"href":"https:\/\/www.europesays.com\/fr\/wp-json\/wp\/v2\/tags?post=327678"}],"curies":[{"name":"wp","href":"https:\/\/api.w.org\/{rel}","templated":true}]}}