{"id":327681,"date":"2025-08-18T18:59:11","date_gmt":"2025-08-18T18:59:11","guid":{"rendered":"https:\/\/www.europesays.com\/fr\/327681\/"},"modified":"2025-08-18T18:59:11","modified_gmt":"2025-08-18T18:59:11","slug":"pourquoi-la-cote-dazur-seduit-une-clientele-en-or-massif-et-en-dollars","status":"publish","type":"post","link":"https:\/\/www.europesays.com\/fr\/327681\/","title":{"rendered":"pourquoi la C\u00f4te d\u2019Azur s\u00e9duit une client\u00e8le en or massif (et en dollars !)"},"content":{"rendered":"<p><strong>Les Am\u00e9ricains ne se contentent pas de r\u00e9server de dispendieux s\u00e9jours dans le 06 : la vente de villas \u00e0 des \u00e9trangers poursuit sa hausse \u00e0 Nice et dans le d\u00e9partement.<\/strong><\/p>\n<p>Ce sont ceux qui d\u00e9pensent le plus sur la C\u00f4te d\u2019Azur lors des vacances. Selon le bilan dress\u00e9 d\u00e9but juillet pour le d\u00e9partement, <a href=\"https:\/\/nicepresse.com\/nice-ces-touristes-etrangers-qui-depensent-deux-fois-plus-que-les-francais-restent-bel-et-bien-des-amoureux-de-la-cote-dazur-cet-ete\/\" rel=\"nofollow noopener\" target=\"_blank\">les voyageurs \u00e9trangers<\/a> d\u00e9boursent 120 euros par jour, contre 75 pour les Fran\u00e7ais. Parmi cette client\u00e8le galvanisant le chiffre d\u2019affaires de la fili\u00e8re touristique, nous retrouvons <a href=\"https:\/\/nicepresse.com\/touristes-les-plus-flambeurs-de-la-cote-dazur-53-de-depenses-pour-les-americains\/\" rel=\"nofollow noopener\" target=\"_blank\">les Am\u00e9ricains<\/a>. Ils repr\u00e9sentaient en 2024 le premier march\u00e9 international.<\/p>\n<p>Touristes les plus d\u00e9pensiers <\/p>\n<p>Ces derniers sont tr\u00e8s nombreux \u00e0 venir profiter de nos paysages et de nos plages lors de la belle saison. En 2023, ils \u00e9taient d\u2019ailleurs <a href=\"https:\/\/nicepresse.com\/on-vous-revele-le-palmares-des-touristes-les-plus-depensiers-sur-la-cote-dazur\/\" rel=\"nofollow noopener\" target=\"_blank\">ceux qui flambaient le plus<\/a> sur le littoral. Un attrait qui ne s\u2019estompe pas, et qui tend m\u00eame \u00e0 se raffermir, avec des liens encore plus \u00e9troits.<\/p>\n<p>Car comme le note l\u2019agence immobili\u00e8re sp\u00e9cialis\u00e9e dans les biens haut de gamme <a href=\"https:\/\/www.cotedazur-sothebysrealty.com\/fr\/actualites\/details\/1270\/nice-americans-investissement-immobilier-riviera\/\" target=\"_blank\" rel=\"noopener nofollow\">Sotheby\u2019s International Realty<\/a>, ils n\u2019h\u00e9sitent pas \u00e0 acheter sur le territoire azur\u00e9en pour prolonger le plaisir. Plaisanciers r\u00e9guliers ou investisseurs avec un projet en t\u00eate, ils trouvent \u00e0 Nice le bon \u00e9quilibre entre un agr\u00e9able cadre de vie, et des investissements qualitatifs.<\/p>\n<p>Vols directs vers Nice<\/p>\n<p>Les liaisons entre la Baie des Anges et les \u00c9tats-Unis sont en plein essor, \u00e0 l\u2019image de l\u2019a\u00e9roport qui la relie actuellement \u00e0 New York, Atlanta, <a href=\"https:\/\/nicepresse.com\/cette-superbe-ville-americaine-bientot-accessible-via-un-vol-direct-depuis-laeroport-de-nice\/\" rel=\"nofollow noopener\" target=\"_blank\">Philadelphie<\/a> et Washington. Une accessibilit\u00e9 internationale aussi illustr\u00e9e par les \u00e9coles bilingues et une ambiance cosmopolite, \u00e0 la fois francophone et anglophone.<\/p>\n<p>Ils sont \u00e9galement attir\u00e9s par la douceur de vivre qui r\u00e8gne dans la capitale maralpine, \u00e0 l\u2019image de ses march\u00e9s locaux, un porte-\u00e9tendard du savoir-faire ni\u00e7ois dans bien des secteurs (gastronomique, artisanat\u2026). La profusion des activit\u00e9s possibles, et la mise en avant de l\u2019art et du patrimoine, sont pareillement des atouts.<\/p>\n<p>R\u00e9put\u00e9s bons vivants, les Am\u00e9ricains louent la ribambelle de loisirs propos\u00e9s, allant du golf au tennis en passant par le v\u00e9lo. Sans oublier la mer, les spots de plong\u00e9e, la voile et le paddle. <\/p>\n<p>Entre les \u00c9tats-Unis et la C\u00f4te d\u2019Azur, une idylle qui dure<\/p>\n<p>Une attirance qui remonte \u00e0 loin, puisque d\u00e8s le d\u00e9but du XXe si\u00e8cle, la Riviera fran\u00e7aise voit arriver l\u2019\u00e9lite du pays, captiv\u00e9e par le climat doux et les paysages m\u00e9diterran\u00e9ens. On peut penser aux \u00e9crivains Francis Scott Fitzgerald et Ernest Hemingway ou encore \u00e0 l\u2019actrice et princesse mon\u00e9gasque Grace Kelly.<\/p>\n<p><a href=\"https:\/\/anneedelamer.nice.fr\/\" rel=\"nofollow noopener\" target=\"_blank\"><img loading=\"lazy\" decoding=\"async\" width=\"300\" height=\"300\" src=\"data:image\/svg+xml,%3Csvg%20xmlns=\" http:=\"\" alt=\"\" class=\"wp-image-235449\" data-lazy-src=\"https:\/\/www.europesays.com\/fr\/wp-content\/uploads\/2025\/04\/IMG_1416-2.png\"\/><\/a><\/p>\n<p>Toujours aussi fascin\u00e9s par les plages de Nice et le bleu de la M\u00e9diterran\u00e9e, ils se prennent de passion pour l\u2019arri\u00e8re-pays. Des lieux propices \u00e0 la pratique du ski en hiver, ainsi qu\u2019\u00e0 de <a href=\"https:\/\/nicepresse.com\/randonnees-autour-de-nice-ces-3-grands-itineraires-vous-menent-a-travers-une-mosaique-de-paysages-mediterraneens-alpins-et-pastoraux-a-explorer-a-pied\/\" rel=\"nofollow noopener\" target=\"_blank\">somptueuses balades<\/a>, avec des d\u00e9tours par les <a href=\"https:\/\/nicepresse.com\/vacances-une-immersion-inoubliable-dans-les-villages-perches-de-la-riviera-a-travers-les-paysages-des-alpes-maritimes\/\" rel=\"nofollow noopener\" target=\"_blank\">villages perch\u00e9s<\/a>, et ce, en toute saison. <\/p>\n","protected":false},"excerpt":{"rendered":"Les Am\u00e9ricains ne se contentent pas de r\u00e9server de dispendieux s\u00e9jours dans le 06 : la vente de&hellip;\n","protected":false},"author":2,"featured_media":327682,"comment_status":"","ping_status":"","sticky":false,"template":"","format":"standard","meta":{"footnotes":""},"categories":[2819],"tags":[1111,11,1777,674,1011,27,12,2401,882,25],"class_list":{"0":"post-327681","1":"post","2":"type-post","3":"status-publish","4":"format-standard","5":"has-post-thumbnail","7":"category-nice","8":"tag-actu","9":"tag-actualites","10":"tag-eu","11":"tag-europe","12":"tag-fr","13":"tag-france","14":"tag-news","15":"tag-nice","16":"tag-provence-alpes-cote-dazur","17":"tag-republique-francaise"},"share_on_mastodon":{"url":"https:\/\/pubeurope.com\/@fr\/115051309567509237","error":""},"_links":{"self":[{"href":"https:\/\/www.europesays.com\/fr\/wp-json\/wp\/v2\/posts\/327681","targetHints":{"allow":["GET"]}}],"collection":[{"href":"https:\/\/www.europesays.com\/fr\/wp-json\/wp\/v2\/posts"}],"about":[{"href":"https:\/\/www.europesays.com\/fr\/wp-json\/wp\/v2\/types\/post"}],"author":[{"embeddable":true,"href":"https:\/\/www.europesays.com\/fr\/wp-json\/wp\/v2\/users\/2"}],"replies":[{"embeddable":true,"href":"https:\/\/www.europesays.com\/fr\/wp-json\/wp\/v2\/comments?post=327681"}],"version-history":[{"count":0,"href":"https:\/\/www.europesays.com\/fr\/wp-json\/wp\/v2\/posts\/327681\/revisions"}],"wp:featuredmedia":[{"embeddable":true,"href":"https:\/\/www.europesays.com\/fr\/wp-json\/wp\/v2\/media\/327682"}],"wp:attachment":[{"href":"https:\/\/www.europesays.com\/fr\/wp-json\/wp\/v2\/media?parent=327681"}],"wp:term":[{"taxonomy":"category","embeddable":true,"href":"https:\/\/www.europesays.com\/fr\/wp-json\/wp\/v2\/categories?post=327681"},{"taxonomy":"post_tag","embeddable":true,"href":"https:\/\/www.europesays.com\/fr\/wp-json\/wp\/v2\/tags?post=327681"}],"curies":[{"name":"wp","href":"https:\/\/api.w.org\/{rel}","templated":true}]}}