{"id":327685,"date":"2025-08-18T19:02:35","date_gmt":"2025-08-18T19:02:35","guid":{"rendered":"https:\/\/www.europesays.com\/fr\/327685\/"},"modified":"2025-08-18T19:02:35","modified_gmt":"2025-08-18T19:02:35","slug":"la-colere-des-commerces-ambulants-lors-des-matchs-du-fc-nantes","status":"publish","type":"post","link":"https:\/\/www.europesays.com\/fr\/327685\/","title":{"rendered":"la col\u00e8re des commerces ambulants lors des matchs du FC Nantes"},"content":{"rendered":"<p>            Par<br \/>\n        <strong><br \/>\n            <a href=\"https:\/\/actu.fr\/auteur\/thomas-bernard\" title=\"Consulter tous les articles de Thomas Bernard\" rel=\"nofollow noopener\" target=\"_blank\">Thomas Bernard<\/a><br \/>\n        <\/strong><\/p>\n<p>        Publi\u00e9 le<\/p>\n<p>            18 ao\u00fbt 2025 \u00e0 17h58        <\/p>\n<p>\u00c0 deux heures du coup d\u2019envoi <a href=\"https:\/\/actu.fr\/pays-de-la-loire\/nantes_44109\/fc-nantes-psg-que-retenir-du-premier-match-de-la-saison-des-canaris-en-ligue-1_63044754.html\" rel=\"nofollow noopener\" target=\"_blank\">FC Nantes -PSG<\/a>, de nombreux supporters prennent la direction des buvettes et friteries stationn\u00e9es aux abords du stade de la Beaujoire. Un rituel pour les fans des Jaune et Vert. Ce dimanche 17\u00a0ao\u00fbt 2025, c\u2019\u00e9tait parfois la cohue pour se restaurer ou se d\u00e9salt\u00e9rer. La raison\u2009? <strong>L\u2019obligation d\u2019acheter un repas chaud complet, une barquette de frites ne suffit pas, pour pouvoir consommer de l\u2019alcool<\/strong>. Explications.<\/p>\n<p>\u00ab\u2009C\u2019est ing\u00e9rable\u2009\u00bb<\/p>\n<p class=\" wall-content\">Les commer\u00e7ants ambulants sont titulaires d\u2019une licence restaurant, ne d\u00e9livrant pas le droit de servir de l\u2019alcool. \u00ab\u2009Les titulaires <strong>d\u2019une licence restaurant ne peuvent servir des boissons alcoolis\u00e9es qu\u2019\u00e0 l\u2019occasion des principaux repas et comme accessoires \u00e0 la nourriture\u2009\u00bb<\/strong>, comme le rappelle <a href=\"https:\/\/moncommerce.nantesmetropole.fr\/services-et-solutions-2\/licences-et-debits-de-boissons\/\" rel=\"nofollow noopener\" target=\"_blank\">Nantes M\u00e9tropole sur son site internet<\/a>.<\/p>\n<p class=\" wall-content\">Interrog\u00e9 par <a href=\"https:\/\/www.ouest-france.fr\/sport\/football\/fc-nantes\/avant-nantes-psg-la-polemique-enfle-sur-la-vente-de-biere-aux-abords-de-la-beaujoire-3f3db90e-7a86-11f0-918c-237d7f802514\" rel=\"nofollow noopener\" target=\"_blank\">Ouest-France<\/a>, Pascal Bolo, adjoint \u00e0 la Ville de Nantes* en charge de la r\u00e9glementation des activit\u00e9s commerciales sur l\u2019espace public, estime que <strong>cette mesure n\u2019est pas nouvelle<\/strong>.<\/p>\n<p class=\" wall-content\">Les commer\u00e7ants regrettent \u00ab\u2009la stricte application de ces mesures\u2009\u00bb par la Ville et la pr\u00e9fecture, compar\u00e9e \u00e0 la tol\u00e9rance accord\u00e9es lors des derni\u00e8res saisons.<\/p>\n<p>    <img   decoding=\"async\" loading=\"lazy\" src=\"https:\/\/www.europesays.com\/fr\/wp-content\/uploads\/2025\/08\/stade-de-la-beaujoire-nantes-marche-ambulant-960x640.jpeg\" alt=\"Des feuilles \u00e9taient affich\u00e9es pr\u00e8s des buvettes pour informer les clients. \" width=\"960\" height=\"640\"\/><br \/>\n    Des feuilles \u00e9taient affich\u00e9es pr\u00e8s des buvettes pour informer les clients. (\u00a9Thomas Bernard \/ actu Nantes)<\/p>\n<p class=\" wall-content\">\u00ab\u2009Le probl\u00e8me, c\u2019est que \u00e7a fait 40\u00a0ans que \u00e7a fonctionne comme \u00e7a. Du jour au lendemain, vous dites au client, je ne peux pas vous servir (d\u2019alcool, N.D.L.R.) parce que vous \u00eates oblig\u00e9s de manger\u2009\u00bb, fulmine Youssef Jnah, pr\u00e9sident de l\u2019association des commer\u00e7ants de la Beaujoire.<\/p>\n<p class=\" wall-content\">Autre point qui crispe les esprits, l\u2019interdiction de vendre de la nourriture 30\u00a0minutes avant le coup d\u2019envoi du match et la reprise de ce service 15\u00a0minutes apr\u00e8s le coup de sifflet final.<\/p>\n<p>Votre r\u00e9gion, votre actu !<\/p>\n<p>Recevez chaque jour les infos qui comptent pour vous.<\/p>\n<p>\t<a href=\"https:\/\/actu.fr\/newsletter\" class=\"ac-btn ac-btn--corner ac-btn--medium ac-btn--blue800\" rel=\"nofollow noopener\" target=\"_blank\">S&rsquo;incrire<\/a><\/p>\n<blockquote class=\"ac-article-quote wall-content\">\n<p>Aujourd&rsquo;hui, nous trouvons que c&rsquo;est une injustice. C&rsquo;est une injustice pour cette demi-heure. C&rsquo;est une injustice de toucher \u00e0 une institution qui fonctionne depuis des ann\u00e9es.<\/p>\n<p>    <strong>Youssef Jnah<\/strong><br \/>\n        Pr\u00e9sident de l&rsquo;association des commer\u00e7ants de la Beaujoire    <\/p><\/blockquote>\n<p class=\" wall-content\">Ce dimanche, une foule compacte attendait aux abords des buvettes tandis que d\u2019autres supporters se frayaient un chemin pour acc\u00e9der \u00e0 l\u2019une des entr\u00e9es du stade. Pour contr\u00f4ler la vente d\u2019alcool, un syst\u00e8me de ticket a \u00e9t\u00e9 conseill\u00e9 aux commer\u00e7ants.<\/p>\n<p class=\" wall-content\">\u00ab\u2009C\u2019est ing\u00e9rable. On passe notre temps \u00e0 expliquer aux gens qu\u2019il faut acheter un repas. Il y en a qui comprennent. Il y en a qui ne comprennent pas\u2009\u00bb, souffle le porte-parole des commer\u00e7ants.<\/p>\n<p>Interdiction en dehors du stade mais des distributeurs de bi\u00e8res \u00e0 la Beaujoire<\/p>\n<p class=\" wall-content\">\u00ab\u2009Qu\u2019elle soit motiv\u00e9e par des raisons commerciales, l\u00e9gales ou s\u00e9curitaires, cette nouvelle r\u00e8gle porte atteinte \u00e0 la convivialit\u00e9 de notre stade\u2009\u00bb, ont r\u00e9agi des associations de groupe de supporters du FC Nantes, <a href=\"https:\/\/www.facebook.com\/photo?fbid=1177638274402636&amp;set=a.451425187023952\" rel=\"nofollow noopener\" target=\"_blank\">dans un communiqu\u00e9 publi\u00e9 le 16\u00a0ao\u00fbt<\/a>.<\/p>\n<p class=\" wall-content\">\u00ab\u2009On nous dit, vous arr\u00eatez de servir une demi-heure avant. Soi-disant, c\u2019est pour fluidifier la circulation mais avant\u2009: c\u2019\u00e9tait pour Vigipirate, pour le passe sanitaire. Et puis comme \u00e7a, les gens rentrent et consomment\u2009\u00e0 l\u2019int\u00e9rieur\u2009\u00bb, \u00e9num\u00e8re Youssef.<\/p>\n<p class=\" wall-content\">En vertu de la loi \u00c9vin de 1991, <strong>la vente et la consommation d\u2019alcool \u00e0 l\u2019int\u00e9rieur d\u2019une enceinte sportive sont en principe interdites<\/strong>. Toutefois des d\u00e9rogations temporaires ou permanentes peuvent \u00eatre accord\u00e9es<a href=\"https:\/\/www.legifrance.gouv.fr\/codes\/article_lc\/LEGIARTI000039650350\" rel=\"nofollow noopener\" target=\"_blank\"> par la mairie pendant une dur\u00e9e de 48\u00a0heures ou plus<\/a>. Chaque association a le droit de demander dix d\u00e9rogations par an.<\/p>\n<p class=\" wall-content\">Ce dimanche, plusieurs buvettes \u00e9taient install\u00e9es au sein de l\u2019enceinte de la Beaujoire. Certains supporters, contact\u00e9s par <a href=\"https:\/\/actu.fr\/nantes\/\" rel=\"nofollow noopener\" target=\"_blank\">actu Nantes<\/a>, ont indiqu\u00e9 ne pas avoir achet\u00e9 \u00e0 manger pour consommer une bi\u00e8re.<\/p>\n<p class=\" wall-content\">Youssef Jnah est \u00e9galement en col\u00e8re contre la pr\u00e9sence de certains distributeurs de bi\u00e8res au sein du stade, comme signal\u00e9 par des supporters des Canaris sur<a href=\"https:\/\/x.com\/ludobon85\/status\/1957142619143680331\/photo\/1\" rel=\"nofollow\"> les r\u00e9seaux sociaux<\/a>. \u00ab\u2009Les distributeurs de bi\u00e8re, c\u2019est le coup de gr\u00e2ce\u2009! On a une tol\u00e9rance z\u00e9ro de notre c\u00f4t\u00e9 mais on peut mettre des machines de l\u2019autre c\u00f4t\u00e9\u2009!\u2009\u00bb<\/p>\n<p class=\" wall-content\">Pour le marchand ambulant, l\u2019application de ces mesures pousse les spectateurs \u00e0 consommer \u00e0 l\u2019int\u00e9rieur de l\u2019enceinte, lou\u00e9e par le <a href=\"https:\/\/actu.fr\/tag\/fc-nantes\" rel=\"nofollow noopener\" target=\"_blank\">FC Nantes<\/a>, au d\u00e9triment des commerces.<\/p>\n<p class=\" wall-content\">En quelques ann\u00e9es, les baraques ambulantes sont <strong>pass\u00e9es de 27 \u00e0 13<\/strong>. Parmi les 13 commerces ambulants, trois ont d\u00e9cid\u00e9 de ne pas venir et reviendront au d\u00e9but du mois de septembre.<\/p>\n<p class=\" wall-content\">\u00ab\u2009Trois autres coll\u00e8gues ont arr\u00eat\u00e9 leur buvette car ce n\u2019est pas g\u00e9rable. C\u2019est trop compliqu\u00e9 \u00e0 mettre en place d\u2019autant plus qu\u2019il n\u2019y a pas assez de personnel\u2009\u00bb, ajoute Youssef Jnah.<\/p>\n<p class=\" wall-content\">Les commer\u00e7ants ont mandat\u00e9 <strong>un huissier de justice pour constater l\u2019application des mesures<\/strong>. Un rendez-vous avec les services de la mairie est pr\u00e9vu d\u00e9but septembre, apr\u00e8s les trois premiers matchs \u00e0 domicile.<\/p>\n<p class=\" wall-content\">*Contact\u00e9e la Ville de Nantes n\u2019a pas encore r\u00e9pondu \u00e0 notre sollicitation<\/p>\n<p class=\" wall-content\">Personnalisez votre actualit\u00e9 en ajoutant vos villes et m\u00e9dias en favori avec <a href=\"https:\/\/moncompte.actu.fr\" title=\"D\u00e9couvez Mon Actu\" rel=\"nofollow noopener\" data-trk=\"{&quot;cta&quot;:{&quot;action&quot;:&quot;https:\\\/\\\/moncompte.actu.fr&quot;,&quot;category&quot;:&quot;mon compte&quot;,&quot;from&quot;:&quot;article footer&quot;,&quot;name&quot;:&quot;Mon actu&quot;,&quot;type&quot;:&quot;cta&quot;}}\" target=\"_blank\">Mon Actu<\/a>.<\/p>\n","protected":false},"excerpt":{"rendered":"Par Thomas Bernard Publi\u00e9 le 18 ao\u00fbt 2025 \u00e0 17h58 \u00c0 deux heures du coup d\u2019envoi FC Nantes&hellip;\n","protected":false},"author":2,"featured_media":327686,"comment_status":"","ping_status":"","sticky":false,"template":"","format":"standard","meta":{"footnotes":""},"categories":[2818],"tags":[1111,11,1777,674,462,1011,27,766,12,2636,25,104],"class_list":{"0":"post-327685","1":"post","2":"type-post","3":"status-publish","4":"format-standard","5":"has-post-thumbnail","7":"category-nantes","8":"tag-actu","9":"tag-actualites","10":"tag-eu","11":"tag-europe","12":"tag-fc-nantes","13":"tag-fr","14":"tag-france","15":"tag-nantes","16":"tag-news","17":"tag-pays-de-la-loire","18":"tag-republique-francaise","19":"tag-societe"},"share_on_mastodon":{"url":"https:\/\/pubeurope.com\/@fr\/115051321432031686","error":""},"_links":{"self":[{"href":"https:\/\/www.europesays.com\/fr\/wp-json\/wp\/v2\/posts\/327685","targetHints":{"allow":["GET"]}}],"collection":[{"href":"https:\/\/www.europesays.com\/fr\/wp-json\/wp\/v2\/posts"}],"about":[{"href":"https:\/\/www.europesays.com\/fr\/wp-json\/wp\/v2\/types\/post"}],"author":[{"embeddable":true,"href":"https:\/\/www.europesays.com\/fr\/wp-json\/wp\/v2\/users\/2"}],"replies":[{"embeddable":true,"href":"https:\/\/www.europesays.com\/fr\/wp-json\/wp\/v2\/comments?post=327685"}],"version-history":[{"count":0,"href":"https:\/\/www.europesays.com\/fr\/wp-json\/wp\/v2\/posts\/327685\/revisions"}],"wp:featuredmedia":[{"embeddable":true,"href":"https:\/\/www.europesays.com\/fr\/wp-json\/wp\/v2\/media\/327686"}],"wp:attachment":[{"href":"https:\/\/www.europesays.com\/fr\/wp-json\/wp\/v2\/media?parent=327685"}],"wp:term":[{"taxonomy":"category","embeddable":true,"href":"https:\/\/www.europesays.com\/fr\/wp-json\/wp\/v2\/categories?post=327685"},{"taxonomy":"post_tag","embeddable":true,"href":"https:\/\/www.europesays.com\/fr\/wp-json\/wp\/v2\/tags?post=327685"}],"curies":[{"name":"wp","href":"https:\/\/api.w.org\/{rel}","templated":true}]}}