{"id":327687,"date":"2025-08-18T19:03:17","date_gmt":"2025-08-18T19:03:17","guid":{"rendered":"https:\/\/www.europesays.com\/fr\/327687\/"},"modified":"2025-08-18T19:03:17","modified_gmt":"2025-08-18T19:03:17","slug":"bordeaux-metropole-9","status":"publish","type":"post","link":"https:\/\/www.europesays.com\/fr\/327687\/","title":{"rendered":"Bordeaux M\u00e9tropole"},"content":{"rendered":"<p>            <img decoding=\"async\" src=\"https:\/\/www.europesays.com\/fr\/wp-content\/uploads\/2025\/08\/dbcb113839424912bacc28f72a1e920a.base.image.jpg\" alt=\"La Maison \u2022 De chair et d\u2019os\"\/><br \/>\n              \u00a9I.Mathie<\/p>\n<p><strong>D\u00e9m\u00e9nagement choral<\/strong><br \/>C\u2019est une maison avec laquelle on a rendez-vous. En solitaire. On y entre, on y d\u00e9ambule \u00e0 sa guise. Chaque pi\u00e8ce d\u00e9voile ses indices et son atmosph\u00e8re : photos, bibelots, radios allum\u00e9es, cigarette encore fumante. Comme des pr\u00e9sences fant\u00f4mes. La Maison est une incroyable aventure sentimentale, une plong\u00e9e dans la vie de six personnes qui toutes ont un jour habit\u00e9 l\u00e0, \u00e0 des \u00e9poques diff\u00e9rentes. Toutes s\u2019appr\u00eatent \u00e0 d\u00e9m\u00e9nager et c\u2019est dans ce moment de transition qu\u2019on s\u2019immisce &#8211; celui o\u00f9 on trie nos vies &#8211; et o\u00f9 leurs lettres, objets et notes \u00e9parses constituent autant de petites pierres \u00e9clairant leurs vies amoureuses et leurs secrets enfouis.<br \/>Caroline Melon, De chair et d\u2019os, et Camille Duvelleroy, autrice de s\u00e9ries, ont construit un r\u00e9cit choral et intime pour que l&rsquo;on s&rsquo;y love avec \u00e9motion, frissons et d\u00e9lices. \u00c0 chaque visiteur d\u2019en extraire les fils de ses propres exp\u00e9riences et de relier les r\u00e9cits comme on assemblerait un puzzle narratif et sensible.<br \/>&#8212;<br \/>Conception, \u00e9criture, r\u00e9alisation et mise en espace : Camille Duvelleroy et Caroline Melon \u2022 Co-\u00e9criture : A\u00efcha Euzet et Ha\u00efla Hessou \u2022 Adaptation et mise en jeu : Caroline Melon \u2022 Regards ext\u00e9rieurs : Yan Duyvendak et Nicolas Peufaillit \u2022 Sc\u00e9nographie : Jonathan Macias \u2022 Graphisme : Emmanuelle March de l&rsquo;Atelier Franck Tallon \u2022 Administratrice de production : Charlotte Duboscq \u2022 Charg\u00e9e de communication : Lila Gaffiero*<br \/>Production De chair et d\u2019os \u2022 Coproduction : L\u2019Avant-sc\u00e8ne (16), Maif Social Club (75), Carr\u00e9-Colonnes Sc\u00e8ne nationale (33), OARA Office Artistique de la R\u00e9gion Nouvelle-Aquitaine, iddac agence culturelle du D\u00e9partement de la Gironde \u2022 Avec le soutien du CNC\/DICREAM (aide au d\u00e9veloppement), DRAC Nouvelle-Aquitaine (aide au projet), DRAC et R\u00e9gion Nouvelle-Aquitaine (appel \u00e0 projets Aquitaine Culture Connect\u00e9es)<br \/>&#8212;<br \/>En savoir plus sur\u202f<a href=\"https:\/\/www.dechairetdos.fr\/\" rel=\"nofollow noopener\" target=\"_blank\">De Chair et d&rsquo;Os<\/a><br \/>&#8212;<br \/>\u2600\ufe0f\u202fDU MERCREDI 20 AO\u00dbT AU MERCREDI 27 AO\u00dbT<br \/>Cr\u00e9neaux de r\u00e9servation tous les 1\/4 d&rsquo;heure :<br \/>Mercredi 20.08 de 10h \u00e0 20h<br \/>Jeudi 21.08 de 16h \u00e0 20h<br \/>Vendredi 22.08 de 16h \u00e0 20h<br \/>Samedi 23.08 de 9h \u00e0 13h<br \/>Lundi 25.08 de 16h \u00e0 20h<br \/>Mardi 26.08 de 10h \u00e0 20h<br \/>Mercredi 27.08 de 10h \u00e0 18h30<\/p>\n<p>\u2600\ufe0f LORMONT &gt; Quartier Mairie de Lormont. Adresse exacte d\u00e9voil\u00e9e 24h avant le cr\u00e9neau r\u00e9serv\u00e9<br \/>\u2600\ufe0f\u202fPOUR TOUS \u00e0 partir de 16 ans<br \/>\u2600\ufe0f\u202fDUR\u00c9E : 1h en moyenne, selon l&rsquo;envie de chacun<br \/>\u2600\ufe0f\u202fGratuit sur r\u00e9servation obligatoire : <a href=\"https:\/\/etemetropolitain.bordeaux-metropole.fr\" rel=\"nofollow noopener\" target=\"_blank\">https:\/\/my.weezevent.com\/ete-metropolitain-la-maison-lormont<\/a><br \/>\ud83d\udce3Ouverture de la premi\u00e8re vague de r\u00e9servations le 15.07<br \/>\ud83d\udce3 Seconde ouverture de billetterie le 01.08<br \/>\u26a0\ufe0f En cas d\u2019intemp\u00e9ries, repr\u00e9sentation maintenue au m\u00eame endroit<br \/>&#8212;<br \/>Un spectacle programm\u00e9 dans l\u2019\u00c9t\u00e9 m\u00e9tropolitain 2025, saison culturelle de Bordeaux M\u00e9tropole, en collaboration \u00e9troite avec ses partenaires.<br \/>&#8212;<br \/>* R\u00f4le de Mehdi : Denzel Benac \u2022 Conseiller r\u00e9seau et logiciel libre : Sacha Borrut \/ Aquilenet \u2022 Cheffe d\u00e9coratrice : Cl\u00e9mence Duran \u2022 Graphiste Tchat : Beno\u00eet Etcheverry \u2022 Charg\u00e9e de communication : Lila Gaffiero \u2022 Dessin et confection du carnet d\u2019Azra : Caroline Granier \u2022 R\u00f4le de Myriam : Nola Jolly \u2022 Conseiller informatique : Mehdi Lauters de Magichanism \u2022 \u2022 Assistante mise en sc\u00e8ne tournage : Charlotte Marrel \u2022 Photographe : Ivan Mathie \u2022 Monteuse : B\u00e9r\u00e9nice Meinsohn \u2022 Photographe de plateau : Colas Michard-Melon \u2022 R\u00f4le d\u2019Alexis : Fabrice Nzamba \u2022 R\u00e9dactrice : St\u00e9phanie Pichon \u2022 Directrice de production : No\u00e9mie Sage \u2022 Directrice de casting : Anne-Lise Tomaszewski \/ The will casting \u2022 Vigies renfort : Emmanuel Labails et Myriam Pasco \u2022 Figurant.es film : Laurent Briscadieu, Myl\u00e8ne Cadeillan, Hugo de Nascimento, Cl\u00e9mence Duran, Soline Gendrot, Guillaume Laporte, Mehdi Lauters, Fabien Martel, Lucille Queruel<\/p>\n","protected":false},"excerpt":{"rendered":"\u00a9I.Mathie D\u00e9m\u00e9nagement choralC\u2019est une maison avec laquelle on a rendez-vous. En solitaire. On y entre, on y d\u00e9ambule&hellip;\n","protected":false},"author":2,"featured_media":327688,"comment_status":"","ping_status":"","sticky":false,"template":"","format":"standard","meta":{"footnotes":""},"categories":[2817],"tags":[1111,11,1997,1777,674,1011,27,12,2219,25],"class_list":{"0":"post-327687","1":"post","2":"type-post","3":"status-publish","4":"format-standard","5":"has-post-thumbnail","7":"category-bordeaux","8":"tag-actu","9":"tag-actualites","10":"tag-bordeaux","11":"tag-eu","12":"tag-europe","13":"tag-fr","14":"tag-france","15":"tag-news","16":"tag-nouvelle-aquitaine","17":"tag-republique-francaise"},"share_on_mastodon":{"url":"https:\/\/pubeurope.com\/@fr\/115051325329804267","error":""},"_links":{"self":[{"href":"https:\/\/www.europesays.com\/fr\/wp-json\/wp\/v2\/posts\/327687","targetHints":{"allow":["GET"]}}],"collection":[{"href":"https:\/\/www.europesays.com\/fr\/wp-json\/wp\/v2\/posts"}],"about":[{"href":"https:\/\/www.europesays.com\/fr\/wp-json\/wp\/v2\/types\/post"}],"author":[{"embeddable":true,"href":"https:\/\/www.europesays.com\/fr\/wp-json\/wp\/v2\/users\/2"}],"replies":[{"embeddable":true,"href":"https:\/\/www.europesays.com\/fr\/wp-json\/wp\/v2\/comments?post=327687"}],"version-history":[{"count":0,"href":"https:\/\/www.europesays.com\/fr\/wp-json\/wp\/v2\/posts\/327687\/revisions"}],"wp:featuredmedia":[{"embeddable":true,"href":"https:\/\/www.europesays.com\/fr\/wp-json\/wp\/v2\/media\/327688"}],"wp:attachment":[{"href":"https:\/\/www.europesays.com\/fr\/wp-json\/wp\/v2\/media?parent=327687"}],"wp:term":[{"taxonomy":"category","embeddable":true,"href":"https:\/\/www.europesays.com\/fr\/wp-json\/wp\/v2\/categories?post=327687"},{"taxonomy":"post_tag","embeddable":true,"href":"https:\/\/www.europesays.com\/fr\/wp-json\/wp\/v2\/tags?post=327687"}],"curies":[{"name":"wp","href":"https:\/\/api.w.org\/{rel}","templated":true}]}}