{"id":327689,"date":"2025-08-18T19:04:13","date_gmt":"2025-08-18T19:04:13","guid":{"rendered":"https:\/\/www.europesays.com\/fr\/327689\/"},"modified":"2025-08-18T19:04:13","modified_gmt":"2025-08-18T19:04:13","slug":"un-an-de-prison-ferme-pour-les-deux-jeunes-motards-impliques","status":"publish","type":"post","link":"https:\/\/www.europesays.com\/fr\/327689\/","title":{"rendered":"un an de prison ferme pour les deux jeunes motards impliqu\u00e9s"},"content":{"rendered":"<p>Les faits s\u2019\u00e9taient d\u00e9roul\u00e9s \u00e0 Bassens (Gironde), le 24 novembre 2024. Une jeune femme de 19 ans, qui se trouvait sur l\u2019une des motos, avait trouv\u00e9 la mort.<\/p>\n<p class=\"fig-paragraph\">Deux motards impliqu\u00e9s dans\u00a0<a href=\"https:\/\/www.lefigaro.fr\/bordeaux\/combien-de-gamins-vont-mourir-chez-nous-pres-de-bordeaux-une-jeune-femme-decede-dans-une-collision-apres-un-enieme-rodeo-urbain-20241125?msockid=258c4318a154643d05395665a0ed65f9\" target=\"_blank\" data-fig-type=\"NewsFlash\" rel=\"sponsored noopener\" data-gtm-custom-categorie=\"navigation\" data-gtm-custom-action=\"crossclick\" data-gtm-custom-label=\"Contextuel\" data-gtm-event=\"customEventSPE\" data-fig-domain=\"LEFIGARO\">un rod\u00e9o urbain ayant caus\u00e9 la mort d&rsquo;une jeune femme de 19 ans<\/a>\u00a0\u00e0 Bassens (<a href=\"http:\/\/www.lefigaro.fr\/bordeaux\/gironde-2-suspects-en-detention-provisoire-apres-le-meurtre-d-un-homme-qui-avait-demande-a-un-voisin-de-faire-moins-de-bruit-20250818\" data-fig-type=\"NewsFlash\" data-gtm-custom-categorie=\"navigation\" data-gtm-custom-action=\"crossclick\" data-gtm-custom-label=\"Contextuel\" data-gtm-event=\"customEventSPE\" data-fig-domain=\"LEFIGARO\" target=\"_blank\" rel=\"noopener\">Gironde<\/a>), en 2024, ont \u00e9t\u00e9 condamn\u00e9s lundi \u00e0 trois ans de prison, dont deux avec sursis, pour homicide involontaire avec circonstances aggravantes.<\/p>\n<p class=\"fig-paragraph\">Jug\u00e9s devant le tribunal correctionnel de\u00a0<a href=\"http:\/\/www.lefigaro.fr\/bordeaux\/bordeaux-une-enquete-en-cours-apres-des-tirs-de-kalachnikov-dans-la-cite-des-aubiers-20250818\" data-fig-type=\"NewsFlash\" data-gtm-custom-categorie=\"navigation\" data-gtm-custom-action=\"crossclick\" data-gtm-custom-label=\"Contextuel\" data-gtm-event=\"customEventSPE\" data-fig-domain=\"LEFIGARO\" target=\"_blank\" rel=\"noopener\">Bordeaux<\/a>, les deux pr\u00e9venus, aujourd&rsquo;hui \u00e2g\u00e9s de 18 et 21 ans et d\u00e9j\u00e0 condamn\u00e9s pour d\u00e9lits routiers, ont \u00e9t\u00e9 condamn\u00e9s \u00e9galement pour des blessures involontaires r\u00e9ciproques ayant entra\u00een\u00e9 de longues hospitalisations, avec respectivement 100 jours et 60 jours d&rsquo;ITT. Le parquet avait requis respectivement trois et quatre ans de prison, dont un avec sursis dans les deux cas.<\/p>\n<p>                                    <a class=\"fig-a11y-skip a11y-hidden\" href=\"#fig-a11y-skip-main-inarticle\"><br \/>\n        Passer la publicit\u00e9<br \/>\n    <\/a><\/p>\n<p class=\"fig-paragraph\">Le 24 novembre 2024, deux moto-cross Honda et KTM \u00e9taient entr\u00e9s en collision sur un boulevard attenant au Carr\u00e9, un parking d\u00e9saffect\u00e9 d&rsquo;une zone portuaire de Bassens (au nord de Bordeaux), o\u00f9 se retrouvent chaque week-end des motards de l&rsquo;agglom\u00e9ration bordelaise.<\/p>\n<p class=\"fig-paragraph\">Selon le parquet, le premier motard, casqu\u00e9, circulait \u00absur la roue arri\u00e8re\u00bb et le deuxi\u00e8me, positif au cannabis, \u00e9tait au guidon d&rsquo;une moto vol\u00e9e, sans casque, tout comme sa cousine Louane, la jeune victime qui avait pris place devant lui. Les deux motards n&rsquo;avaient pas le permis.<\/p>\n<p class=\"fig-paragraph\">\u00abIl y a une forme d&rsquo;imprudence, de l\u00e9g\u00e8ret\u00e9, et il y a la sc\u00e8ne fatale\u00bb, a r\u00e9sum\u00e9 la procureur dans ses r\u00e9quisitions, d\u00e9non\u00e7ant les rod\u00e9os urbains comme une \u00abactivit\u00e9 particuli\u00e8rement dangereuse\u00bb, surtout sous stup\u00e9fiants.<\/p>\n<p>\u00abMa place est en prison\u00bb<\/p>\n<p class=\"fig-paragraph\">Le pilote de la KTM vol\u00e9e, le plus \u00e2g\u00e9, a fait part de ses \u00abregrets\u00bb \u00e0 l&rsquo;audience. \u00abMa place est en prison\u00bb, a-t-il dit, tout en rejetant une partie de la responsabilit\u00e9 sur l&rsquo;autre pr\u00e9venu, un ancien ami.<\/p>\n<p class=\"fig-paragraph\">Il \u00abfaisait n&rsquo;importe quoi sur la route, il a trop d\u00e9cal\u00e9 sur la gauche en faisant des rod\u00e9os et il nous a percut\u00e9s\u00bb, a d\u00e9clar\u00e9 le jeune homme, mari\u00e9 et p\u00e8re d&rsquo;un b\u00e9b\u00e9, qui comparaissait d\u00e9tenu. Sa d\u00e9fense a \u00e9galement point\u00e9 le fait que la victime d\u00e9c\u00e9d\u00e9e, qui avait insist\u00e9 pour faire un tour, \u00e9tait peut-\u00eatre celle qui pilotait au moment du choc et qu&rsquo;elle n&rsquo;\u00e9tait pas \u00abnovice\u00bb \u00e0 moto.<\/p>\n<p>                                    <a class=\"fig-a11y-skip a11y-hidden\" href=\"#fig-a11y-skip-main-inarticle_mtf\"><br \/>\n        Passer la publicit\u00e9<br \/>\n    <\/a><\/p>\n<p class=\"fig-paragraph\">\u00abJe n&rsquo;ai aucun souvenir\u00bb, a affirm\u00e9 de son c\u00f4t\u00e9 le pilote de la Honda, apprenti carrossier. \u00abCet accident n&rsquo;aurait pas d\u00fb avoir lieu, je faisais attention, je restais sur ma voie, avec casque, gants\u00bb, a-t-il assur\u00e9, tout en reconnaissant une \u00abconduite dangereuse\u00bb et une \u00abpeine sinc\u00e8re\u00bb.<\/p>\n<p class=\"fig-paragraph\">Les deux condamn\u00e9s ne feront pas appel selon leurs avocats.<\/p>\n","protected":false},"excerpt":{"rendered":"Les faits s\u2019\u00e9taient d\u00e9roul\u00e9s \u00e0 Bassens (Gironde), le 24 novembre 2024. Une jeune femme de 19 ans, qui&hellip;\n","protected":false},"author":2,"featured_media":327690,"comment_status":"","ping_status":"","sticky":false,"template":"","format":"standard","meta":{"footnotes":""},"categories":[2817],"tags":[1111,11,1997,1777,674,1011,27,2905,12,2219,25,19057],"class_list":{"0":"post-327689","1":"post","2":"type-post","3":"status-publish","4":"format-standard","5":"has-post-thumbnail","7":"category-bordeaux","8":"tag-actu","9":"tag-actualites","10":"tag-bordeaux","11":"tag-eu","12":"tag-europe","13":"tag-fr","14":"tag-france","15":"tag-gironde","16":"tag-news","17":"tag-nouvelle-aquitaine","18":"tag-republique-francaise","19":"tag-rodeo-urbain"},"share_on_mastodon":{"url":"https:\/\/pubeurope.com\/@fr\/115051329240966106","error":""},"_links":{"self":[{"href":"https:\/\/www.europesays.com\/fr\/wp-json\/wp\/v2\/posts\/327689","targetHints":{"allow":["GET"]}}],"collection":[{"href":"https:\/\/www.europesays.com\/fr\/wp-json\/wp\/v2\/posts"}],"about":[{"href":"https:\/\/www.europesays.com\/fr\/wp-json\/wp\/v2\/types\/post"}],"author":[{"embeddable":true,"href":"https:\/\/www.europesays.com\/fr\/wp-json\/wp\/v2\/users\/2"}],"replies":[{"embeddable":true,"href":"https:\/\/www.europesays.com\/fr\/wp-json\/wp\/v2\/comments?post=327689"}],"version-history":[{"count":0,"href":"https:\/\/www.europesays.com\/fr\/wp-json\/wp\/v2\/posts\/327689\/revisions"}],"wp:featuredmedia":[{"embeddable":true,"href":"https:\/\/www.europesays.com\/fr\/wp-json\/wp\/v2\/media\/327690"}],"wp:attachment":[{"href":"https:\/\/www.europesays.com\/fr\/wp-json\/wp\/v2\/media?parent=327689"}],"wp:term":[{"taxonomy":"category","embeddable":true,"href":"https:\/\/www.europesays.com\/fr\/wp-json\/wp\/v2\/categories?post=327689"},{"taxonomy":"post_tag","embeddable":true,"href":"https:\/\/www.europesays.com\/fr\/wp-json\/wp\/v2\/tags?post=327689"}],"curies":[{"name":"wp","href":"https:\/\/api.w.org\/{rel}","templated":true}]}}