{"id":327695,"date":"2025-08-18T19:07:30","date_gmt":"2025-08-18T19:07:30","guid":{"rendered":"https:\/\/www.europesays.com\/fr\/327695\/"},"modified":"2025-08-18T19:07:30","modified_gmt":"2025-08-18T19:07:30","slug":"la-foire-aux-maneges-de-lille-aura-lieu-du-30-aout-au-28-septembre-2025","status":"publish","type":"post","link":"https:\/\/www.europesays.com\/fr\/327695\/","title":{"rendered":"La Foire aux Man\u00e8ges de Lille aura lieu du 30 ao\u00fbt au 28 septembre 2025"},"content":{"rendered":"<p style=\"text-align: justify;\">Comme chaque ann\u00e9e, la <strong>Foire aux Man\u00e8ges de Lille<\/strong> s\u2019installera sur le<strong> Champ de Mars<\/strong> du <strong>samedi 30 ao\u00fbt au dimanche 28 septembre 2025 <\/strong>avec <strong>plus de 180 attractions,<\/strong> <strong>boutiques, loteries, confiseries, buvettes<\/strong> et son <strong>unique restaurant \u00ab Steak House \u00bb. Troisi\u00e8me f\u00eate foraine de France,<\/strong> elle vous proposera <strong>un mois complet de r\u00e9jouissances.<\/strong><\/p>\n<p><a href=\"https:\/\/www.europesays.com\/fr\/wp-content\/uploads\/2025\/08\/foire_maneges_2025_01.jpg\" target=\"_blank\" rel=\"noreferrer noopener\"><img loading=\"lazy\" decoding=\"async\" width=\"660\" height=\"986\" src=\"https:\/\/www.europesays.com\/fr\/wp-content\/uploads\/2025\/08\/foire_maneges_2025_01.jpg\" alt=\"\" class=\"wp-image-86533\" style=\"aspect-ratio:0.6693711967545639;width:400px\"  \/><\/a><\/p>\n<p class=\"has-text-align-center\">Au programme<\/p>\n<p><a href=\"https:\/\/www.europesays.com\/fr\/wp-content\/uploads\/2025\/08\/foire_maneges_2025_03.jpg\" target=\"_blank\" rel=\"noreferrer noopener\"><img loading=\"lazy\" decoding=\"async\" width=\"660\" height=\"933\" src=\"https:\/\/www.europesays.com\/fr\/wp-content\/uploads\/2025\/08\/foire_maneges_2025_03.jpg\" alt=\"\" class=\"wp-image-86535\" style=\"aspect-ratio:0.707395498392283;width:500px\"  \/><\/a><\/p>\n<p style=\"text-align: justify;\"><strong>Samedi 30 ao\u00fbt 2025 \u2013 Ouverture de la Foire aux Man\u00e8ges<\/strong> <br \/><img decoding=\"async\" loading=\"lazy\" class=\"\" src=\"https:\/\/www.europesays.com\/fr\/wp-content\/uploads\/2025\/04\/1744100656_185_arrow.png\" alt=\"\" width=\"9\" height=\"9\"\/> <strong>Journ\u00e9e promotionnelle<\/strong> avec <strong>1 tour de man\u00e8ge achet\u00e9 = un tour de man\u00e8ge OFFER<\/strong>\u00a0sur toutes les <strong>attractions participantes<\/strong> de <strong>14h \u00e0 1h du matin. <\/strong><\/p>\n<p><a href=\"https:\/\/www.zoomsurlille.fr\/wp-content\/uploads\/2025\/08\/foire_maneges_2025_04_coupons_30_aout_2025-scaled.jpg\" target=\"_blank\" rel=\"noreferrer noopener\"><img decoding=\"async\" loading=\"lazy\" width=\"724\" height=\"1024\" src=\"https:\/\/www.europesays.com\/fr\/wp-content\/uploads\/2025\/08\/foire_maneges_2025_04_coupons_30_aout_2025-724x1024.jpg\" alt=\"\" class=\"wp-image-86581\" style=\"aspect-ratio:0.70703125;width:370px;height:auto\"  \/><\/a><\/p>\n<p class=\"has-text-align-center\">Cliquez sur l\u2019image ci-dessous pour l\u2019imprimer en qualit\u00e9 sup\u00e9rieure (7,41 Mo).<\/p>\n<p class=\"has-text-align-center\">Valable uniquement samedi 30 ao\u00fbt 2025, de 14h \u00e0 01h du matin, sur pr\u00e9sentation du bon imprim\u00e9. <br \/>25 bons cadeaux \u00e0 faire tamponner aux caisses et attractions participants \u00e0 l\u2019op\u00e9ration.<\/p>\n<p><img decoding=\"async\" loading=\"lazy\" width=\"9\" height=\"9\" class=\"\" src=\"https:\/\/www.europesays.com\/fr\/wp-content\/uploads\/2025\/04\/1744100656_185_arrow.png\" alt=\"\"\/> A partir de 14h : <strong>ouverture de la Foire aux Man\u00e8ges de Lille.<\/strong><\/p>\n<p style=\"text-align: justify;\"><img decoding=\"async\" loading=\"lazy\" class=\"\" src=\"https:\/\/www.europesays.com\/fr\/wp-content\/uploads\/2025\/04\/1744100656_185_arrow.png\" alt=\"\" width=\"9\" height=\"9\"\/> A partir de 15h : <strong>Inauguration de la Foire aux Man\u00e8ges<\/strong> avec la <strong>Fanfare Show Band.<\/strong><\/p>\n<p style=\"text-align: justify;\"><img decoding=\"async\" loading=\"lazy\" class=\"\" src=\"https:\/\/www.europesays.com\/fr\/wp-content\/uploads\/2025\/04\/1744100656_185_arrow.png\" alt=\"\" width=\"9\" height=\"9\"\/> A partir de 21h : <strong>Los Colores.<\/strong><\/p>\n<p style=\"text-align: justify;\"><strong>Dimanche 31 ao\u00fbt 2025 \u00e0 15h \u2013 Fanfare Dingo Band<\/strong><\/p>\n<p><strong>Braderie de Lille 2025 \u2013 Horaires d\u2019ouvertures de la Foire aux Man\u00e8ges<br \/><\/strong><img decoding=\"async\" loading=\"lazy\" width=\"9\" height=\"9\" class=\"\" src=\"https:\/\/www.europesays.com\/fr\/wp-content\/uploads\/2025\/04\/1744100656_185_arrow.png\" alt=\"\"\/> Vendredi 05 septembre 2025 : 16h \u00e0 2h (certains forains ouvrent \u00e0 14h)*<strong><\/strong><\/p>\n<p><img decoding=\"async\" loading=\"lazy\" width=\"9\" height=\"9\" class=\"\" src=\"https:\/\/www.europesays.com\/fr\/wp-content\/uploads\/2025\/04\/1744100656_185_arrow.png\" alt=\"\"\/> Samedi 06 septembre 2025 : 14h \u00e0 2h*<\/p>\n<p><img decoding=\"async\" loading=\"lazy\" width=\"9\" height=\"9\" class=\"\" src=\"https:\/\/www.europesays.com\/fr\/wp-content\/uploads\/2025\/04\/1744100656_185_arrow.png\" alt=\"\"\/> Dimanche 07 septembre 2025 : 14h \u00e0 23h*<\/p>\n<p>* L\u2019ouverture des attractions peut varier en fonction des conditions m\u00e9t\u00e9orologiques (fortes pluies, grand vent\u2026).<\/p>\n<p><a href=\"https:\/\/www.europesays.com\/fr\/wp-content\/uploads\/2025\/08\/foire_maneges_2025_04.jpg\" target=\"_blank\" rel=\"noreferrer noopener\"><img decoding=\"async\" loading=\"lazy\" width=\"660\" height=\"660\" src=\"https:\/\/www.europesays.com\/fr\/wp-content\/uploads\/2025\/08\/foire_maneges_2025_04.jpg\" alt=\"\" class=\"wp-image-86536\" style=\"aspect-ratio:1;width:400px\"  \/><\/a><\/p>\n<p style=\"text-align: justify;\"><strong>Mercredi 10 septembre 2025 \u2013 Journ\u00e9e Promotionnelle<\/strong><br \/><img decoding=\"async\" loading=\"lazy\" class=\"\" src=\"https:\/\/www.europesays.com\/fr\/wp-content\/uploads\/2025\/04\/1744100656_185_arrow.png\" alt=\"\" width=\"9\" height=\"9\"\/> <strong>Journ\u00e9e promotionnelle<\/strong> avec <strong>1 tour de man\u00e8ge achet\u00e9 = un tour de man\u00e8ge OFFERT<\/strong> sur toutes les <strong>attractions participantes <\/strong>de<strong> 14h \u00e0 23h. <\/strong>Coupons disponibles prochainement\u2026<\/p>\n<p style=\"text-align: justify;\"><strong>Samedi 13 septembre 2025 \u00e0 15h \u2013 Zoiseaux Pi\u00f1ata \/ Zanimeaux Fantastiks\u00a0<\/strong><strong><br \/><\/strong><\/p>\n<p style=\"text-align: justify;\"><strong>Samedi 13 septembre 2025 \u00e0 21h \u2013 Dragon Chinois<\/strong><\/p>\n<p style=\"text-align: justify;\"><strong>Dimanche 14 septembre 2025 \u00e0 15h \u2013 Pat\u2019Patrouille<\/strong><strong><br \/><\/strong><\/p>\n<p style=\"text-align: justify;\"><strong>Samedi 20 septembre 2025 \u00e0 15h \u2013 Pharaonik Parade<\/strong><strong><br \/><\/strong><\/p>\n<p style=\"text-align: justify;\"><strong>Samedi 20 septembre 2025 \u00e0 21h \u2013 Cabaret Night<\/strong><strong><br \/><\/strong><\/p>\n<p style=\"text-align: justify;\"><strong>Dimanche 21 septembre 2025 \u00e0 15h \u2013 Stitch, Sonic, Alerte Rouge &amp; Lotso<\/strong><strong><br \/><\/strong><\/p>\n<p style=\"text-align: justify;\"><strong>Mercredi 24 septembre 2025 \u2013 Derni\u00e8re Journ\u00e9e Promotionnelle<\/strong><br \/><img decoding=\"async\" loading=\"lazy\" class=\"\" src=\"https:\/\/www.europesays.com\/fr\/wp-content\/uploads\/2025\/04\/1744100656_185_arrow.png\" alt=\"\" width=\"9\" height=\"9\"\/> <strong>Journ\u00e9e promotionnelle<\/strong> avec <strong>1 tour de man\u00e8ge achet\u00e9 = un tour de man\u00e8ge OFFERT<\/strong> sur toutes les <strong>attractions participantes <\/strong>de<strong> 14h \u00e0 23h. <\/strong>Coupons disponibles prochainement\u2026<strong><br \/><\/strong><\/p>\n<p>Liste des diff\u00e9rentes attractions* <br \/> <img decoding=\"async\" loading=\"lazy\" class=\"alignnone size-full wp-image-13185\" src=\"https:\/\/www.europesays.com\/fr\/wp-content\/uploads\/2025\/04\/1744100656_185_arrow.png\" alt=\"\" width=\"9\" height=\"9\"\/> Source : <a href=\"https:\/\/www.facebook.com\/FoireAuxManegesDeLilleOfficiel\" target=\"_blank\" rel=\"noopener noreferrer\">Facebook Foire aux Man\u00e8ges de Lille \u2013 Officiel<\/a><\/p>\n<p style=\"text-align: justify;\"><strong><img decoding=\"async\" loading=\"lazy\" class=\"alignnone size-full wp-image-13185\" src=\"https:\/\/www.europesays.com\/fr\/wp-content\/uploads\/2025\/04\/1744100656_185_arrow.png\" alt=\"\" width=\"9\" height=\"9\"\/> Nouveaut\u00e9s 2025 :<\/strong> Double Palais du Rire \u00ab\u00a0Mexico &amp; Banza\u00ef\u00a0\u00bb, Miami Surf, The Ghost House (maison hant\u00e9e), Flashback (speed flip \u2013 unique en France), Top Spin Fresh (unique en France)\u2026<\/p>\n<p style=\"text-align: justify;\"><strong><img decoding=\"async\" loading=\"lazy\" class=\"alignnone size-full wp-image-13185\" src=\"https:\/\/www.europesays.com\/fr\/wp-content\/uploads\/2025\/04\/1744100656_185_arrow.png\" alt=\"\" width=\"9\" height=\"9\"\/> Grands man\u00e8ges \u00e0 sensations :<\/strong> River splash, Break Dance Extr\u00eame, Sweety (Matterhorn), Infinity (Capriolo 10), Sky Surf (Smashing Jump), Katapult (la boule), La Pieuvre, Powermaxxx (Balancier 40m), XXL New World (inversion), Best Jump (Tagada), Crazy mouse (coaster), Captain (bateau pirate), Zeus (booster 40 m), Top Scan Pos\u00e9idon, UFO, Miami Surf, Flash Back (speed flip \u2013 unique en France), Top Spin Fresh (unique en France) .<\/p>\n<tr>\n<td><img decoding=\"async\" loading=\"lazy\" width=\"1280\" height=\"854\" class=\"wp-image-55890\" style=\"width: 450px;\" src=\"https:\/\/www.europesays.com\/fr\/wp-content\/uploads\/2025\/08\/foire_maneges_2021_manege_02.jpg\" alt=\"\"  \/><\/td>\n<td><img decoding=\"async\" loading=\"lazy\" width=\"2560\" height=\"1708\" class=\"wp-image-78679\" style=\"width: 450px;\" src=\"https:\/\/www.europesays.com\/fr\/wp-content\/uploads\/2025\/08\/foire_maneges_lille_2024_03-scaled.jpg\" alt=\"\"  \/><\/td>\n<\/tr>\n<p style=\"text-align: justify;\"><strong><img decoding=\"async\" loading=\"lazy\" class=\"alignnone size-full wp-image-13185\" src=\"https:\/\/www.europesays.com\/fr\/wp-content\/uploads\/2025\/04\/1744100656_185_arrow.png\" alt=\"\" width=\"9\" height=\"9\"\/> Grands man\u00e8ges familiaux :<\/strong> Am\u00e9rican Skooter, Universal Skooter, Palais du Pirate (Palais du rire), Sphinx (Palais des Glaces), Incas (Palais des Glaces), Ghost Train (train-fant\u00f4me), Grande Roue Royale (50m), Goulis (coaster familial), Pouss-pouss, Midnight express (chenille), Super Top Dance (palais du rire), Toboggan g\u00e9ant, Double palais du rire \u00ab\u00a0Mexico \u2013 Banza\u00ef\u00a0\u00bb, The Ghost House (maison hant\u00e9e).<\/p>\n<tr>\n<td class=\"has-text-align-center\" data-align=\"center\"><img decoding=\"async\" loading=\"lazy\" width=\"1280\" height=\"854\" class=\"wp-image-46984\" style=\"width: 400px;\" src=\"https:\/\/www.europesays.com\/fr\/wp-content\/uploads\/2025\/08\/foire_maneges_2020_07.jpg\" alt=\"\"  \/><\/td>\n<td><img decoding=\"async\" loading=\"lazy\" width=\"2560\" height=\"1708\" class=\"wp-image-79247\" style=\"width: 400px;\" src=\"https:\/\/www.europesays.com\/fr\/wp-content\/uploads\/2025\/08\/foire_maneges_lille_2024_derniers_jours-scaled.jpg\" alt=\"\"  \/><\/td>\n<\/tr>\n<p style=\"text-align: justify;\"><strong><img decoding=\"async\" loading=\"lazy\" class=\"alignnone size-full wp-image-13185\" src=\"https:\/\/www.europesays.com\/fr\/wp-content\/uploads\/2025\/04\/1744100656_185_arrow.png\" alt=\"\" width=\"9\" height=\"9\"\/> Man\u00e8ges enfantins : <\/strong>5 P\u00e8le-M\u00eales : Royal Baby, Buggy Sport, Roissy II, Anatole &amp; Pirate Party (aquatique) \/ 3 Scalextric : Magic World, Paris-Madrid &amp; Super 8 \/ 2 Circuits Autos : Magic Autoroute et Canyon Buggy \/ Minos Mini Kart \/ 4 Bo\u00eetes \u00e0 Rire Enfantine : Circus, Jungle Park, Toy Aventure &amp; Toy Aventure \/ Trampolines x 4 \/ Bassins \u00e0 Bulles x 2 \/ Alladin \u00ab\u00a0Fantasia\u00a0\u00bb \/ Pouss-Pouss.<\/p>\n<tr>\n<td><img decoding=\"async\" loading=\"lazy\" width=\"1280\" height=\"838\" class=\"wp-image-55892\" style=\"width: 450px;\" src=\"https:\/\/www.europesays.com\/fr\/wp-content\/uploads\/2025\/08\/foire_maneges_2021_manege_04.jpg\" alt=\"\"  \/><\/td>\n<td><img decoding=\"async\" loading=\"lazy\" width=\"649\" height=\"980\" class=\"wp-image-46982\" style=\"width: 250px;\" src=\"https:\/\/www.europesays.com\/fr\/wp-content\/uploads\/2025\/08\/foire_maneges_2020_05.jpg\" alt=\"\"  \/><\/td>\n<\/tr>\n<p style=\"text-align: justify;\"><strong><img decoding=\"async\" loading=\"lazy\" class=\"alignnone size-full wp-image-13185\" src=\"https:\/\/www.europesays.com\/fr\/wp-content\/uploads\/2025\/04\/1744100656_185_arrow.png\" alt=\"\" width=\"9\" height=\"9\"\/> Stands de Jeux :<\/strong> Tire ficelles \u00ab\u00a0Story Peluches\u00a0\u00bb, Loterie sportive, Tir \u00ab\u00a0Call of Duty\u00a0\u00bb, \u00c0 la roue l\u2019h\u00f4te, Chamboule tout, Coup d\u2019\u00e9clat, Tire ficelle \u00ab\u00a0Star Peluches\u00a0\u00bb x 2, Tir \u00ab\u00a0F.B.I\u00a0\u00bb, Loterie \u00ab\u00a0James Boutique\u00a0\u00bb, Flip tir x 2, Tir \u00ab\u00a0Le kiff\u00a0\u00bb x 2, Ball Trap L\u2019Atlantide, Fantastik, Tir \u00ab\u00a0Shooter Game\u00a0\u00bb x 2, Nouveau Jeu, une dizaine de P\u00eaches aux Canards dont \u00ab\u00a0Daffi Duck\u00a0\u00bb, \u00ab\u00a0Daffy Duck\u00a0\u00bb, \u00ab\u00a0Disney p\u00eache\u00a0\u00bb, \u00ab\u00a0Toy Store\u00a0\u00bb, \u00ab\u00a0Les p\u2019tits canards d\u2019Enzo\u00a0\u00bb et \u00ab\u00a0La Riviera \u00e0 canards\u00a0\u00bb (nouveaut\u00e9) \/ Tir \u00ab\u00a0Sniper\u00a0\u00bb x 2, Tir \u00ab\u00a0Bull Dog Store\u00a0\u00bb, Tir \u00ab\u00a0Paradise\u00a0\u00bb, Tire ficelle \u00ab\u00a0Mylee\u00a0\u00bb, Stand de Basket \u00ab\u00a0All star\u00a0\u00bb (nouveaut\u00e9), Loterie \u00ab\u00a0Le Prestige\u00a0\u00bb (nouveaut\u00e9), Tir sur Canettes \u00ab\u00a0Magicland\u00a0\u00bb (nouveaut\u00e9), Ball Trap \u00ab\u00a0Bad Boy\u00a0\u00bb (nouveaut\u00e9), Stand \u00ab\u00a0Ball trap\u00a0\u00bb (nouveaut\u00e9), Loterie \u00ab\u00a0\u00c0 prendre ou \u00e0 laisser\u00a0\u00bb x 2, Tir au but x 3, Tir \u00ab\u00a0Rock star\u00a0\u00bb (nouveaut\u00e9), Tir \u00ab\u00a0Fortnite\u00a0\u00bb. <\/p>\n<tr>\n<td><img decoding=\"async\" loading=\"lazy\" width=\"1280\" height=\"850\" class=\"wp-image-55891\" style=\"width: 450px;\" src=\"https:\/\/www.europesays.com\/fr\/wp-content\/uploads\/2025\/08\/foire_maneges_2021_manege_03.jpg\" alt=\"\"  \/><\/td>\n<td><img decoding=\"async\" loading=\"lazy\" width=\"2560\" height=\"1708\" class=\"wp-image-78874\" style=\"width: 400px;\" src=\"https:\/\/www.europesays.com\/fr\/wp-content\/uploads\/2025\/08\/foire_maneges_lille_2024_22-scaled.jpg\" alt=\"\"  \/><\/td>\n<\/tr>\n<p><strong><img decoding=\"async\" loading=\"lazy\" width=\"9\" height=\"9\" class=\"alignnone size-full wp-image-13185\" src=\"https:\/\/www.europesays.com\/fr\/wp-content\/uploads\/2025\/04\/1744100656_185_arrow.png\" alt=\"\"\/> Casinos :<\/strong> Pachinko, Nini Nini, Overland, Vegas Voyages, Grand Casino Club West, Vegas &amp; Baraka<\/p>\n<p><strong><img decoding=\"async\" loading=\"lazy\" width=\"9\" height=\"9\" class=\"alignnone size-full wp-image-13185\" src=\"https:\/\/www.europesays.com\/fr\/wp-content\/uploads\/2025\/04\/1744100656_185_arrow.png\" alt=\"\"\/> Salles de Jeux :<\/strong> One.<\/p>\n<p><strong><img decoding=\"async\" loading=\"lazy\" width=\"9\" height=\"9\" class=\"alignnone size-full wp-image-13185\" src=\"https:\/\/www.europesays.com\/fr\/wp-content\/uploads\/2025\/04\/1744100656_185_arrow.png\" alt=\"\"\/> Pinces : <\/strong>Toon Stock, Studio Games x 2, Monte-Carlo, Have Fun, Jeux Exi, Hugo Jeux, Las Vegas, Sweety, Golden Claw &amp; Sidney Palace.<\/p>\n<tr>\n<td><img decoding=\"async\" loading=\"lazy\" width=\"1280\" height=\"854\" class=\"wp-image-55901\" style=\"width: 450px;\" src=\"https:\/\/www.europesays.com\/fr\/wp-content\/uploads\/2025\/08\/foire_maneges_2021_manege_06.jpg\" alt=\"\"  \/><\/td>\n<td><img decoding=\"async\" loading=\"lazy\" width=\"1280\" height=\"854\" class=\"wp-image-55902\" style=\"width: 450px;\" src=\"https:\/\/www.europesays.com\/fr\/wp-content\/uploads\/2025\/08\/foire_maneges_2021_manege_07.jpg\" alt=\"\"  \/><\/td>\n<\/tr>\n<p>Restauration et stands de confiseries<br \/> <img decoding=\"async\" loading=\"lazy\" width=\"9\" height=\"9\" class=\"alignnone size-full wp-image-13185\" src=\"https:\/\/www.europesays.com\/fr\/wp-content\/uploads\/2025\/04\/1744100656_185_arrow.png\" alt=\"\"\/> Source : <a href=\"https:\/\/www.facebook.com\/FoireAuxManegesDeLilleOfficiel\" target=\"_blank\" rel=\"noopener noreferrer\">Facebook Foire aux Man\u00e8ges de Lille \u2013 Officiel<\/a><\/p>\n<p style=\"text-align: justify;\"><strong><img decoding=\"async\" loading=\"lazy\" class=\"alignnone size-full wp-image-13185\" src=\"https:\/\/www.europesays.com\/fr\/wp-content\/uploads\/2025\/04\/1744100656_185_arrow.png\" alt=\"\" width=\"9\" height=\"9\"\/> Snacks, Pizzas, Brasseries :<\/strong> Maxime Frites (sal\u00e9) \u2013 snack-bar avec terrasse, Steak House (brasserie avec terrasse), Marius Burger (sal\u00e9) \u2013 snack avec terrasse, Marius Burger 2 (sal\u00e9) \u2013 snack-bar avec terrasse, Pizza Pasta (sal\u00e9) \u2013 Pizzeria avec terrasse, La Loco \u00e0 L\u00e9o \u2013 snack-bar avec terrasse, Boucherie &amp; co \u2013 snack avec terrasse, Burger &amp; co (sal\u00e9) \u2013 snack avec terrasse.<\/p>\n<p style=\"text-align: justify;\"><strong><img decoding=\"async\" loading=\"lazy\" class=\"alignnone size-full wp-image-13185\" src=\"https:\/\/www.europesays.com\/fr\/wp-content\/uploads\/2025\/04\/1744100656_185_arrow.png\" alt=\"\" width=\"9\" height=\"9\"\/> Gaufres, Cr\u00eapes,\u2026 : <\/strong>Mignon (sucr\u00e9), Chez Maxime (sucr\u00e9), Nougat David (sucr\u00e9), La Croustille (sucr\u00e9 &amp; sal\u00e9) \u2013 snack &amp; bar avec terrasse, La Sucri\u00e8re (sucr\u00e9), Chez Karine (sucr\u00e9), La Tentation (sucr\u00e9 &amp; sal\u00e9) \u2013 snack avec terrasse, La R\u00e9galade Sucr\u00e9e (sucr\u00e9), la Maison Cottigny (sucr\u00e9), Beber (sucr\u00e9), P\u00e9z\u00e9ril (sucr\u00e9), La Confiserie (sucr\u00e9), Nous g\u00e2tez vous (sucr\u00e9), Nous g\u00e2tez vous 2 (sucr\u00e9), Millot (sucr\u00e9), la Merveilleuse (sucr\u00e9), Daisy (sucr\u00e9) &amp; La Chaumi\u00e8re \u2013 Fille \u2013 Snack-bar.<\/p>\n<p><strong><img decoding=\"async\" loading=\"lazy\" class=\"alignnone size-full wp-image-13185\" src=\"https:\/\/www.europesays.com\/fr\/wp-content\/uploads\/2025\/04\/1744100656_185_arrow.png\" alt=\"\" width=\"9\" height=\"9\"\/> Bar &amp; cocktails : <\/strong>Chez Jeff<\/p>\n<p>*sous r\u00e9serve de modification<\/p>\n<p>Jours et Horaires d\u2019ouverture<strong> <br \/><img decoding=\"async\" loading=\"lazy\" width=\"9\" height=\"9\" class=\"alignnone size-full wp-image-13185 tie-appear\" src=\"https:\/\/www.europesays.com\/fr\/wp-content\/uploads\/2025\/04\/1744100656_185_arrow.png\" alt=\"\"\/> Lundi, mardi et jeudi : <\/strong>16h \u00e0 23h (certains forains ouvrent \u00e0 14h)*<br \/><strong><img decoding=\"async\" loading=\"lazy\" width=\"9\" height=\"9\" class=\"alignnone size-full wp-image-13185 tie-appear\" src=\"https:\/\/www.europesays.com\/fr\/wp-content\/uploads\/2025\/04\/1744100656_185_arrow.png\" alt=\"\"\/> Mercredi : <\/strong>14h \u00e0 23h*<br \/><strong><img decoding=\"async\" loading=\"lazy\" width=\"9\" height=\"9\" class=\"alignnone size-full wp-image-13185 tie-appear\" src=\"https:\/\/www.europesays.com\/fr\/wp-content\/uploads\/2025\/04\/1744100656_185_arrow.png\" alt=\"\"\/> Vendredi : <\/strong>16h \u00e0 1h* (certains forains ouvrent \u00e0 14h)<br \/><strong><img decoding=\"async\" loading=\"lazy\" width=\"9\" height=\"9\" class=\"alignnone size-full wp-image-13185 tie-appear\" src=\"https:\/\/www.europesays.com\/fr\/wp-content\/uploads\/2025\/04\/1744100656_185_arrow.png\" alt=\"\"\/> Samedi : <\/strong>14h \u00e0 1h* <br \/><strong><img decoding=\"async\" loading=\"lazy\" width=\"9\" height=\"9\" class=\"alignnone size-full wp-image-13185 tie-appear\" src=\"https:\/\/www.europesays.com\/fr\/wp-content\/uploads\/2025\/04\/1744100656_185_arrow.png\" alt=\"\"\/> Dimanche : <\/strong>14h \u00e0 23h* (dimanche 28 septembre 2025, certaines attractions ferment avant 21h selon affluence et m\u00e9t\u00e9o)<br \/><strong><img decoding=\"async\" loading=\"lazy\" width=\"9\" height=\"9\" class=\"alignnone size-full wp-image-13185 tie-appear\" src=\"https:\/\/www.europesays.com\/fr\/wp-content\/uploads\/2025\/04\/1744100656_185_arrow.png\" alt=\"\"\/> A l\u2019occasion de la Braderie de Lille : <br \/><\/strong>\u2013<strong> <\/strong>vendredi 05 septembre 2025 : 16h \u00e0 2h*  (certains forains ouvrent \u00e0 14h)<br \/>\u2013 samedi 06 septembre 2025 : 14h \u00e0 2h* <br \/>\u2013 dimanche 07 septembre 2025 : 14h \u00e0 23h*<br \/><strong><img decoding=\"async\" loading=\"lazy\" width=\"9\" height=\"9\" class=\"alignnone size-full wp-image-13185 tie-appear\" src=\"https:\/\/www.europesays.com\/fr\/wp-content\/uploads\/2025\/04\/1744100656_185_arrow.png\" alt=\"\"\/> La brasserie \u00ab\u00a0Steak House\u00a0\u00bb<\/strong> sera <strong>ouverte tous les soirs<\/strong> et aussi les<strong> samedis<\/strong> et <strong>dimanche midis.<\/strong><\/p>\n<p>* L\u2019ouverture des attractions peut varier en fonction des conditions m\u00e9t\u00e9orologiques (fortes pluies, grand vent\u2026).<\/p>\n<p>Parkings<br \/><strong>2 parkings payants<\/strong> (817 places au total) se trouvent <strong>juste \u00e0 c\u00f4t\u00e9 de la Foire aux Man\u00e8ges :<\/strong><br \/><img decoding=\"async\" loading=\"lazy\" class=\"alignnone size-full wp-image-13185\" src=\"https:\/\/www.europesays.com\/fr\/wp-content\/uploads\/2025\/04\/1744100656_185_arrow.png\" alt=\"\" width=\"9\" height=\"9\"\/> <strong>Champ de Mars \u2013 Libert\u00e9<\/strong><br \/><img decoding=\"async\" loading=\"lazy\" class=\"alignnone size-full wp-image-13185\" src=\"https:\/\/www.europesays.com\/fr\/wp-content\/uploads\/2025\/04\/1744100656_185_arrow.png\" alt=\"\" width=\"9\" height=\"9\"\/> <strong>Champ de Mars \u2013 Petit Paradis<\/strong><\/p>\n<p>Distributeurs de billets<br \/><img decoding=\"async\" loading=\"lazy\" class=\"alignnone size-full wp-image-13185\" src=\"https:\/\/www.europesays.com\/fr\/wp-content\/uploads\/2025\/04\/1744100656_185_arrow.png\" alt=\"\" width=\"9\" height=\"9\"\/> 2 DAB pr\u00e8s du Ghost Train<br \/><img decoding=\"async\" loading=\"lazy\" class=\"alignnone size-full wp-image-13185\" src=\"https:\/\/www.europesays.com\/fr\/wp-content\/uploads\/2025\/04\/1744100656_185_arrow.png\" alt=\"\" width=\"9\" height=\"9\"\/>\u00a02 DAB pr\u00e8s de la Passerelle Napol\u00e9on<\/p>\n<p class=\"has-text-align-right\">Sources : Christophe Pasquet \/ Facebook Foire aux Man\u00e8ges de Lille \u2013 Officiel \u2013 Photos et images : DR \/ \u00a9 Christophe Pasquet \/ \u00a9 Zoom Sur Lille<\/p>\n","protected":false},"excerpt":{"rendered":"Comme chaque ann\u00e9e, la Foire aux Man\u00e8ges de Lille s\u2019installera sur le Champ de Mars du samedi 30&hellip;\n","protected":false},"author":2,"featured_media":327696,"comment_status":"","ping_status":"","sticky":false,"template":"","format":"standard","meta":{"footnotes":""},"categories":[2815],"tags":[1111,11,5589,1777,674,8260,46446,1011,27,811,1307,8262,12,25],"class_list":{"0":"post-327695","1":"post","2":"type-post","3":"status-publish","4":"format-standard","5":"has-post-thumbnail","7":"category-lille","8":"tag-actu","9":"tag-actualites","10":"tag-attractions","11":"tag-eu","12":"tag-europe","13":"tag-foire-aux-maneges","14":"tag-foire-aux-maneges-de-lille-2025","15":"tag-fr","16":"tag-france","17":"tag-hauts-de-france","18":"tag-lille","19":"tag-maneges","20":"tag-news","21":"tag-republique-francaise"},"share_on_mastodon":{"url":"https:\/\/pubeurope.com\/@fr\/115051343269265875","error":""},"_links":{"self":[{"href":"https:\/\/www.europesays.com\/fr\/wp-json\/wp\/v2\/posts\/327695","targetHints":{"allow":["GET"]}}],"collection":[{"href":"https:\/\/www.europesays.com\/fr\/wp-json\/wp\/v2\/posts"}],"about":[{"href":"https:\/\/www.europesays.com\/fr\/wp-json\/wp\/v2\/types\/post"}],"author":[{"embeddable":true,"href":"https:\/\/www.europesays.com\/fr\/wp-json\/wp\/v2\/users\/2"}],"replies":[{"embeddable":true,"href":"https:\/\/www.europesays.com\/fr\/wp-json\/wp\/v2\/comments?post=327695"}],"version-history":[{"count":0,"href":"https:\/\/www.europesays.com\/fr\/wp-json\/wp\/v2\/posts\/327695\/revisions"}],"wp:featuredmedia":[{"embeddable":true,"href":"https:\/\/www.europesays.com\/fr\/wp-json\/wp\/v2\/media\/327696"}],"wp:attachment":[{"href":"https:\/\/www.europesays.com\/fr\/wp-json\/wp\/v2\/media?parent=327695"}],"wp:term":[{"taxonomy":"category","embeddable":true,"href":"https:\/\/www.europesays.com\/fr\/wp-json\/wp\/v2\/categories?post=327695"},{"taxonomy":"post_tag","embeddable":true,"href":"https:\/\/www.europesays.com\/fr\/wp-json\/wp\/v2\/tags?post=327695"}],"curies":[{"name":"wp","href":"https:\/\/api.w.org\/{rel}","templated":true}]}}