{"id":327703,"date":"2025-08-18T19:11:11","date_gmt":"2025-08-18T19:11:11","guid":{"rendered":"https:\/\/www.europesays.com\/fr\/327703\/"},"modified":"2025-08-18T19:11:11","modified_gmt":"2025-08-18T19:11:11","slug":"decines-charpieu-ce-qui-vous-attend-pour-la-venue-des-stars-du-catch-a-la-ldlc-arena","status":"publish","type":"post","link":"https:\/\/www.europesays.com\/fr\/327703\/","title":{"rendered":"D\u00e9cines-Charpieu. Ce qui vous attend pour la venue des stars du catch \u00e0 la LDLC Arena"},"content":{"rendered":"<p>Un peu plus d\u2019un an apr\u00e8s sa premi\u00e8re venue, la World Wrestling Entertainment (WWE), fait son retour \u00e0 la LDLC Arena de D\u00e9cines-Charpieu. L\u2019engouement exceptionnel des fans lyonnais a su convaincre la WWE de r\u00e9organiser un \u00e9v\u00e9nement dans la salle rhodanienne. Le vendredi 29\u00a0ao\u00fbt, c\u2019est avec des noms toujours plus iconiques que la plus grande organisation de catch revient pour la deuxi\u00e8me fois de son histoire en France.<\/p>\n<p class=\"note\">Friday night Smackdown, vendredi 29\u00a0ao\u00fbt \u00e0 9\u00a0h\u00a030 \u00e0 la LDLC Arena. Des places sont encore disponibles entre 106 et 451\u00a0\u20ac sur T <a href=\"https:\/\/www.ticketmaster.fr\/fr\/manifestation\/wwe-friday-night-smackdown-billet\/idmanif\/622383\" target=\"_blank\" rel=\"noopener\">icketmaster. <\/a> Dur\u00e9e\u00a0: 2\u00a0h.<\/p>\n","protected":false},"excerpt":{"rendered":"Un peu plus d\u2019un an apr\u00e8s sa premi\u00e8re venue, la World Wrestling Entertainment (WWE), fait son retour \u00e0&hellip;\n","protected":false},"author":2,"featured_media":327704,"comment_status":"","ping_status":"","sticky":false,"template":"","format":"standard","meta":{"footnotes":""},"categories":[1889],"tags":[1111,11,2430,1687,1777,674,1011,27,2428,12,25,3140],"class_list":{"0":"post-327703","1":"post","2":"type-post","3":"status-publish","4":"format-standard","5":"has-post-thumbnail","7":"category-lyon","8":"tag-actu","9":"tag-actualites","10":"tag-auvergne-rhone-alpes","11":"tag-culture-loisirs","12":"tag-eu","13":"tag-europe","14":"tag-fr","15":"tag-france","16":"tag-lyon","17":"tag-news","18":"tag-republique-francaise","19":"tag-spectacle"},"share_on_mastodon":{"url":"https:\/\/pubeurope.com\/@fr\/115051356740025348","error":""},"_links":{"self":[{"href":"https:\/\/www.europesays.com\/fr\/wp-json\/wp\/v2\/posts\/327703","targetHints":{"allow":["GET"]}}],"collection":[{"href":"https:\/\/www.europesays.com\/fr\/wp-json\/wp\/v2\/posts"}],"about":[{"href":"https:\/\/www.europesays.com\/fr\/wp-json\/wp\/v2\/types\/post"}],"author":[{"embeddable":true,"href":"https:\/\/www.europesays.com\/fr\/wp-json\/wp\/v2\/users\/2"}],"replies":[{"embeddable":true,"href":"https:\/\/www.europesays.com\/fr\/wp-json\/wp\/v2\/comments?post=327703"}],"version-history":[{"count":0,"href":"https:\/\/www.europesays.com\/fr\/wp-json\/wp\/v2\/posts\/327703\/revisions"}],"wp:featuredmedia":[{"embeddable":true,"href":"https:\/\/www.europesays.com\/fr\/wp-json\/wp\/v2\/media\/327704"}],"wp:attachment":[{"href":"https:\/\/www.europesays.com\/fr\/wp-json\/wp\/v2\/media?parent=327703"}],"wp:term":[{"taxonomy":"category","embeddable":true,"href":"https:\/\/www.europesays.com\/fr\/wp-json\/wp\/v2\/categories?post=327703"},{"taxonomy":"post_tag","embeddable":true,"href":"https:\/\/www.europesays.com\/fr\/wp-json\/wp\/v2\/tags?post=327703"}],"curies":[{"name":"wp","href":"https:\/\/api.w.org\/{rel}","templated":true}]}}