{"id":327707,"date":"2025-08-18T19:14:16","date_gmt":"2025-08-18T19:14:16","guid":{"rendered":"https:\/\/www.europesays.com\/fr\/327707\/"},"modified":"2025-08-18T19:14:16","modified_gmt":"2025-08-18T19:14:16","slug":"seine-et-marne-une-enfant-handicapee-de-11-ans-meurt-par-noyade-sur-la-base-de-loisirs-wam-park-fontainebleau","status":"publish","type":"post","link":"https:\/\/www.europesays.com\/fr\/327707\/","title":{"rendered":"Seine-et-Marne\u00a0: une enfant handicap\u00e9e de 11 ans meurt par noyade sur la base de loisirs Wam Park Fontainebleau"},"content":{"rendered":"<p>Les pompiers de Seine-et-Marne sont intervenus dimanche sur la base de loisirs Wam Park Fontainebleau, une fillette de 11 ans est morte noy\u00e9e. Elle faisait partie d&rsquo;un groupe de jeunes en situation de handicap venus de l&rsquo;Essonne selon le groupe Wam Park. <\/p>\n<p>Une enfant de 11 ans est morte, par noyade, dimanche 17 ao\u00fbt dans l&rsquo;apr\u00e8s-midi, sur la base de loisirs Wam Park Fontainebleau, \u00e0 la Grande-Paroisse, en Seine-et-Marne, indiquent les pompiers de Seine-et-Marne \u00e0 ICI Paris-\u00cele-de-France. D&rsquo;apr\u00e8s le\u00a0directeur g\u00e9n\u00e9ral du groupe Wam Park, Romain Llobet, la victime faisait partie d&rsquo;<strong>un groupe de jeunes en situation de handicap<\/strong> venus d&rsquo;Arpajon en Essonne.<\/p>\n<p>Il nous explique\u00a0qu'\u00a0\u00bbune \u00e9ducatrice a pr\u00e9venu un ma\u00eetre nageur sur place car elle ne voyait plus la jeune fille, atteinte de troubles autistiques\u00a0\u00bb. Des recherches sont alors lanc\u00e9es dans le plan d&rsquo;eau de l&rsquo;espace baignade, et la victime a \u00e9t\u00e9 retrouv\u00e9e 20 minutes plus tard en arr\u00eat cardio-respiratoire. \u00ab\u00a0Les sauveteurs sont intervenus, puis les secours, mais elle n&rsquo;a pas pu \u00eatre r\u00e9anim\u00e9e\u00a0\u00bb, indique Romain Llobet.<\/p>\n<p>11 \u00e9ducateurs pour encadrer ces 12 jeunes en situation de handicap<\/p>\n<p>Le directeur g\u00e9n\u00e9ral du groupe Wam Park pr\u00e9cise que ces 12 jeunes en situation de handicap \u00e9taient encadr\u00e9s par <strong>11 \u00e9ducateurs<\/strong>. Six ma\u00eetres nageurs assuraient la surveillance de la base de loisirs dimanche, dont un sur l&rsquo;espace baignade.<\/p>\n<p>C&rsquo;est la troisi\u00e8me noyade d&rsquo;un enfant francilien sur des bases de loisirs depuis une semaine. Mardi 12 ao\u00fbt, un enfant handicap\u00e9 de 11 ans s\u2019est noy\u00e9 \u00e0 Choisy-le-Roi, dans le Val-de-Marne au parc des Sports, lors d\u2019une sortie avec son centre de loisirs. Vendredi 15 ao\u00fbt, c&rsquo;est <a class=\"IciLink ici-link IciArticleLink g-ici-body-regular-1 underline brand svelte-lu7k6w\" href=\"https:\/\/www.francebleu.fr\/infos\/faits-divers-justice\/un-enfant-de-7-ans-meurt-noye-lors-d-une-colonie-de-vacances-de-la-ville-de-bobigny-2316266\" rel=\"nofollow noopener\" target=\"_blank\">un gar\u00e7on de Bobigny (Seine-Saint-Denis),<\/a>\u00a0\u00e2g\u00e9 de 7 ans et qui pr\u00e9sentait des troubles autistiques, qui est mort noy\u00e9 dans l\u2019Allier alors qu\u2019il se trouvait en colonie de vacances.<\/p>\n","protected":false},"excerpt":{"rendered":"Les pompiers de Seine-et-Marne sont intervenus dimanche sur la base de loisirs Wam Park Fontainebleau, une fillette de&hellip;\n","protected":false},"author":2,"featured_media":327708,"comment_status":"","ping_status":"","sticky":false,"template":"","format":"standard","meta":{"footnotes":""},"categories":[1592],"tags":[1111,11,1777,674,1011,27,662,12,626,25],"class_list":{"0":"post-327707","1":"post","2":"type-post","3":"status-publish","4":"format-standard","5":"has-post-thumbnail","7":"category-ile-de-france","8":"tag-actu","9":"tag-actualites","10":"tag-eu","11":"tag-europe","12":"tag-fr","13":"tag-france","14":"tag-ile-de-france","15":"tag-news","16":"tag-paris","17":"tag-republique-francaise"},"share_on_mastodon":{"url":"https:\/\/pubeurope.com\/@fr\/115051368577607926","error":""},"_links":{"self":[{"href":"https:\/\/www.europesays.com\/fr\/wp-json\/wp\/v2\/posts\/327707","targetHints":{"allow":["GET"]}}],"collection":[{"href":"https:\/\/www.europesays.com\/fr\/wp-json\/wp\/v2\/posts"}],"about":[{"href":"https:\/\/www.europesays.com\/fr\/wp-json\/wp\/v2\/types\/post"}],"author":[{"embeddable":true,"href":"https:\/\/www.europesays.com\/fr\/wp-json\/wp\/v2\/users\/2"}],"replies":[{"embeddable":true,"href":"https:\/\/www.europesays.com\/fr\/wp-json\/wp\/v2\/comments?post=327707"}],"version-history":[{"count":0,"href":"https:\/\/www.europesays.com\/fr\/wp-json\/wp\/v2\/posts\/327707\/revisions"}],"wp:featuredmedia":[{"embeddable":true,"href":"https:\/\/www.europesays.com\/fr\/wp-json\/wp\/v2\/media\/327708"}],"wp:attachment":[{"href":"https:\/\/www.europesays.com\/fr\/wp-json\/wp\/v2\/media?parent=327707"}],"wp:term":[{"taxonomy":"category","embeddable":true,"href":"https:\/\/www.europesays.com\/fr\/wp-json\/wp\/v2\/categories?post=327707"},{"taxonomy":"post_tag","embeddable":true,"href":"https:\/\/www.europesays.com\/fr\/wp-json\/wp\/v2\/tags?post=327707"}],"curies":[{"name":"wp","href":"https:\/\/api.w.org\/{rel}","templated":true}]}}