{"id":327711,"date":"2025-08-18T19:16:14","date_gmt":"2025-08-18T19:16:14","guid":{"rendered":"https:\/\/www.europesays.com\/fr\/327711\/"},"modified":"2025-08-18T19:16:14","modified_gmt":"2025-08-18T19:16:14","slug":"mali-france-paris-rejette-les-accusations-visant-un-employe-de-son-ambassade-arrete-a-bamako","status":"publish","type":"post","link":"https:\/\/www.europesays.com\/fr\/327711\/","title":{"rendered":"Mali-France : Paris rejette les accusations visant un employ\u00e9 de son ambassade arr\u00eat\u00e9 \u00e0 Bamako"},"content":{"rendered":"<p>\u00a9 Koaci.com &#8211; lundi 18 ao\u00fbt 2025 &#8211; 15:15<\/p>\n<p> <a href=\"https:\/\/www.koaci.com\/recherche?search=Yann+Vezilier\" rel=\"nofollow noopener\" target=\"_blank\">Yann Vezilier<\/a> <\/p>\n<p>Les autorit\u00e9s maliennes ont annonc\u00e9 l\u2019arrestation de plusieurs dizaines de personnes, dont des g\u00e9n\u00e9raux, dans le cadre d\u2019un complot pr\u00e9sum\u00e9 de d\u00e9stabilisation.<\/p>\n<p>Parmi elles figure <a href=\"https:\/\/www.koaci.com\/recherche?search=Yann+Vezilier\" rel=\"nofollow noopener\" target=\"_blank\">Yann Vezilier<\/a>, pr\u00e9sent\u00e9 par Bamako comme un agent des services de renseignement fran\u00e7ais.<\/p>\n<p>\u00a0Selon les autorit\u00e9s maliennes, il aurait cherch\u00e9 \u00e0 mobiliser des militaires et des acteurs de la soci\u00e9t\u00e9 civile.<\/p>\n<p><\/p>\n<p>Rest\u00e9e silencieuse dans un premier temps, la diplomatie fran\u00e7aise a r\u00e9agi le 16 ao\u00fbt, qualifiant ces accusations de \u00ab sans fondement \u00bb.\u00a0<\/p>\n<p>Paris pr\u00e9cise que <a href=\"https:\/\/www.koaci.com\/recherche?search=Yann+Vezilier\" rel=\"nofollow noopener\" target=\"_blank\">Yann Vezilier<\/a> est un employ\u00e9 d\u00fbment accr\u00e9dit\u00e9 de son ambassade \u00e0 Bamako et qu\u2019il b\u00e9n\u00e9ficie des immunit\u00e9s diplomatiques pr\u00e9vues par la Convention de Vienne.<\/p>\n<p>Le minist\u00e8re fran\u00e7ais des Affaires \u00e9trang\u00e8res exige sa lib\u00e9ration imm\u00e9diate et affirme qu\u2019un dialogue est en cours avec les autorit\u00e9s maliennes.<\/p>\n<p>Dans un communiqu\u00e9 diffus\u00e9 le 14 ao\u00fbt, Bamako avait d\u00e9nonc\u00e9 l\u2019implication de \u00ab certains \u00c9tats \u00e9trangers \u00bb dans ce projet de d\u00e9stabilisation, sans d\u00e9tailler le nombre exact de personnes interpell\u00e9es.\u00a0<\/p>\n<p>Selon une source s\u00e9curitaire, au moins 55 personnes ont \u00e9t\u00e9 arr\u00eat\u00e9es, parmi elles les g\u00e9n\u00e9raux Abass Demb\u00e9l\u00e9 et Nema Sagara.<\/p>\n","protected":false},"excerpt":{"rendered":"\u00a9 Koaci.com &#8211; lundi 18 ao\u00fbt 2025 &#8211; 15:15 Yann Vezilier Les autorit\u00e9s maliennes ont annonc\u00e9 l\u2019arrestation de&hellip;\n","protected":false},"author":2,"featured_media":327712,"comment_status":"","ping_status":"","sticky":false,"template":"","format":"standard","meta":{"footnotes":""},"categories":[1888],"tags":[11109,1111,1928,47,11,1927,8539,11354,2813,3196,42869,1777,674,1011,27,1922,10109,46452,1136,46453,12,1926,626,1925,316,23703,25,16307,46454],"class_list":{"0":"post-327711","1":"post","2":"type-post","3":"status-publish","4":"format-standard","5":"has-post-thumbnail","7":"category-paris","8":"tag-accusations","9":"tag-actu","10":"tag-actu-paris","11":"tag-actualite","12":"tag-actualites","13":"tag-actualites-paris","14":"tag-ambassade","15":"tag-arrete","16":"tag-article","17":"tag-bamako","18":"tag-employe","19":"tag-eu","20":"tag-europe","21":"tag-fr","22":"tag-france","23":"tag-info","24":"tag-koaci","25":"tag-koaci-mali","26":"tag-mali","27":"tag-mali-france","28":"tag-news","29":"tag-news-paris","30":"tag-paris","31":"tag-paris-news","32":"tag-politique","33":"tag-rejette","34":"tag-republique-francaise","35":"tag-visant","36":"tag-yann-vezilier"},"share_on_mastodon":{"url":"https:\/\/pubeurope.com\/@fr\/115051376375757263","error":""},"_links":{"self":[{"href":"https:\/\/www.europesays.com\/fr\/wp-json\/wp\/v2\/posts\/327711","targetHints":{"allow":["GET"]}}],"collection":[{"href":"https:\/\/www.europesays.com\/fr\/wp-json\/wp\/v2\/posts"}],"about":[{"href":"https:\/\/www.europesays.com\/fr\/wp-json\/wp\/v2\/types\/post"}],"author":[{"embeddable":true,"href":"https:\/\/www.europesays.com\/fr\/wp-json\/wp\/v2\/users\/2"}],"replies":[{"embeddable":true,"href":"https:\/\/www.europesays.com\/fr\/wp-json\/wp\/v2\/comments?post=327711"}],"version-history":[{"count":0,"href":"https:\/\/www.europesays.com\/fr\/wp-json\/wp\/v2\/posts\/327711\/revisions"}],"wp:featuredmedia":[{"embeddable":true,"href":"https:\/\/www.europesays.com\/fr\/wp-json\/wp\/v2\/media\/327712"}],"wp:attachment":[{"href":"https:\/\/www.europesays.com\/fr\/wp-json\/wp\/v2\/media?parent=327711"}],"wp:term":[{"taxonomy":"category","embeddable":true,"href":"https:\/\/www.europesays.com\/fr\/wp-json\/wp\/v2\/categories?post=327711"},{"taxonomy":"post_tag","embeddable":true,"href":"https:\/\/www.europesays.com\/fr\/wp-json\/wp\/v2\/tags?post=327711"}],"curies":[{"name":"wp","href":"https:\/\/api.w.org\/{rel}","templated":true}]}}