{"id":327717,"date":"2025-08-18T19:19:10","date_gmt":"2025-08-18T19:19:10","guid":{"rendered":"https:\/\/www.europesays.com\/fr\/327717\/"},"modified":"2025-08-18T19:19:10","modified_gmt":"2025-08-18T19:19:10","slug":"je-suis-sans-voix-vladimir-poutine-offre-une-moto-russe-a-un-americain-lors-de-son-deplacement-en-alaska","status":"publish","type":"post","link":"https:\/\/www.europesays.com\/fr\/327717\/","title":{"rendered":"\u00ab\u00a0Je suis sans voix\u00a0\u00bb\u00a0: Vladimir Poutine offre une moto russe \u00e0 un Am\u00e9ricain lors de son d\u00e9placement en Alaska"},"content":{"rendered":"<p>\n                                                                    l&rsquo;essentiel<br \/>\n                                                                Un habitant d\u2019Alaska a re\u00e7u une moto flambant neuve, offerte par Vladimir Poutine. Plus qu\u2019un simple cadeau, cette moto de la marque Ural est un r\u00e9el symbole.\n                            <\/p>\n<p>Lors de sa rencontre avec Donald Trump en Alaska, vendredi 15\u00a0ao\u00fbt, Vladimir Poutine aurait offert une moto flambant neuve \u00e0 un habitant de la ville, selon les informations de l\u2019agence <a href=\"https:\/\/www.reuters.com\/world\/alaskan-man-gifted-new-motorcycle-by-putin-during-trump-summit-2025-08-18\/\" target=\"_self\" rel=\"nofollow noopener\">Reuters<\/a>.<\/p>\n<p class=\"std-elt__inline\">\n        <strong>\u00c0 lire aussi :<\/strong><br \/>\n        <a href=\"https:\/\/www.ladepeche.fr\/2025\/08\/15\/guerre-en-ukraine-lalaska-choix-symbolique-strategique-et-politique-pour-le-sommet-trump-poutine-12876920.php\" rel=\"nofollow noopener\" target=\"_blank\">Guerre en Ukraine. L\u2019Alaska, choix symbolique, strat\u00e9gique et politique pour le sommet Trump-Poutine<\/a>\n    <\/p>\n<p>Le nouveau propri\u00e9taire est \u00ab\u00a0sans voix\u00a0\u00bb<\/p>\n<p>Le nouveau propri\u00e9taire de la moto de la marque Ural, Mark Waren, aurait re\u00e7u ce \u00ab\u00a0cadeau personnel\u00a0\u00bb du dirigeant russe, selon des images diffus\u00e9es par la cha\u00eene d\u2019Etat russe Russia Today. Il affirme \u00eatre \u00ab\u00a0sans voix\u00a0\u00bb.\u00a0L\u2019homme \u00e9tait d\u00e9j\u00e0 propri\u00e9taire d\u2019une moto de la m\u00eame marque. Il \u00e9voque une diff\u00e9rence \u00ab\u00a0comme le jour et la nuit\u00a0\u00bb avec son ancien mod\u00e8le.<\/p>\n<p class=\"std-elt__inline\">\n        <strong>\u00c0 lire aussi :<\/strong><br \/>\n        <a href=\"https:\/\/www.ladepeche.fr\/2025\/08\/17\/sommet-trump-poutine-en-alaska-poo-tinh-la-maison-blanche-oublie-une-note-expliquant-prononcer-le-nom-du-maitre-du-kremlin-sans-se-tromper-12880384.php\" rel=\"nofollow noopener\" target=\"_blank\">Sommet Trump-Poutine en Alaska\u00a0: \u00ab\u00a0POO-Tinh\u00a0\u00bb\u2026 La Maison Blanche oublie une note \u00e0 l\u2019h\u00f4tel expliquant comment prononcer le nom du ma\u00eetre du Kremlin sans se tromper<\/a>\n    <\/p>\n<p>Un cadeau symbolique<\/p>\n<p>Un cadeau qui n\u2019a pas \u00e9t\u00e9 choisi au hasard.\u00a0L\u2019Ural, dont la production a \u00e9t\u00e9 d\u00e9plac\u00e9e au Kazakhstan apr\u00e8s l\u2019invasion de l\u2019Ukraine, reste un symbole de l\u2019industrie sovi\u00e9tique, explique <a href=\"https:\/\/www.parismatch.com\/actu\/international\/letonnant-cadeau-de-vladimir-poutine-a-un-citoyen-americain-en-alaska-255716\" target=\"_self\" rel=\"nofollow noopener\">Paris Match<\/a>. L\u2019Alaska, \u00e9tant un ancien territoire russe c\u00e9d\u00e9 aux \u00c9tats-Unis en 1867, ce cadeau est plus que symbolique pour Vladimir Poutine et rel\u00e8ve d\u2019une communication bien rod\u00e9e. On garde en t\u00eate les images d\u2019un citoyen am\u00e9ricain fier de sa moto russe, offert par le dirigeant.<\/p>\n","protected":false},"excerpt":{"rendered":"l&rsquo;essentiel Un habitant d\u2019Alaska a re\u00e7u une moto flambant neuve, offerte par Vladimir Poutine. Plus qu\u2019un simple cadeau,&hellip;\n","protected":false},"author":2,"featured_media":327718,"comment_status":"","ping_status":"","sticky":false,"template":"","format":"standard","meta":{"footnotes":""},"categories":[1591],"tags":[11,1887,12,1885,1886,132],"class_list":{"0":"post-327717","1":"post","2":"type-post","3":"status-publish","4":"format-standard","5":"has-post-thumbnail","7":"category-russie","8":"tag-actualites","9":"tag-federation-de-russie","10":"tag-news","11":"tag-russia","12":"tag-russian-federation","13":"tag-russie"},"share_on_mastodon":{"url":"https:\/\/pubeurope.com\/@fr\/115051388219051177","error":""},"_links":{"self":[{"href":"https:\/\/www.europesays.com\/fr\/wp-json\/wp\/v2\/posts\/327717","targetHints":{"allow":["GET"]}}],"collection":[{"href":"https:\/\/www.europesays.com\/fr\/wp-json\/wp\/v2\/posts"}],"about":[{"href":"https:\/\/www.europesays.com\/fr\/wp-json\/wp\/v2\/types\/post"}],"author":[{"embeddable":true,"href":"https:\/\/www.europesays.com\/fr\/wp-json\/wp\/v2\/users\/2"}],"replies":[{"embeddable":true,"href":"https:\/\/www.europesays.com\/fr\/wp-json\/wp\/v2\/comments?post=327717"}],"version-history":[{"count":0,"href":"https:\/\/www.europesays.com\/fr\/wp-json\/wp\/v2\/posts\/327717\/revisions"}],"wp:featuredmedia":[{"embeddable":true,"href":"https:\/\/www.europesays.com\/fr\/wp-json\/wp\/v2\/media\/327718"}],"wp:attachment":[{"href":"https:\/\/www.europesays.com\/fr\/wp-json\/wp\/v2\/media?parent=327717"}],"wp:term":[{"taxonomy":"category","embeddable":true,"href":"https:\/\/www.europesays.com\/fr\/wp-json\/wp\/v2\/categories?post=327717"},{"taxonomy":"post_tag","embeddable":true,"href":"https:\/\/www.europesays.com\/fr\/wp-json\/wp\/v2\/tags?post=327717"}],"curies":[{"name":"wp","href":"https:\/\/api.w.org\/{rel}","templated":true}]}}