{"id":327719,"date":"2025-08-18T19:20:13","date_gmt":"2025-08-18T19:20:13","guid":{"rendered":"https:\/\/www.europesays.com\/fr\/327719\/"},"modified":"2025-08-18T19:20:13","modified_gmt":"2025-08-18T19:20:13","slug":"trump-reagit-vertement-aux-critiques-sur-sa-position-a-legard-de-la-russie","status":"publish","type":"post","link":"https:\/\/www.europesays.com\/fr\/327719\/","title":{"rendered":"Trump r\u00e9agit vertement aux critiques sur sa position \u00e0 l\u2019\u00e9gard de la Russie"},"content":{"rendered":"<p>Le pr\u00e9sident am\u00e9ricain s\u2019est \u00e9rig\u00e9 dans un message publi\u00e9 sur son r\u00e9seau social Truth Social cet apr\u00e8s-midi contre les d\u00e9tracteurs de son attitude dans le cadre des n\u00e9gociations sur le sort de l\u2019Ukraine.<\/p>\n<p class=\"fig-paragraph\">Le pr\u00e9sident am\u00e9ricain Donald Trump, qui a\u00a0<a href=\"http:\/\/www.lefigaro.fr\/international\/pour-trump-il-est-exclu-que-l-ukraine-recupere-la-crimee-ou-entre-dans-l-otan-20250818\" target=\"_blank\" data-fig-type=\"NewsFlash\" rel=\"noopener\" data-gtm-custom-categorie=\"navigation\" data-gtm-custom-action=\"crossclick\" data-gtm-custom-label=\"Contextuel\" data-gtm-event=\"customEventSPE\" data-fig-domain=\"LEFIGARO\">exclu<\/a>\u00a0la possibilit\u00e9 pour l\u2019Ukraine d\u2019entrer dans l\u2019Otan ou de retrouver sa souverainet\u00e9 sur la Crim\u00e9e avant la\u00a0<a href=\"https:\/\/www.lefigaro.fr\/international\/guerre-ukraine-en-direct-zelensky-trump-poutine-paix-rencontre-etats-unis-russie-20250818\" target=\"_blank\" data-fig-type=\"Live\" rel=\"noopener\" data-gtm-custom-categorie=\"navigation\" data-gtm-custom-action=\"crossclick\" data-gtm-custom-label=\"Contextuel\" data-gtm-event=\"customEventSPE\" data-fig-domain=\"LEFIGARO\">r\u00e9union<\/a>\u00a0qu\u2019il doit tenir ce lundi \u00e0 la Maison Blanche avec le pr\u00e9sident ukrainien\u00a0<a href=\"http:\/\/www.lefigaro.fr\/international\/soutien-sans-faille-negociations-ou-fiasco-total-toutes-ces-fois-ou-zelensky-a-ete-recu-a-la-maison-blanche-20250818\" target=\"_blank\" data-fig-type=\"NewsFlash\" rel=\"noopener\" data-gtm-custom-categorie=\"navigation\" data-gtm-custom-action=\"crossclick\" data-gtm-custom-label=\"Contextuel\" data-gtm-event=\"customEventSPE\" data-fig-domain=\"LEFIGARO\">Volodymyr Zelensky<\/a>\u00a0et sept\u00a0<a href=\"http:\/\/www.lefigaro.fr\/vox\/monde\/pierre-lellouche-meprises-a-washington-et-a-moscou-les-europeens-risquent-de-voir-leur-avenir-se-decider-sans-eux-20250818\" target=\"_blank\" data-fig-type=\"Article\" rel=\"noopener\" data-gtm-custom-categorie=\"navigation\" data-gtm-custom-action=\"crossclick\" data-gtm-custom-label=\"Contextuel\" data-gtm-event=\"customEventSPE\" data-fig-domain=\"LEFIGARO\">dirigeants europ\u00e9ens<\/a>, s\u2019en est violemment pris aux critiques de ses efforts actuels visant \u00e0 mettre fin \u00e0 la\u00a0<a href=\"http:\/\/www.lefigaro.fr\/international\/guerre-en-ukraine-les-ukrainiens-parviennent-a-endiguer-la-poussee-russe-vers-dobropillia-20250818\" target=\"_blank\" data-fig-type=\"NewsFlash\" rel=\"noopener\" data-gtm-custom-categorie=\"navigation\" data-gtm-custom-action=\"crossclick\" data-gtm-custom-label=\"Contextuel\" data-gtm-event=\"customEventSPE\" data-fig-domain=\"LEFIGARO\">guerre en Ukraine<\/a>.<\/p>\n<p class=\"fig-paragraph\">Donald Trump a ainsi affirm\u00e9 dans un\u00a0<a href=\"https:\/\/truthsocial.com\/@realDonaldTrump\/115050161923440039\" target=\"_blank\" rel=\"sponsored noopener\" data-gtm-custom-categorie=\"navigation\" data-gtm-custom-action=\"crossclick\" data-gtm-custom-label=\"Contextuel\" data-gtm-event=\"customEventSPE\">message<\/a>\u00a0publi\u00e9 sur son r\u00e9seau Truth Social\u00a0: \u00abJ\u2019ai r\u00e9gl\u00e9 six guerres en six mois, dont l\u2019une risquait de d\u00e9boucher sur une catastrophe nucl\u00e9aire [la guerre des 12 jours entre Isra\u00ebl et l\u2019Iran, NDLR], et pourtant je dois lire et \u00e9couter le Wall Street Journal et bien d\u2019autres personnes qui n\u2019y connaissent vraiment rien me dire tout ce que je fais de mal dans le D\u00c9SORDRE entre la Russie et l\u2019Ukraine, qui est la guerre de Joe Biden l\u2019endormi, pas la mienne. Je suis seulement l\u00e0 pour y mettre fin, pas pour la poursuivre. Cela ne serait JAMAIS arriv\u00e9 si j\u2019avais \u00e9t\u00e9 pr\u00e9sident. Je sais exactement ce que je fais, et je n\u2019ai pas besoin des conseils de personnes qui travaillent sur tous ces conflits depuis des ann\u00e9es et qui n\u2019ont jamais \u00e9t\u00e9 capables de faire quoi que ce soit pour les arr\u00eater. Ce sont des gens \u201cSTUPIDES\u201d, sans bon sens, intelligence ni compr\u00e9hension, et ils ne font que rendre le d\u00e9sastre actuel entre la Russie et l\u2019Ukraine plus difficile \u00e0 R\u00c9SOUDRE. Malgr\u00e9 tous mes d\u00e9tracteurs l\u00e9gers et tr\u00e8s jaloux, je vais y arriver \u2014 je r\u00e9ussis toujours\u00a0!!!\u00bb.<\/p>\n<p>                                    <a class=\"fig-a11y-skip a11y-hidden\" href=\"#fig-a11y-skip-main-inarticle\"><br \/>\n        Passer la publicit\u00e9<br \/>\n    <\/a><\/p>\n<p class=\"fig-paragraph\">En \u00e9voquant \u00absix guerres r\u00e9gl\u00e9es en six mois\u00bb, Donald Trump semble faire r\u00e9f\u00e9rence \u00e0 la\u00a0<a href=\"http:\/\/www.lefigaro.fr\/international\/dossier\/conflit-entre-l-inde-et-le-pakistan-notre-dossier-pour-tout-comprendre\" target=\"_blank\" data-fig-type=\"Topic\" rel=\"noopener\" data-gtm-custom-categorie=\"navigation\" data-gtm-custom-action=\"crossclick\" data-gtm-custom-label=\"Contextuel\" data-gtm-event=\"customEventSPE\" data-fig-domain=\"LEFIGARO\">crise entre l\u2019Inde et le Pakistan<\/a>\u00a0en avril et mai dans le cadre du conflit au Cachemire, \u00e0 la\u00a0<a href=\"http:\/\/www.lefigaro.fr\/international\/dossier\/frappes-d-israel-sur-l-iran-notre-dossier-pour-tout-comprendre\" target=\"_blank\" data-fig-type=\"Topic\" rel=\"noopener\" data-gtm-custom-categorie=\"navigation\" data-gtm-custom-action=\"crossclick\" data-gtm-custom-label=\"Contextuel\" data-gtm-event=\"customEventSPE\" data-fig-domain=\"LEFIGARO\">guerre entre Isra\u00ebl et l\u2019Iran<\/a>\u00a0interrompue le 24 juin, aux tensions entre la Serbie et le Kosovo. Il fait \u00e9galement allusion \u00e0\u00a0<a href=\"http:\/\/www.lefigaro.fr\/international\/un-merveilleux-traite-donald-trump-impose-un-accord-de-paix-entre-la-rdc-et-le-rwanda-20250701\" target=\"_blank\" data-fig-type=\"Article\" rel=\"noopener\" data-gtm-custom-categorie=\"navigation\" data-gtm-custom-action=\"crossclick\" data-gtm-custom-label=\"Contextuel\" data-gtm-event=\"customEventSPE\" data-fig-domain=\"LEFIGARO\">l\u2019accord de paix entre la R\u00e9publique d\u00e9mocratique du Congo et le Rwanda<\/a>\u00a0sign\u00e9 \u00e0 Washington le 27 juin, \u00e0 la conclusion d\u2019un\u00a0<a href=\"http:\/\/www.lefigaro.fr\/flash-actu\/trump-annonce-que-la-thailande-et-le-cambodge-ont-accepte-de-se-rencontrer-en-vue-d-un-cessez-le-feu-20250726\" target=\"_blank\" data-fig-type=\"NewsFlash\" rel=\"noopener\" data-gtm-custom-categorie=\"navigation\" data-gtm-custom-action=\"crossclick\" data-gtm-custom-label=\"Contextuel\" data-gtm-event=\"customEventSPE\" data-fig-domain=\"LEFIGARO\">cessez-le-feu entre la Tha\u00eflande et le Cambodge<\/a>\u00a0le 28 juillet, \u00e0 la suite de laquelle le premier ministre cambodgien Hun Manet a annonc\u00e9 que le Cambodge proposerait la candidature de Donald Trump au prix Nobel de la paix, et enfin \u00e0\u00a0<a href=\"http:\/\/www.lefigaro.fr\/international\/l-armenie-et-l-azerbaidjan-signent-un-accord-de-paix-sous-l-impulsion-de-donald-trump-20250810\" target=\"_blank\" data-fig-type=\"Article\" rel=\"noopener\" data-gtm-custom-categorie=\"navigation\" data-gtm-custom-action=\"crossclick\" data-gtm-custom-label=\"Contextuel\" data-gtm-event=\"customEventSPE\" data-fig-domain=\"LEFIGARO\">l\u2019\u00abaccord historique\u00bb<\/a> \u00a0de paix sign\u00e9 entre l\u2019Azerba\u00efdjan et l\u2019Arm\u00e9nie \u00e0 Washington vendredi 8 ao\u00fbt.<\/p>\n<p class=\"fig-paragraph\">N\u00e9anmoins, Donald Trump fait face depuis six mois \u00e0\u00a0<a href=\"http:\/\/www.lefigaro.fr\/international\/ukraine-poutine-inflexible-face-a-l-ultimatum-de-trump-20250805\" target=\"_blank\" data-fig-type=\"Article\" rel=\"noopener\" data-gtm-custom-categorie=\"navigation\" data-gtm-custom-action=\"crossclick\" data-gtm-custom-label=\"Contextuel\" data-gtm-event=\"customEventSPE\" data-fig-domain=\"LEFIGARO\">l\u2019inflexibilit\u00e9 de Vladimir Poutine<\/a>\u00a0sur le dossier ukrainien malgr\u00e9 plusieurs concessions notables faites \u00e0 son \u00e9gard, alors que le pr\u00e9sident r\u00e9publicain avait promis pendant sa campagne de mettre fin au conflit \u00aben 24 heures\u00bb.<\/p>\n","protected":false},"excerpt":{"rendered":"Le pr\u00e9sident am\u00e9ricain s\u2019est \u00e9rig\u00e9 dans un message publi\u00e9 sur son r\u00e9seau social Truth Social cet apr\u00e8s-midi contre&hellip;\n","protected":false},"author":2,"featured_media":327720,"comment_status":"","ping_status":"","sticky":false,"template":"","format":"standard","meta":{"footnotes":""},"categories":[1590],"tags":[11,75,1777,674,131,12,220],"class_list":{"0":"post-327719","1":"post","2":"type-post","3":"status-publish","4":"format-standard","5":"has-post-thumbnail","7":"category-ukraine","8":"tag-actualites","9":"tag-donald-trump","10":"tag-eu","11":"tag-europe","12":"tag-guerre-en-ukraine","13":"tag-news","14":"tag-ukraine"},"share_on_mastodon":{"url":"https:\/\/pubeurope.com\/@fr\/115051392118183347","error":""},"_links":{"self":[{"href":"https:\/\/www.europesays.com\/fr\/wp-json\/wp\/v2\/posts\/327719","targetHints":{"allow":["GET"]}}],"collection":[{"href":"https:\/\/www.europesays.com\/fr\/wp-json\/wp\/v2\/posts"}],"about":[{"href":"https:\/\/www.europesays.com\/fr\/wp-json\/wp\/v2\/types\/post"}],"author":[{"embeddable":true,"href":"https:\/\/www.europesays.com\/fr\/wp-json\/wp\/v2\/users\/2"}],"replies":[{"embeddable":true,"href":"https:\/\/www.europesays.com\/fr\/wp-json\/wp\/v2\/comments?post=327719"}],"version-history":[{"count":0,"href":"https:\/\/www.europesays.com\/fr\/wp-json\/wp\/v2\/posts\/327719\/revisions"}],"wp:featuredmedia":[{"embeddable":true,"href":"https:\/\/www.europesays.com\/fr\/wp-json\/wp\/v2\/media\/327720"}],"wp:attachment":[{"href":"https:\/\/www.europesays.com\/fr\/wp-json\/wp\/v2\/media?parent=327719"}],"wp:term":[{"taxonomy":"category","embeddable":true,"href":"https:\/\/www.europesays.com\/fr\/wp-json\/wp\/v2\/categories?post=327719"},{"taxonomy":"post_tag","embeddable":true,"href":"https:\/\/www.europesays.com\/fr\/wp-json\/wp\/v2\/tags?post=327719"}],"curies":[{"name":"wp","href":"https:\/\/api.w.org\/{rel}","templated":true}]}}