{"id":327721,"date":"2025-08-18T19:21:17","date_gmt":"2025-08-18T19:21:17","guid":{"rendered":"https:\/\/www.europesays.com\/fr\/327721\/"},"modified":"2025-08-18T19:21:17","modified_gmt":"2025-08-18T19:21:17","slug":"redecoupage-electoral-aux-usa-les-elus-democrates-qui-setaient-exiles-sont-revenus-au-texas","status":"publish","type":"post","link":"https:\/\/www.europesays.com\/fr\/327721\/","title":{"rendered":"Red\u00e9coupage \u00e9lectoral aux USA\u00a0: les \u00e9lus d\u00e9mocrates qui s\u2019\u00e9taient exil\u00e9s sont revenus au Texas"},"content":{"rendered":"<p>Pouss\u00e9s par Donald Trump, les responsables r\u00e9publicains du Texas veulent modifier la carte \u00e9lectorale de telle mani\u00e8re \u00e0 ce que le vote d\u00e9mocrate soit dilu\u00e9, une technique nomm\u00e9e \u00ab\u00a0gerrymandering\u00a0\u00bb, et ainsi accro\u00eetre de cinq membres leur contingent de 25 \u00e9lus \u00e0 la Chambre des repr\u00e9sentants \u00e0 Washington apr\u00e8s les \u00e9lections de mi-mandat en novembre\u00a02026. Mais les d\u00e9mocrates, en minorit\u00e9 au parlement texan, tentent de s\u2019opposer \u00e0 l\u2019adoption de ce red\u00e9coupage.\u00a0Ils avaient fui l\u2019Etat d\u00e9but ao\u00fbt, se r\u00e9fugiant \u00e0 Chicago ou New York, afin qu\u2019un quorum ne soit pas atteint. Leur d\u00e9part avait emp\u00each\u00e9 les r\u00e9publicains d\u2019organiser un vote sur le texte. Lundi, en annon\u00e7ant leur retour, ils ont d\u00e9nonc\u00e9 la volont\u00e9 des r\u00e9publicains de \u00ab\u00a0r\u00e9duire au silence les \u00e9lecteurs des minorit\u00e9s par un &lsquo;gerrymandering&rsquo;\u00a0raciste\u00a0\u00bb. Ils estiment en effet que la nouvelle carte \u00e9lectorale dilue les voix des \u00e9lectorats afro-am\u00e9ricain et hispanique qui, en majorit\u00e9, votent traditionnellement d\u00e9mocrate. En signe de riposte, plusieurs gouverneurs d\u00e9mocrates ont annonc\u00e9 leur intention d\u2019en faire de m\u00eame,<a href=\"https:\/\/www.rtbf.be\/article\/etats-unis-qui-est-gavin-newson-le-gouverneur-de-californie-et-empecheur-de-trumper-en-rond-11560612\" rel=\"nofollow noopener\" target=\"_blank\"> comme le Californien Gavin Newsom<\/a>.<\/p>\n","protected":false},"excerpt":{"rendered":"Pouss\u00e9s par Donald Trump, les responsables r\u00e9publicains du Texas veulent modifier la carte \u00e9lectorale de telle mani\u00e8re \u00e0&hellip;\n","protected":false},"author":2,"featured_media":327722,"comment_status":"","ping_status":"","sticky":false,"template":"","format":"standard","meta":{"footnotes":""},"categories":[1589],"tags":[11,73,1866,12,1864,1865,1863,308],"class_list":{"0":"post-327721","1":"post","2":"type-post","3":"status-publish","4":"format-standard","5":"has-post-thumbnail","7":"category-etats-unis","8":"tag-actualites","9":"tag-etats-unis","10":"tag-etats-unis-damerique","11":"tag-news","12":"tag-united-states","13":"tag-united-states-of-america","14":"tag-us","15":"tag-usa"},"share_on_mastodon":{"url":"https:\/\/pubeurope.com\/@fr\/115051396080288929","error":""},"_links":{"self":[{"href":"https:\/\/www.europesays.com\/fr\/wp-json\/wp\/v2\/posts\/327721","targetHints":{"allow":["GET"]}}],"collection":[{"href":"https:\/\/www.europesays.com\/fr\/wp-json\/wp\/v2\/posts"}],"about":[{"href":"https:\/\/www.europesays.com\/fr\/wp-json\/wp\/v2\/types\/post"}],"author":[{"embeddable":true,"href":"https:\/\/www.europesays.com\/fr\/wp-json\/wp\/v2\/users\/2"}],"replies":[{"embeddable":true,"href":"https:\/\/www.europesays.com\/fr\/wp-json\/wp\/v2\/comments?post=327721"}],"version-history":[{"count":0,"href":"https:\/\/www.europesays.com\/fr\/wp-json\/wp\/v2\/posts\/327721\/revisions"}],"wp:featuredmedia":[{"embeddable":true,"href":"https:\/\/www.europesays.com\/fr\/wp-json\/wp\/v2\/media\/327722"}],"wp:attachment":[{"href":"https:\/\/www.europesays.com\/fr\/wp-json\/wp\/v2\/media?parent=327721"}],"wp:term":[{"taxonomy":"category","embeddable":true,"href":"https:\/\/www.europesays.com\/fr\/wp-json\/wp\/v2\/categories?post=327721"},{"taxonomy":"post_tag","embeddable":true,"href":"https:\/\/www.europesays.com\/fr\/wp-json\/wp\/v2\/tags?post=327721"}],"curies":[{"name":"wp","href":"https:\/\/api.w.org\/{rel}","templated":true}]}}