{"id":327732,"date":"2025-08-18T19:27:12","date_gmt":"2025-08-18T19:27:12","guid":{"rendered":"https:\/\/www.europesays.com\/fr\/327732\/"},"modified":"2025-08-18T19:27:12","modified_gmt":"2025-08-18T19:27:12","slug":"deces-du-streamer-francais-jean-pormanove-une-enquete-ouverte","status":"publish","type":"post","link":"https:\/\/www.europesays.com\/fr\/327732\/","title":{"rendered":"D\u00e9c\u00e8s du streamer fran\u00e7ais \u00ab\u00a0Jean Pormanove\u00a0\u00bb, une enqu\u00eate ouverte"},"content":{"rendered":"<p class=\"paragraph text_align_left lp-f-body-02\">Il avait surgi sur les r\u00e9seaux sociaux il y a cinq ans seulement, mais il \u00e9tait suivi par un demi-million d\u2019abonn\u00e9s sur des plates-formes comme <a href=\"https:\/\/www.tiktok.com\/@jeanpormanove_?lang=fr\" target=\"_self\" rel=\"noopener\">TikTok<\/a> ou <a href=\"https:\/\/www.twitch.tv\/jeanpormanove\" target=\"_self\" rel=\"noopener\">Twitch<\/a>. Le streamer fran\u00e7ais Jean Pormanove, dit \u00ab JP \u00bb, de son vrai nom Rapha\u00ebl Graven, qui avait \u00e9galement b\u00e2ti une communaut\u00e9 massive de gamers sur le site Kick, est d\u00e9c\u00e9d\u00e9 dans la nuit de dimanche \u00e0 lundi \u00e0 Contes, pr\u00e8s de Nice (Alpes-Maritimes), \u00e0 l\u2019\u00e2ge de 46 ans. <\/p>\n<p class=\"paragraph text_align_left lp-f-body-02\">Son entourage a confirm\u00e9 la nouvelle dans l\u2019apr\u00e8s-midi de lundi et de nombreux messages affluent depuis sur les r\u00e9seaux sociaux. \u00ab J\u2019ai toujours redout\u00e9 le jour o\u00f9 je devrais \u00e9crire ces mots. Malheureusement, cette nuit, JP (Rapha\u00ebl Graven) nous a quitt\u00e9s. (\u2026) Je vous demande \u00e0 tous de respecter sa m\u00e9moire et de ne pas partager la vid\u00e9o de son dernier souffle dans son sommeil \u00bb, a notamment post\u00e9 l\u2019influenceur Naruto (Owen). <\/p>\n<p><img decoding=\"async\" class=\"image \" loading=\"lazy\" src=\"https:\/\/www.europesays.com\/fr\/wp-content\/uploads\/2025\/08\/OYJOU2LSKJAMLIAESRVTZ5XSLY.JPG\" alt=\"Le streamer Naruto a rendu hommage \u00e0 Jean Parmanove sur Instragram. INSTAGRAM\/@fcnarutovie\" align=\"\" data-rubrique-principale=\"\" data-article-type=\"\" fetchpriority=\"auto\"\/>Le streamer Naruto a rendu hommage \u00e0 Jean Parmanove sur Instragram. INSTAGRAM\/@fcnarutovie<\/p>\n<p class=\"paragraph text_align_left lp-f-body-02\">La rumeur courait depuis plusieurs heures sur les r\u00e9seaux sociaux, apr\u00e8s la publication d\u2019une vid\u00e9o gla\u00e7ante d\u2019un live dans lequel on aper\u00e7oit un individu lui ressemblant, allong\u00e9 sans vie, la t\u00eate \u00e0 peine visible sur un matelas recouvert d\u2019une couette et ne r\u00e9pondant pas aux appels d\u2019autres hommes visiblement en train de se r\u00e9veiller. \u00ab Il est vraiment dans une position chelou \u00bb, entend-on sur les images avant que le live soit brusquement coup\u00e9.<\/p>\n<p>Accusations de violences<\/p>\n<p class=\"paragraph text_align_left lp-f-body-02\">Contact\u00e9 par Le Parisien, le parquet de Nice a confirm\u00e9 ce lundi en fin d\u2019apr\u00e8s-midi \u00ab le d\u00e9c\u00e8s d\u2019un homme dans un local lou\u00e9 pour des lives de jeu vid\u00e9o \u00bb sans pr\u00e9ciser l\u2019identit\u00e9. Une enqu\u00eate est men\u00e9e par les gendarmes de la brigade de recherches de Nice pour conna\u00eetre les causes de la mort. \u00ab \u00c0 ce stade, il n\u2019y a rien de suspect, les auditions sont en cours et une autopsie sera pratiqu\u00e9e \u00bb, indique \u00e9galement le parquet. <\/p>\n<p class=\"paragraph text_align_left lp-f-body-02\">Jean Pormanove \u00e9tait connu pour ses lives de gaming, mais aussi pour des d\u00e9fis extr\u00eames avec d\u2019autres streamers, dont Naruto et Safine. Ces deux Ni\u00e7ois avaient \u00e9t\u00e9 plac\u00e9s en garde \u00e0 vue, en janvier dernier, avant d\u2019\u00eatre rel\u00e2ch\u00e9s dans le cadre d\u2019une enqu\u00eate pr\u00e9liminaire pour des soup\u00e7ons de violences sur personnes vuln\u00e9rables, \u00e0 la suite d\u2019un article de Mediapart. Nos confr\u00e8res avaient notamment d\u00e9nonc\u00e9 l\u2019existence de lives enregistr\u00e9s \u00e0 Contes o\u00f9 l\u2019on voyait Jean Pormanove et une autre personne handicap\u00e9e subir des humiliations. Les deux influenceurs avaient contest\u00e9 toute infraction et ni\u00e9 les faits.<\/p>\n<p><script async src=\"\/\/www.tiktok.com\/embed.js\"><\/script><\/p>\n","protected":false},"excerpt":{"rendered":"Il avait surgi sur les r\u00e9seaux sociaux il y a cinq ans seulement, mais il \u00e9tait suivi par&hellip;\n","protected":false},"author":2,"featured_media":327733,"comment_status":"","ping_status":"","sticky":false,"template":"","format":"standard","meta":{"footnotes":""},"categories":[2],"tags":[11,1011,27,3746,12,25,104],"class_list":{"0":"post-327732","1":"post","2":"type-post","3":"status-publish","4":"format-standard","5":"has-post-thumbnail","7":"category-actualites","8":"tag-actualites","9":"tag-fr","10":"tag-france","11":"tag-futurs","12":"tag-news","13":"tag-republique-francaise","14":"tag-societe"},"share_on_mastodon":{"url":"https:\/\/pubeurope.com\/@fr\/115051419664625321","error":""},"_links":{"self":[{"href":"https:\/\/www.europesays.com\/fr\/wp-json\/wp\/v2\/posts\/327732","targetHints":{"allow":["GET"]}}],"collection":[{"href":"https:\/\/www.europesays.com\/fr\/wp-json\/wp\/v2\/posts"}],"about":[{"href":"https:\/\/www.europesays.com\/fr\/wp-json\/wp\/v2\/types\/post"}],"author":[{"embeddable":true,"href":"https:\/\/www.europesays.com\/fr\/wp-json\/wp\/v2\/users\/2"}],"replies":[{"embeddable":true,"href":"https:\/\/www.europesays.com\/fr\/wp-json\/wp\/v2\/comments?post=327732"}],"version-history":[{"count":0,"href":"https:\/\/www.europesays.com\/fr\/wp-json\/wp\/v2\/posts\/327732\/revisions"}],"wp:featuredmedia":[{"embeddable":true,"href":"https:\/\/www.europesays.com\/fr\/wp-json\/wp\/v2\/media\/327733"}],"wp:attachment":[{"href":"https:\/\/www.europesays.com\/fr\/wp-json\/wp\/v2\/media?parent=327732"}],"wp:term":[{"taxonomy":"category","embeddable":true,"href":"https:\/\/www.europesays.com\/fr\/wp-json\/wp\/v2\/categories?post=327732"},{"taxonomy":"post_tag","embeddable":true,"href":"https:\/\/www.europesays.com\/fr\/wp-json\/wp\/v2\/tags?post=327732"}],"curies":[{"name":"wp","href":"https:\/\/api.w.org\/{rel}","templated":true}]}}