{"id":327736,"date":"2025-08-18T19:29:13","date_gmt":"2025-08-18T19:29:13","guid":{"rendered":"https:\/\/www.europesays.com\/fr\/327736\/"},"modified":"2025-08-18T19:29:13","modified_gmt":"2025-08-18T19:29:13","slug":"danish-golf-championship-lacroix-termine-dans-le-top-20","status":"publish","type":"post","link":"https:\/\/www.europesays.com\/fr\/327736\/","title":{"rendered":"Danish Golf Championship : Lacroix termine dans le top 20"},"content":{"rendered":"<p>Jamais en pr\u00e9tention pour la gagne mais jamais inqui\u00e9t\u00e9 non plus, <strong>Fr\u00e9d\u00e9ric<\/strong> <strong>Lacroix<\/strong> a termin\u00e9 sa semaine danoise sur un top 20. Un an apr\u00e8s son premier succ\u00e8s dans l\u2019\u00e9lite europ\u00e9enne dans ce m\u00eame <strong>Danish Golf Championship<\/strong>, le tenant du titre a rendu quatre cartes presque identiques &#8211; 69, 71, 70 et 70 &#8211; pour cumuler un score total de -4, synonyme de 16e place. Suffisant pour assoir sa place dans le top 100 de la <strong>Race to Dubai<\/strong> mais trop juste pour aller chercher <strong>Marco<\/strong> <strong>Penge<\/strong> ou <strong>Rasmus<\/strong>\u00a0<strong>H\u00f8jgaard<\/strong>, en duel pour la victoire. Les deux se sont d\u2019ailleurs rendus coup pour coups en derni\u00e8re partie ce dimanche et c\u2019est finalement l\u2019Anglais qui s\u2019est impos\u00e9 devant le local et favori du public.<\/p>\n","protected":false},"excerpt":{"rendered":"Jamais en pr\u00e9tention pour la gagne mais jamais inqui\u00e9t\u00e9 non plus, Fr\u00e9d\u00e9ric Lacroix a termin\u00e9 sa semaine danoise&hellip;\n","protected":false},"author":2,"featured_media":327737,"comment_status":"","ping_status":"","sticky":false,"template":"","format":"standard","meta":{"footnotes":""},"categories":[1418],"tags":[1011,27,1472,60],"class_list":{"0":"post-327736","1":"post","2":"type-post","3":"status-publish","4":"format-standard","5":"has-post-thumbnail","7":"category-golf","8":"tag-fr","9":"tag-france","10":"tag-golf","11":"tag-sports"},"share_on_mastodon":{"url":"https:\/\/pubeurope.com\/@fr\/115051427469868028","error":""},"_links":{"self":[{"href":"https:\/\/www.europesays.com\/fr\/wp-json\/wp\/v2\/posts\/327736","targetHints":{"allow":["GET"]}}],"collection":[{"href":"https:\/\/www.europesays.com\/fr\/wp-json\/wp\/v2\/posts"}],"about":[{"href":"https:\/\/www.europesays.com\/fr\/wp-json\/wp\/v2\/types\/post"}],"author":[{"embeddable":true,"href":"https:\/\/www.europesays.com\/fr\/wp-json\/wp\/v2\/users\/2"}],"replies":[{"embeddable":true,"href":"https:\/\/www.europesays.com\/fr\/wp-json\/wp\/v2\/comments?post=327736"}],"version-history":[{"count":0,"href":"https:\/\/www.europesays.com\/fr\/wp-json\/wp\/v2\/posts\/327736\/revisions"}],"wp:featuredmedia":[{"embeddable":true,"href":"https:\/\/www.europesays.com\/fr\/wp-json\/wp\/v2\/media\/327737"}],"wp:attachment":[{"href":"https:\/\/www.europesays.com\/fr\/wp-json\/wp\/v2\/media?parent=327736"}],"wp:term":[{"taxonomy":"category","embeddable":true,"href":"https:\/\/www.europesays.com\/fr\/wp-json\/wp\/v2\/categories?post=327736"},{"taxonomy":"post_tag","embeddable":true,"href":"https:\/\/www.europesays.com\/fr\/wp-json\/wp\/v2\/tags?post=327736"}],"curies":[{"name":"wp","href":"https:\/\/api.w.org\/{rel}","templated":true}]}}