{"id":327738,"date":"2025-08-18T19:31:10","date_gmt":"2025-08-18T19:31:10","guid":{"rendered":"https:\/\/www.europesays.com\/fr\/327738\/"},"modified":"2025-08-18T19:31:10","modified_gmt":"2025-08-18T19:31:10","slug":"rugby-top-14-les-cinq-internationaux-francais-et-argentins-reprennent-ce-mardi-a-la-section-paloise","status":"publish","type":"post","link":"https:\/\/www.europesays.com\/fr\/327738\/","title":{"rendered":"Rugby &#8211; Top 14\u00a0: les cinq internationaux fran\u00e7ais et argentins reprennent ce mardi \u00e0 la Section Paloise"},"content":{"rendered":"<p>Apr\u00e8s avoir disput\u00e9 les deux test-matchs contre l\u2019Angleterre les 5 et 12\u00a0juillet dans son pays, le 3e ligne argentin Facundo Isa (31\u00a0ans), titulaire puis rempla\u00e7ant face au XV de la Rose, a eu droit \u00e0 quelques semaines de repos. L\u2019ex-Toulonnais, non retenu pour la derni\u00e8re rencontre amicale de l\u2019\u00e9t\u00e9 contre l\u2019Uruguay ni pour le Rugby Championship en cours, d\u00e9couvre gentiment son nouvel environnement b\u00e9arnais.<\/p>\n<p>Ses camarades qui d\u00e9butent \u00e9galement en diff\u00e9r\u00e9 seront eux un peu moins d\u00e9pays\u00e9s. Emilien Gailleton, Hugo Auradou, Th\u00e9o Attissogbe et Thibault Daubagna, tous sur le terrain ou entr\u00e9s en jeu lors du dernier test-match de la tourn\u00e9e en Nouvelle-Z\u00e9lande le samedi 19\u00a0juillet (29-19), r\u00e9enfilent le maillot vert et blanc un mois plus tard tout pile.<\/p>\n<p>Montoya \u00e0 l\u2019automne<\/p>\n<p>Face aux All Blacks, Gailleton (10 s\u00e9lections) a figur\u00e9 sur les trois feuilles de match, glissant du centre \u00e0 l\u2019aile, comme Attissogbe (8 s\u00e9lections), auteur d\u2019un carton plein entre les postes d\u2019ailier et d\u2019arri\u00e8re (trois fois 80 minutes de jeu). Auradou (7 s\u00e9lections) a lui \u00e9t\u00e9 align\u00e9 \u00e0 deux reprises en 2e ligne, un an apr\u00e8s sa tourn\u00e9e d\u2019\u00e9t\u00e9 cauchemardesque en Argentine qui lui avait valu une inculpation pour viol avant de b\u00e9n\u00e9ficier d\u2019un non-lieu confirm\u00e9 en appel.<\/p>\n<p>Les trois jeunes Sectionnistes \u00e9taient \u00e9galement de la sortie victorieuse \u00e0 Twickenham fin juin (24-26), vainqueurs de l\u2019Angleterre A sur le fil. Enfin, Daubagna a c\u00e9l\u00e9br\u00e9 ses deux premi\u00e8res s\u00e9lections au pays du long nuage blanc, rempla\u00e7ant de Le Garrec \u00e0 chaque fois. D\u00e9sormais, reste \u00e0 mettre \u00e0 profit de la Section l\u2019exp\u00e9rience internationale encore engrang\u00e9e durant l\u2019\u00e9t\u00e9.<\/p>\n<p>Et \u00e0 attendre l\u2019automne et le mois d\u2019octobre pour voir arriver la derni\u00e8re recrue de calibre mondial, le capitaine de l\u2019Argentine Julian Montoya, mobilis\u00e9 sur le Rugby Championship avec les Pumas.<\/p>\n","protected":false},"excerpt":{"rendered":"Apr\u00e8s avoir disput\u00e9 les deux test-matchs contre l\u2019Angleterre les 5 et 12\u00a0juillet dans son pays, le 3e ligne&hellip;\n","protected":false},"author":2,"featured_media":327739,"comment_status":"","ping_status":"","sticky":false,"template":"","format":"standard","meta":{"footnotes":""},"categories":[1416],"tags":[1011,27,479,1468,60],"class_list":{"0":"post-327738","1":"post","2":"type-post","3":"status-publish","4":"format-standard","5":"has-post-thumbnail","7":"category-rugby","8":"tag-fr","9":"tag-france","10":"tag-rugby","11":"tag-rugby-football","12":"tag-sports"},"share_on_mastodon":{"url":"https:\/\/pubeurope.com\/@fr\/115051435385903900","error":""},"_links":{"self":[{"href":"https:\/\/www.europesays.com\/fr\/wp-json\/wp\/v2\/posts\/327738","targetHints":{"allow":["GET"]}}],"collection":[{"href":"https:\/\/www.europesays.com\/fr\/wp-json\/wp\/v2\/posts"}],"about":[{"href":"https:\/\/www.europesays.com\/fr\/wp-json\/wp\/v2\/types\/post"}],"author":[{"embeddable":true,"href":"https:\/\/www.europesays.com\/fr\/wp-json\/wp\/v2\/users\/2"}],"replies":[{"embeddable":true,"href":"https:\/\/www.europesays.com\/fr\/wp-json\/wp\/v2\/comments?post=327738"}],"version-history":[{"count":0,"href":"https:\/\/www.europesays.com\/fr\/wp-json\/wp\/v2\/posts\/327738\/revisions"}],"wp:featuredmedia":[{"embeddable":true,"href":"https:\/\/www.europesays.com\/fr\/wp-json\/wp\/v2\/media\/327739"}],"wp:attachment":[{"href":"https:\/\/www.europesays.com\/fr\/wp-json\/wp\/v2\/media?parent=327738"}],"wp:term":[{"taxonomy":"category","embeddable":true,"href":"https:\/\/www.europesays.com\/fr\/wp-json\/wp\/v2\/categories?post=327738"},{"taxonomy":"post_tag","embeddable":true,"href":"https:\/\/www.europesays.com\/fr\/wp-json\/wp\/v2\/tags?post=327738"}],"curies":[{"name":"wp","href":"https:\/\/api.w.org\/{rel}","templated":true}]}}