{"id":327741,"date":"2025-08-18T19:34:15","date_gmt":"2025-08-18T19:34:15","guid":{"rendered":"https:\/\/www.europesays.com\/fr\/327741\/"},"modified":"2025-08-18T19:34:15","modified_gmt":"2025-08-18T19:34:15","slug":"le-programme-du-gp-de-hongrie-motogp-2025","status":"publish","type":"post","link":"https:\/\/www.europesays.com\/fr\/327741\/","title":{"rendered":"Le programme du GP de Hongrie MotoGP 2025"},"content":{"rendered":"<p>Apr\u00e8s l&rsquo;Autriche, le MotoGP met le cap sur l&rsquo;un de ses voisins, la Hongrie, pour un tout nouveau Grand Prix. La pr\u00e9sence de la Hongrie au calendrier se limite jusqu&rsquo;\u00e0 pr\u00e9sent \u00e0 deux \u00e9preuves, organis\u00e9es en 1990 et 1992 au Hungaroring, avec au passage la premi\u00e8re victoire du futur quintuple champion du monde Mick Doohan.<\/p>\n<p>Pour son retour, marqueur d&rsquo;une implantation plus forte du championnat en Europe centrale, le pays s&rsquo;appuie sur un nouveau circuit, le Balaton Park, qui a jusqu&rsquo;\u00e0 pr\u00e9sent accueilli quelques courses automobiles et une manche WorldSBK qui s&rsquo;y est tenue le mois dernier. Cela a permis de d\u00e9couvrir une piste atypique et surtout lente, sur laquelle quelques pilotes MotoGP ont aussi eu l&rsquo;opportunit\u00e9 de rouler afin d&rsquo;assouvir leur curiosit\u00e9.<\/p>\n<p>Lire aussi :<\/p>\n<p>Les horaires du GP de Hongrie<\/p>\n<tr>\n<p style=\"text-align: left;\"><strong>Date<\/strong><\/p>\n<p>\u00a0<\/p>\n<p style=\"text-align: left;\"><strong>S\u00e9ance<\/strong><\/p>\n<p style=\"text-align: left;\"><strong>Heure fran\u00e7aise<\/strong><\/p>\n<\/tr>\n<tr>\n<td style=\"width: 34%;\"><strong>Vendredi 22 ao\u00fbt<\/strong><\/td>\n<td style=\"width: 33%;\">Essais Libres 1<\/td>\n<td style=\"width: 33%;\">10h45 &#8211; 11h30<\/td>\n<\/tr>\n<tr>\n<td style=\"width: 34%;\">\u00a0<\/td>\n<td style=\"width: 33%;\">Essais<\/td>\n<td style=\"width: 33%;\">15h00 &#8211; 16h00<\/td>\n<\/tr>\n<tr>\n<td style=\"width: 34%;\">\u00a0<\/td>\n<td style=\"width: 33%;\">\u00a0<\/td>\n<td style=\"width: 33%;\">\u00a0<\/td>\n<\/tr>\n<tr>\n<td style=\"width: 34%;\"><strong>Samedi 23 ao\u00fbt<\/strong><\/td>\n<td style=\"width: 33%;\">Essais Libres 2<\/td>\n<td style=\"width: 33%;\">10h10 &#8211; 10h40<\/td>\n<\/tr>\n<tr>\n<td style=\"width: 34%;\">\u00a0<\/td>\n<td style=\"width: 33%;\">Qualifications<\/td>\n<td style=\"width: 33%;\">10h50 &#8211; 11h30<\/td>\n<\/tr>\n<tr>\n<td style=\"width: 34%;\">\u00a0<\/td>\n<td style=\"width: 33%;\">Course sprint<\/td>\n<td style=\"width: 33%;\">15h00<\/td>\n<\/tr>\n<tr>\n<td style=\"width: 34%;\">\u00a0<\/td>\n<td style=\"width: 33%;\">\u00a0<\/td>\n<td style=\"width: 33%;\">\u00a0<\/td>\n<\/tr>\n<tr>\n<td style=\"width: 34%;\"><strong>Dimanche 24 ao\u00fbt<\/strong><\/td>\n<td style=\"width: 33%;\">Warm-up<\/td>\n<td style=\"width: 33%;\">9h40 &#8211; 9h50<\/td>\n<\/tr>\n<tr>\n<td style=\"width: 34%;\">\u00a0<\/td>\n<td style=\"width: 33%;\">Course<\/td>\n<td style=\"width: 33%;\">14h00<\/td>\n<\/tr>\n<p>Le d\u00e9part de la course sprint sera donn\u00e9 samedi \u00e0 15h et celui de la course principale MotoGP dimanche \u00e0 14h.<\/p>\n<p>Retrouvez le programme \u00e0 votre heure <a href=\"https:\/\/fr.motorsport.com\/location\/balaton-park\/31928\/\" target=\"_self\" rel=\"noopener\">ici<\/a>.<\/p>\n<p>O\u00f9 regarder le GP de Hongrie ?<\/p>\n<p>Les cha\u00eenes du groupe Canal+ sont le diffuseur officiel du MotoGP en France. Comme \u00e0 l&rsquo;accoutum\u00e9e, elles retransmettront l&rsquo;int\u00e9gralit\u00e9 du programme du GP d&rsquo;Autriche cette semaine. Il faudra s&rsquo;installer sur Canal+ Sport 360 pour suivre les deux premi\u00e8res journ\u00e9es, pour les trois cat\u00e9gories, ce qui inclut les essais, les qualifications et la course sprint MotoGP.<\/p>\n<p>Dimanche, le warm-up sera toujours diffus\u00e9 sur Canal+ Sport 360, de m\u00eame que les courses des cat\u00e9gories Moto3 et Moto2. En revanche, il faudra basculer sur Canal+ pour la course MotoGP.<\/p>\n<p>Le circuit du Balaton Park<\/p>\n<p>Pour le moment, on ne conna\u00eet du Balaton Park que des donn\u00e9es tr\u00e8s factuelles. Le tour du circuit couvre 4,08 km, ce qui en fait la troisi\u00e8me piste la plus courte du championnat actuel. La piste tourne dans le sens inverse des aiguilles d&rsquo;une montre, avec dix virages \u00e0 gauche contre sept \u00e0 droite &#8211; ce qui n&rsquo;est pas sans rappeler le Sachsenring.<\/p>\n<p>La comparaison pourrait bien s&rsquo;arr\u00eater l\u00e0, car les pilotes Ducati ont pr\u00e9venu\u00a0: le Balaton Park est atypique. Il faut s&rsquo;attendre \u00e0 un circuit lent, d\u00fb \u00e0 des lignes droites courtes et \u00e0 un grand nombre d&rsquo;\u00e9pingles et de chicanes, dont certaines ont pr\u00e9cis\u00e9ment \u00e9t\u00e9 ajout\u00e9es pour s\u00e9curiser les portions jug\u00e9es trop dangereuses pour les MotoGP. De l&rsquo;avis des pilotes WorldSBK qui y ont couru r\u00e9cemment, il reste quelques portions dans lesquelles les protections de bord de piste sont assez proches.<\/p>\n<p>Lire aussi :<\/p>\n<p>Quant \u00e0 l&rsquo;asphalte, il a \u00e9t\u00e9 jug\u00e9 de tr\u00e8s bonne qualit\u00e9 par ceux qui y ont roul\u00e9 avec des machines plus modestes que celles de la cat\u00e9gorie reine. On d\u00e9couvrira d\u00e8s vendredi ce que ce nouveau circuit aura \u00e0 dire une fois confront\u00e9 aux puissants MotoGP et aux pneus Michelin.<\/p>\n<p>\u00a0<\/p>\n<p><strong>Caract\u00e9ristiques de la piste\u00a0:<\/strong><\/p>\n<tr>\n<td style=\"width: 40%;\"><strong>Construction<\/strong><\/td>\n<td style=\"width: 60%;\">2023<\/td>\n<\/tr>\n<tr>\n<td style=\"width: 40%;\"><strong>Longueur de la piste<\/strong><\/td>\n<td style=\"width: 60%;\">4,08 km<\/td>\n<\/tr>\n<tr>\n<td style=\"width: 40%;\"><strong>Largeur de la piste<\/strong><\/td>\n<td style=\"width: 60%;\">15 m<\/td>\n<\/tr>\n<tr>\n<td style=\"width: 40%;\"><strong>Virages<\/strong><\/td>\n<td style=\"width: 60%;\">10 gauche &#8211; 7 droite<\/td>\n<\/tr>\n<tr>\n<td style=\"width: 40%;\"><strong>Plus longue ligne droite<\/strong><\/td>\n<td style=\"width: 60%;\">668 m<\/td>\n<\/tr>\n<tr>\n<td style=\"width: 40%;\"><strong>Pole position<\/strong><\/td>\n<td style=\"width: 60%;\">\u00e0 droite<\/td>\n<\/tr>\n<tr>\n<td style=\"width: 40%;\"><strong>Distance de la course MotoGP<\/strong><\/td>\n<td style=\"width: 60%;\">110,16 km (27 tours)<\/td>\n<\/tr>\n<tr>\n<td style=\"width: 40%;\"><strong>Distance de la course sprint<\/strong><\/td>\n<td style=\"width: 60%;\">53,04 km (13 tours)<\/td>\n<\/tr>\n<p><strong>Course suivante\u00a0:<\/strong> Grand Prix de Catalogne (5-7 septembre)<\/p>\n<p><a href=\"https:\/\/fr.motorsport.com\/motogp\/schedule\/2025\/?event_types%5B%5D=race\" target=\"_self\" rel=\"noopener\">Calendrier MotoGP<\/a><\/p>\n<\/p>\n<p>Dans cet article<\/p>\n<p>Soyez le premier inform\u00e9 et souscrivez aux alertes mails pour recevoir les infos en temps r\u00e9el<\/p>\n<p>    S&rsquo;abonner aux alertes de news<\/p>\n","protected":false},"excerpt":{"rendered":"Apr\u00e8s l&rsquo;Autriche, le MotoGP met le cap sur l&rsquo;un de ses voisins, la Hongrie, pour un tout nouveau&hellip;\n","protected":false},"author":2,"featured_media":327742,"comment_status":"","ping_status":"","sticky":false,"template":"","format":"standard","meta":{"footnotes":""},"categories":[1413],"tags":[21747,1011,27,21746,46455,1457,1456,1458,60],"class_list":{"0":"post-327741","1":"post","2":"type-post","3":"status-publish","4":"format-standard","5":"has-post-thumbnail","7":"category-moto","8":"tag-balaton-park","9":"tag-fr","10":"tag-france","11":"tag-gp-de-hongrie","12":"tag-le-programme-du-gp-de-hongrie-motogp-2025","13":"tag-moto","14":"tag-motocycle","15":"tag-motogp","16":"tag-sports"},"share_on_mastodon":{"url":"https:\/\/pubeurope.com\/@fr\/115051447156137477","error":""},"_links":{"self":[{"href":"https:\/\/www.europesays.com\/fr\/wp-json\/wp\/v2\/posts\/327741","targetHints":{"allow":["GET"]}}],"collection":[{"href":"https:\/\/www.europesays.com\/fr\/wp-json\/wp\/v2\/posts"}],"about":[{"href":"https:\/\/www.europesays.com\/fr\/wp-json\/wp\/v2\/types\/post"}],"author":[{"embeddable":true,"href":"https:\/\/www.europesays.com\/fr\/wp-json\/wp\/v2\/users\/2"}],"replies":[{"embeddable":true,"href":"https:\/\/www.europesays.com\/fr\/wp-json\/wp\/v2\/comments?post=327741"}],"version-history":[{"count":0,"href":"https:\/\/www.europesays.com\/fr\/wp-json\/wp\/v2\/posts\/327741\/revisions"}],"wp:featuredmedia":[{"embeddable":true,"href":"https:\/\/www.europesays.com\/fr\/wp-json\/wp\/v2\/media\/327742"}],"wp:attachment":[{"href":"https:\/\/www.europesays.com\/fr\/wp-json\/wp\/v2\/media?parent=327741"}],"wp:term":[{"taxonomy":"category","embeddable":true,"href":"https:\/\/www.europesays.com\/fr\/wp-json\/wp\/v2\/categories?post=327741"},{"taxonomy":"post_tag","embeddable":true,"href":"https:\/\/www.europesays.com\/fr\/wp-json\/wp\/v2\/tags?post=327741"}],"curies":[{"name":"wp","href":"https:\/\/api.w.org\/{rel}","templated":true}]}}