{"id":327743,"date":"2025-08-18T19:35:20","date_gmt":"2025-08-18T19:35:20","guid":{"rendered":"https:\/\/www.europesays.com\/fr\/327743\/"},"modified":"2025-08-18T19:35:20","modified_gmt":"2025-08-18T19:35:20","slug":"neal-maupay-pousse-vers-la-sortie-a-lom","status":"publish","type":"post","link":"https:\/\/www.europesays.com\/fr\/327743\/","title":{"rendered":"Neal Maupay pouss\u00e9 vers la sortie \u00e0 l\u2019OM"},"content":{"rendered":"<p>L\u2019attaquant marseillais, barr\u00e9 par la concurrence de Pierre-Emerick Aubameyang et Amine Gouiri, pourrait rebondir ailleurs en Ligue 1.<\/p>\n<p class=\"fig-paragraph\">Vers un nouveau challenge pour Neal Maupay\u00a0? Apr\u00e8s une saison pass\u00e9e \u00e0 l\u2019Olympique de Marseille, l\u2019attaquant franco-argentin de 29 ans pourrait changer d\u2019air dans les derniers jours du mercato estival, r\u00e9v\u00e8le ce lundi\u00a0<a href=\"https:\/\/rmcsport.bfmtv.com\/football\/transferts\/mercato-maupay-devrait-quitter-l-om-et-ne-manque-pas-de-pistes-en-france-et-en-italie_AV-202508180410.html\" target=\"_blank\" rel=\"sponsored noopener\" data-gtm-custom-categorie=\"navigation\" data-gtm-custom-action=\"crossclick\" data-gtm-custom-label=\"Contextuel\" data-gtm-event=\"customEventSPE\">RMC Sport.<\/a>\u00a0L\u2019ancien joueur de Brighton, qui aurait perdu du cr\u00e9dit aux yeux de son entra\u00eeneur Roberto De Zerbi, ne figurait pas dans\u00a0<a href=\"http:\/\/www.lefigaro.fr\/sports\/football\/ligue-1\/om-apres-leur-altercation-dans-le-vestiaire-a-rennes-rabiot-et-rowe-temporairement-ecartes-de-l-equipe-premiere-20250818\" target=\"_blank\" data-fig-type=\"NewsFlash\" rel=\"noopener\" data-gtm-custom-categorie=\"navigation\" data-gtm-custom-action=\"crossclick\" data-gtm-custom-label=\"Contextuel\" data-gtm-event=\"customEventSPE\" data-fig-domain=\"LEFIGARO\">le groupe battu \u00e0 Rennes (1-0), vendredi, en ouverture de la saison de Ligue 1.\u00a0<\/a><\/p>\n<p class=\"fig-paragraph\">Malgr\u00e9 son investissement au quotidien irr\u00e9prochable \u00e0 Marseille, le club olympien serait ouvert \u00e0 son d\u00e9part. Pour all\u00e9ger l\u2019effectif en attaque et r\u00e9cup\u00e9rer une indemnit\u00e9 de transfert. Parmi ses courtisans figureraient Lille &#8211; qui cherche une doublure \u00e0\u00a0<a href=\"http:\/\/www.lefigaro.fr\/sports\/football\/ligue-1\/ligue-1-tres-content-de-son-retour-en-france-giroud-savoure-un-moment-special-apres-son-premier-but-avec-lille-20250817\" target=\"_blank\" data-fig-type=\"NewsFlash\" rel=\"noopener\" data-gtm-custom-categorie=\"navigation\" data-gtm-custom-action=\"crossclick\" data-gtm-custom-label=\"Contextuel\" data-gtm-event=\"customEventSPE\" data-fig-domain=\"LEFIGARO\">Olivier Giroud<\/a>\u00a0&#8211; et&#8230; l\u2019OGC Nice, son club formateur o\u00f9 il a \u00e9volu\u00e9 en professionnel entre 2012 et 2015.<\/p>\n<p>                                    <a class=\"fig-a11y-skip a11y-hidden\" href=\"#fig-a11y-skip-main-inarticle\"><br \/>\n        Passer la publicit\u00e9<br \/>\n    <\/a><\/p>\n<p>Relance en Ligue 1 ou d\u00e9couverte de l\u2019Italie\u00a0?<\/p>\n<p class=\"fig-paragraph\">RMC Sport \u00e9voque \u00e9galement un int\u00e9r\u00eat de l\u2019Udinese, en Italie, puis cite une rumeur associ\u00e9e au Stade Rennais. Le club breton \u00e9tant \u00e0 la recherche d\u2019un buteur depuis le d\u00e9part \u00e0 30 millions d\u2019euros d\u2019Arnaud Kalimuendo du c\u00f4t\u00e9 de Nottingham Forest, en Angleterre.<\/p>\n<p class=\"fig-paragraph\">Sous contrat jusqu\u2019en 2028 \u00e0 l\u2019OM, Neal Maupay a inscrit quatre buts et d\u00e9livr\u00e9 quatre passes d\u00e9cisives en Ligue 1 la saison pass\u00e9e. Au d\u00e9but de l\u2019\u00e9t\u00e9, il avait \u00e9t\u00e9 transf\u00e9r\u00e9 d\u00e9finitivement \u00e0 Marseille contre 4 millions d\u2019euros r\u00e9cup\u00e9r\u00e9s par Everton, son ancien club.<\/p>\n","protected":false},"excerpt":{"rendered":"L\u2019attaquant marseillais, barr\u00e9 par la concurrence de Pierre-Emerick Aubameyang et Amine Gouiri, pourrait rebondir ailleurs en Ligue 1.&hellip;\n","protected":false},"author":2,"featured_media":327744,"comment_status":"","ping_status":"","sticky":false,"template":"","format":"standard","meta":{"footnotes":""},"categories":[1412],"tags":[1451,1452,1453,1454,1455,1011,27,1176,60],"class_list":{"0":"post-327743","1":"post","2":"type-post","3":"status-publish","4":"format-standard","5":"has-post-thumbnail","7":"category-f1","8":"tag-f1","9":"tag-formula-1","10":"tag-formula1","11":"tag-formule-1","12":"tag-formule1","13":"tag-fr","14":"tag-france","15":"tag-olympique-de-marseille","16":"tag-sports"},"share_on_mastodon":{"url":"https:\/\/pubeurope.com\/@fr\/115051451028373209","error":""},"_links":{"self":[{"href":"https:\/\/www.europesays.com\/fr\/wp-json\/wp\/v2\/posts\/327743","targetHints":{"allow":["GET"]}}],"collection":[{"href":"https:\/\/www.europesays.com\/fr\/wp-json\/wp\/v2\/posts"}],"about":[{"href":"https:\/\/www.europesays.com\/fr\/wp-json\/wp\/v2\/types\/post"}],"author":[{"embeddable":true,"href":"https:\/\/www.europesays.com\/fr\/wp-json\/wp\/v2\/users\/2"}],"replies":[{"embeddable":true,"href":"https:\/\/www.europesays.com\/fr\/wp-json\/wp\/v2\/comments?post=327743"}],"version-history":[{"count":0,"href":"https:\/\/www.europesays.com\/fr\/wp-json\/wp\/v2\/posts\/327743\/revisions"}],"wp:featuredmedia":[{"embeddable":true,"href":"https:\/\/www.europesays.com\/fr\/wp-json\/wp\/v2\/media\/327744"}],"wp:attachment":[{"href":"https:\/\/www.europesays.com\/fr\/wp-json\/wp\/v2\/media?parent=327743"}],"wp:term":[{"taxonomy":"category","embeddable":true,"href":"https:\/\/www.europesays.com\/fr\/wp-json\/wp\/v2\/categories?post=327743"},{"taxonomy":"post_tag","embeddable":true,"href":"https:\/\/www.europesays.com\/fr\/wp-json\/wp\/v2\/tags?post=327743"}],"curies":[{"name":"wp","href":"https:\/\/api.w.org\/{rel}","templated":true}]}}