{"id":327747,"date":"2025-08-18T19:37:09","date_gmt":"2025-08-18T19:37:09","guid":{"rendered":"https:\/\/www.europesays.com\/fr\/327747\/"},"modified":"2025-08-18T19:37:09","modified_gmt":"2025-08-18T19:37:09","slug":"fc-nantes-waldemar-kita-chute-encore-au-classement-des-fortunes-en-2025","status":"publish","type":"post","link":"https:\/\/www.europesays.com\/fr\/327747\/","title":{"rendered":"FC Nantes. Waldemar Kita chute encore au classement des fortunes en 2025"},"content":{"rendered":"<p><img fetchpriority=\"high\" decoding=\"async\" width=\"620\" height=\"413\" src=\"https:\/\/www.europesays.com\/fr\/wp-content\/uploads\/2025\/08\/Waldemar-Kita-FC-Nantes-620x413.jpg\" alt=\"\" class=\"wp-image-288449\"  \/>Depuis qu\u2019il a int\u00e9gr\u00e9 le palmar\u00e8s des fortunes de France, Waldemar Kita recule, \u00e9dition apr\u00e8s \u00e9dition.<\/p>\n<p>Faut-il voir dans son agacement teint\u00e9 de lassitude li\u00e9s \u00e0 la situation actuelle du football fran\u00e7ais, le reflet de ses propres affaires commerciales ? Waldemar Kita trahit des inqui\u00e9tudes quant au futur de la <a href=\"https:\/\/sportune.20minutes.fr\/ligue-1-l1\" target=\"_blank\" rel=\"noopener\">Ligue 1<\/a> en g\u00e9n\u00e9ral et de son <a href=\"https:\/\/sportune.20minutes.fr\/fc-nantes\" target=\"_blank\" rel=\"noopener\">FC Nantes<\/a> qu\u2019il poss\u00e8de et gouverne, en particulier. C\u2019est peut-\u00eatre parce que l\u2019homme d\u2019affaires franco-polonais traverse quelques difficult\u00e9s depuis qu\u2019en 2022, il a vendu les parts du Laboratoire Vivacy qu\u2019il a fond\u00e9.<\/p>\n<p>Entr\u00e9 en 2022 dans le classement annuel de Challenges<\/p>\n<p>Dans la foul\u00e9e, fort de ses nouvelles liquidit\u00e9s, Waldemar Kita a fait sa premi\u00e8re apparition au classement annuel des 500 fortunes de France, que produit le magazine Challenges. A l\u2019\u00e9poque, sa fortune personnelle \u00e9tait estim\u00e9 \u00e0 800 millions d\u2019euros et il campait la 148e place nationale. Mais depuis, \u00e0 chaque nouvelle \u00e9dition du palmar\u00e8s Waldemar Kita recule dans la hi\u00e9rarchie. En 2025 encore et il accuse sa plus s\u00e9v\u00e8re d\u00e9gringolade.<\/p>\n<p>Une fortune en baisse de 100 M\u20ac en 2025<\/p>\n<p>Class\u00e9 260e, il perd 53 places et sa fortune fond de 100 millions d\u2019euros, de 650 millions d\u2019euros \u00e0 550 millions d\u2019euros. \u00ab\u00a0Depuis la vente de son laboratoire de cosm\u00e9tiques Vivacy, pour 900 millions, fin 2022, cet entrepreneur conserve le club de foot du FC Nantes, une compagnie de jets priv\u00e9s et d\u2019autres actifs\u00a0\u00bb, \u00e9crit Challenges en commentaires \u00e0 son sujet.<\/p>\n","protected":false},"excerpt":{"rendered":"Depuis qu\u2019il a int\u00e9gr\u00e9 le palmar\u00e8s des fortunes de France, Waldemar Kita recule, \u00e9dition apr\u00e8s \u00e9dition. Faut-il voir&hellip;\n","protected":false},"author":2,"featured_media":327748,"comment_status":"","ping_status":"","sticky":false,"template":"","format":"standard","meta":{"footnotes":""},"categories":[1410],"tags":[462,63,1011,27,60,30694],"class_list":{"0":"post-327747","1":"post","2":"type-post","3":"status-publish","4":"format-standard","5":"has-post-thumbnail","7":"category-football","8":"tag-fc-nantes","9":"tag-football","10":"tag-fr","11":"tag-france","12":"tag-sports","13":"tag-waldemar-kita"},"share_on_mastodon":{"url":"https:\/\/pubeurope.com\/@fr\/115051459042130915","error":""},"_links":{"self":[{"href":"https:\/\/www.europesays.com\/fr\/wp-json\/wp\/v2\/posts\/327747","targetHints":{"allow":["GET"]}}],"collection":[{"href":"https:\/\/www.europesays.com\/fr\/wp-json\/wp\/v2\/posts"}],"about":[{"href":"https:\/\/www.europesays.com\/fr\/wp-json\/wp\/v2\/types\/post"}],"author":[{"embeddable":true,"href":"https:\/\/www.europesays.com\/fr\/wp-json\/wp\/v2\/users\/2"}],"replies":[{"embeddable":true,"href":"https:\/\/www.europesays.com\/fr\/wp-json\/wp\/v2\/comments?post=327747"}],"version-history":[{"count":0,"href":"https:\/\/www.europesays.com\/fr\/wp-json\/wp\/v2\/posts\/327747\/revisions"}],"wp:featuredmedia":[{"embeddable":true,"href":"https:\/\/www.europesays.com\/fr\/wp-json\/wp\/v2\/media\/327748"}],"wp:attachment":[{"href":"https:\/\/www.europesays.com\/fr\/wp-json\/wp\/v2\/media?parent=327747"}],"wp:term":[{"taxonomy":"category","embeddable":true,"href":"https:\/\/www.europesays.com\/fr\/wp-json\/wp\/v2\/categories?post=327747"},{"taxonomy":"post_tag","embeddable":true,"href":"https:\/\/www.europesays.com\/fr\/wp-json\/wp\/v2\/tags?post=327747"}],"curies":[{"name":"wp","href":"https:\/\/api.w.org\/{rel}","templated":true}]}}