{"id":327753,"date":"2025-08-18T19:40:09","date_gmt":"2025-08-18T19:40:09","guid":{"rendered":"https:\/\/www.europesays.com\/fr\/327753\/"},"modified":"2025-08-18T19:40:09","modified_gmt":"2025-08-18T19:40:09","slug":"aux-nuits-a-venir-de-joffrine-donnadieu-en-avant-marge","status":"publish","type":"post","link":"https:\/\/www.europesays.com\/fr\/327753\/","title":{"rendered":"\u00ab Aux nuits \u00e0 venir \u00bb de Joffrine Donnadieu : en avant, Marge !"},"content":{"rendered":"<p>    Article r\u00e9serv\u00e9 aux abonn\u00e9s<\/p>\n<p class=\"intro\">Rentr\u00e9e litt\u00e9raire. Apr\u00e8s avoir rapproch\u00e9 une vieille bigote catho et une jeune \u00e9tudiante d\u00e9lur\u00e9e dans le formidable \u00ab Chienne et louve \u00bb, Joffrine Donnadieu forme un nouveau duo de bras cass\u00e9s que rien n&rsquo;aurait d\u00fb r\u00e9unir. <\/p>\n<p>Habit\u00e9e par des voix de personnages qui s&rsquo;invitent dans sa t\u00eate depuis son enfance, Marge n&rsquo;a pas su trouver son chemin dans la vie. Au point d&rsquo;\u00eatre encore h\u00e9berg\u00e9e, \u00e0 34 ans, dans l&rsquo;appartement parisien de Violette, sa soeur cadette. Mais son beau-fr\u00e8re, promoteur immobilier, finit par faire expulser l&rsquo;ind\u00e9sirable. Alors Marge trouve refuge dans un immeuble abandonn\u00e9. Elle va bient\u00f4t se lier \u00e0 un vieux squatteur, ancien militaire qui souffre de crises d&rsquo;\u00e9pilepsie&#8230;<\/p>\n<p>    La suite apr\u00e8s cette publicit\u00e9<\/p>\n<p>Si la plume est toujours aussi mordante, elle laisse plus de place \u00e0 la m\u00e9lancolie\u00a0<\/p>\n<p>Apr\u00e8s avoir rapproch\u00e9 une vieille bigote catho et une jeune \u00e9tudiante d\u00e9lur\u00e9e dans le formidable \u00ab <a href=\"https:\/\/www.parismatch.com\/culture\/livres\/chienne-et-louve-de-joffrine-donnadieu-grincant-et-explosif-215975\" rel=\"nofollow noopener\" target=\"_blank\">Chienne et louve<\/a> \u00bb, Joffrine Donnadieu forme un nouveau duo de bras cass\u00e9s que rien n&rsquo;aurait d\u00fb r\u00e9unir. Si la plume de la romanci\u00e8re est toujours aussi mordante, son nouveau roman laisse plus de place \u00e0 la m\u00e9lancolie, en peignant la tristesse d&rsquo;un monde vou\u00e9 aux winners, sans piti\u00e9 pour ceux qui n&rsquo;entrent pas dans le moule. En mettant son \u00e9criture rock&rsquo;n&rsquo;roll au service d&rsquo;un r\u00e9cit touchant, notre dr\u00f4le d&rsquo;animal litt\u00e9raire prouve que la carpe et le lapin peuvent faire d&rsquo;heureux mariages.<\/p>\n<p>    <img decoding=\"async\" src=\"https:\/\/www.europesays.com\/fr\/wp-content\/uploads\/2025\/08\/sc_donnadieu.jpg\" alt=\"\u00ab Aux nuits \u00e0 venir \u00bb, de Joffrine Donnadieu, \u00e9d. Gallimard, 400 pages, 22,50 euros. Sortie le 21 ao\u00fbt.\" loading=\"lazy\"\/><\/p>\n<p>\n      \u00ab Aux nuits \u00e0 venir \u00bb, de Joffrine Donnadieu, \u00e9d. Gallimard, 400 pages, 22,50 euros. Sortie le 21 ao\u00fbt.<\/p>\n<p>                                \u00a9 DR<\/p>\n","protected":false},"excerpt":{"rendered":"Article r\u00e9serv\u00e9 aux abonn\u00e9s Rentr\u00e9e litt\u00e9raire. Apr\u00e8s avoir rapproch\u00e9 une vieille bigote catho et une jeune \u00e9tudiante d\u00e9lur\u00e9e&hellip;\n","protected":false},"author":2,"featured_media":327754,"comment_status":"","ping_status":"","sticky":false,"template":"","format":"standard","meta":{"footnotes":""},"categories":[1357],"tags":[1379,58,59,1011,27,1380],"class_list":{"0":"post-327753","1":"post","2":"type-post","3":"status-publish","4":"format-standard","5":"has-post-thumbnail","7":"category-livres","8":"tag-books","9":"tag-divertissement","10":"tag-entertainment","11":"tag-fr","12":"tag-france","13":"tag-livres"},"share_on_mastodon":{"url":"https:\/\/pubeurope.com\/@fr\/115051470817828139","error":""},"_links":{"self":[{"href":"https:\/\/www.europesays.com\/fr\/wp-json\/wp\/v2\/posts\/327753","targetHints":{"allow":["GET"]}}],"collection":[{"href":"https:\/\/www.europesays.com\/fr\/wp-json\/wp\/v2\/posts"}],"about":[{"href":"https:\/\/www.europesays.com\/fr\/wp-json\/wp\/v2\/types\/post"}],"author":[{"embeddable":true,"href":"https:\/\/www.europesays.com\/fr\/wp-json\/wp\/v2\/users\/2"}],"replies":[{"embeddable":true,"href":"https:\/\/www.europesays.com\/fr\/wp-json\/wp\/v2\/comments?post=327753"}],"version-history":[{"count":0,"href":"https:\/\/www.europesays.com\/fr\/wp-json\/wp\/v2\/posts\/327753\/revisions"}],"wp:featuredmedia":[{"embeddable":true,"href":"https:\/\/www.europesays.com\/fr\/wp-json\/wp\/v2\/media\/327754"}],"wp:attachment":[{"href":"https:\/\/www.europesays.com\/fr\/wp-json\/wp\/v2\/media?parent=327753"}],"wp:term":[{"taxonomy":"category","embeddable":true,"href":"https:\/\/www.europesays.com\/fr\/wp-json\/wp\/v2\/categories?post=327753"},{"taxonomy":"post_tag","embeddable":true,"href":"https:\/\/www.europesays.com\/fr\/wp-json\/wp\/v2\/tags?post=327753"}],"curies":[{"name":"wp","href":"https:\/\/api.w.org\/{rel}","templated":true}]}}