{"id":327755,"date":"2025-08-18T19:41:10","date_gmt":"2025-08-18T19:41:10","guid":{"rendered":"https:\/\/www.europesays.com\/fr\/327755\/"},"modified":"2025-08-18T19:41:10","modified_gmt":"2025-08-18T19:41:10","slug":"chaussures-de-securite-et-sur-son-tracteur-jerome-lamour-est-dans-le-pre-releve-une-trend-tendance","status":"publish","type":"post","link":"https:\/\/www.europesays.com\/fr\/327755\/","title":{"rendered":"Chaussures de s\u00e9curit\u00e9 et sur son tracteur, J\u00e9r\u00f4me (L&rsquo;amour est dans le pr\u00e9) rel\u00e8ve une trend tendance"},"content":{"rendered":"<p>Les t\u00e9l\u00e9spectateurs ont fait la connaissance de<br \/>\n<strong>J\u00e9r\u00f4me<\/strong> lors de la quinzi\u00e8me saison de<br \/>\n<strong>L\u2019amour est dans le pr\u00e9<\/strong>. Ce mara\u00eecher et<br \/>\nc\u00e9r\u00e9alier de l\u2019Est de la France cherchait alors une partenaire de<br \/>\nvie et r\u00eavait de construire une famille. Son parcours d\u2019homme<br \/>\nsensible et romantique avait marqu\u00e9 les esprits. Aujourd\u2019hui, ses<br \/>\nsouhaits se sont r\u00e9alis\u00e9s puisqu\u00a0\u00bbil partage sa vie avec<br \/>\n<strong>Lucile<\/strong>, rencontr\u00e9e pendant l\u2019\u00e9mission. Leur<br \/>\nrelation a pris rapidement une belle tournure et, le 12 octobre<br \/>\n2021, le couple a accueilli sa petite fille<br \/>\n<strong>Capucine,<\/strong> symbole de leur bonheur grandissant.<\/p>\n<p>J\u00e9r\u00f4me, un p\u00e8re de famille combl\u00e9<\/p>\n<p>Tr\u00e8s suivis sur les r\u00e9seaux sociaux, <strong>J\u00e9r\u00f4me et<br \/>\nLucile<\/strong> partagent r\u00e9guli\u00e8rement leur quotidien avec leurs<br \/>\nabonn\u00e9s. Apr\u00e8s leur mariage en novembre 2022, c\u00e9l\u00e9br\u00e9 entour\u00e9s de<br \/>\nleurs proches, le couple a accueilli au d\u00e9but de l\u2019\u00e9t\u00e9 2023 un<br \/>\ndeuxi\u00e8me enfant, cette fois un petit gar\u00e7on. Sur Instagram, ils<br \/>\navaient pr\u00e9sent\u00e9 leur b\u00e9b\u00e9 en \u00e9crivant : \u00ab Bienvenue chez toi<br \/>\nAdonis \u00bb.<\/p>\n<p><a href=\"https:\/\/www.melty.fr\/people\/lamour-est-dans-le-pre-jerome-et-lucile-devoilent-le-prenom-de-leur-deuxieme-enfant-1124248.html\" target=\"_blank\" rel=\"noopener\"><br \/>\nLe choix de ce pr\u00e9nom original n\u2019a pas manqu\u00e9 de faire r\u00e9agir la<br \/>\ncommunaut\u00e9<\/a>. Entre curiosit\u00e9 et compliments, les internautes se<br \/>\nsont interrog\u00e9s sur ses origines et sa signification, tout en<br \/>\nsaluant son \u00e9l\u00e9gance. \u00ab Quelle est l\u2019origine et la<br \/>\nsignification de ce beau pr\u00e9nom ? \u00bb, \u00ab G\u00e9nial tr\u00e8s mignon<br \/>\net original comme pr\u00e9nom \u00bb ou encore \u00ab Je suis s\u00fbr que<br \/>\ncela lui ira comme un gant \u00bb pouvait-on lire, preuve que le<br \/>\npr\u00e9nom <strong>Adonis<\/strong> a s\u00e9duit la majorit\u00e9 des fans.<\/p>\n<p>J\u00e9r\u00f4me \u00e0 fond dans une trend populaire<\/p>\n<p>Toujours connect\u00e9s \u00e0 l\u2019actualit\u00e9 des r\u00e9seaux sociaux, J\u00e9r\u00f4me et<br \/>\nLucile n\u2019ont pas r\u00e9sist\u00e9 \u00e0 l\u2019envie de tester la tendance TikTok du<br \/>\nmoment : le fameux \u00ab <strong>Nicki Minaj Challenge<\/strong> \u00bb.<br \/>\nPlut\u00f4t que de copier fid\u00e8lement la pose iconique de la rappeuse<br \/>\ndans le clip High School, J\u00e9r\u00f4me a revisit\u00e9 le concept \u00e0 sa<br \/>\nmani\u00e8re. Install\u00e9 sur son tracteur, chauss\u00e9 de ses bottes de<br \/>\ns\u00e9curit\u00e9, une courge d\u2019un c\u00f4t\u00e9 et une masse de l\u2019autre, l\u2019ancien<br \/>\ncandidat de L\u2019amour est dans le pr\u00e9 a livr\u00e9 une version<br \/>\nagricole totalement d\u00e9cal\u00e9e.<\/p>\n<blockquote class=\"instagram-media\" style=\"background: #ffffff;border: 0;margin: 1px;width: 100%;padding: 0;max-width: 500px;\" data-instgrm-permalink=\"https:\/\/www.instagram.com\/reel\/DNTUD54MFKx\/\" data-instgrm-version=\"14\"\/>\n<p>Sur Instagram, le couple a comment\u00e9 avec humour : \u00ab Nous<br \/>\naussi on s\u2019est mis \u00e0 la trend de Nicki Minaj mais version<br \/>\nagriculteur. Il est pas beau notre J\u00e9r\u00f4me ? Certes un peu moins<br \/>\nsouple je vous l\u2019accorde \u00bb. La publication a d\u00e9clench\u00e9 un<br \/>\nv\u00e9ritable fou rire chez leurs abonn\u00e9s, qui se sont empress\u00e9s de<br \/>\n<strong>r\u00e9agir avec des messages enthousiastes<\/strong>. Entre \u00ab<br \/>\nExcellent \u00bb, \u00ab J\u2019adore \u00bb ou encore \u00ab Le roi<br \/>\ndes champs \u00bb, les internautes ont salu\u00e9 l\u2019inventivit\u00e9 du duo<br \/>\net valid\u00e9 sans r\u00e9serve cette parodie champ\u00eatre.<\/p>\n<p>L&rsquo;amour est dans le pr\u00e9 : Karine Le<br \/>\nMarchand annonce une \u00ab\u00a0super saison\u00a0\u00bb<\/p>\n<p>Les fid\u00e8les de L\u2019Amour est dans le pr\u00e9 s\u2019appr\u00eatent \u00e0<br \/>\nvivre une nouvelle \u00e9dition plac\u00e9e sous le signe de la bonne humeur.<br \/>\nAvant le coup d\u2019envoi pr\u00e9vu lundi prochain, <a href=\"https:\/\/www.melty.fr\/tele\/lamour-est-dans-le-pre-karine-le-marchand-fait-une-annonce-pour-cette-nouvelle-saison-une-premiere-2256274.html\" target=\"_blank\" rel=\"noopener\"><br \/>\nKarine Le Marchand a partag\u00e9 son enthousiasme en promettant une \u00ab<br \/>\nsuper saison \u00bb<\/a>. L\u2019animatrice, <strong>\u00e0 la t\u00eate de l\u2019\u00e9mission<br \/>\ndepuis quinze ans<\/strong>, se r\u00e9jouit d\u2019avoir travaill\u00e9 avec des<br \/>\ncandidats agr\u00e9ables et respectueux. Elle pr\u00e9cise d\u2019ailleurs : \u00ab<br \/>\nParfois avec les cam\u00e9ras, des candidats peuvent devenir<br \/>\np\u00e9nibles, mais cette ann\u00e9e, nous n\u2019avons pas de divas. Ils ont tous<br \/>\n\u00e9t\u00e9 tr\u00e8s \u00e9l\u00e9gants, notamment avec nos \u00e9quipes. Nous avons ador\u00e9 les<br \/>\naccompagner \u00bb.<\/p>\n<p>Cependant, tout n\u2019a pas \u00e9t\u00e9 \u00e0 la hauteur des attentes de la<br \/>\nproduction. Certains profils jug\u00e9s prometteurs apr\u00e8s leur portrait<br \/>\nn\u2019ont pas r\u00e9ussi \u00e0 maintenir l\u2019\u00e9nergie attendue au fil de<br \/>\nl\u2019aventure. Malgr\u00e9 cela, une belle surprise est venue de Denis.<br \/>\nPr\u00e9sent\u00e9 comme discret au d\u00e9part, il a su \u00e9tonner l\u2019\u00e9quipe et<br \/>\nl\u2019animatrice par son humour, sa d\u00e9licatesse et sa bienveillance.<br \/>\n<strong>Karine Le Marchand<\/strong> ne cache pas son admiration : \u00ab<br \/>\nSur le papier, il n\u2019est pas hyper expressif, mais il se r\u00e9v\u00e8le<br \/>\n\u00eatre gentleman, dr\u00f4le et gentil. Il s\u2019\u00e9panouit comme une petite<br \/>\nfleur \u00bb.<\/p>\n<p><script async src=\"\/\/www.instagram.com\/embed.js\"><\/script><\/p>\n","protected":false},"excerpt":{"rendered":"Les t\u00e9l\u00e9spectateurs ont fait la connaissance de J\u00e9r\u00f4me lors de la quinzi\u00e8me saison de L\u2019amour est dans le&hellip;\n","protected":false},"author":2,"featured_media":327756,"comment_status":"","ping_status":"","sticky":false,"template":"","format":"standard","meta":{"footnotes":""},"categories":[1356],"tags":[58,59,1011,27,5413,252,1364],"class_list":{"0":"post-327755","1":"post","2":"type-post","3":"status-publish","4":"format-standard","5":"has-post-thumbnail","7":"category-television","8":"tag-divertissement","9":"tag-entertainment","10":"tag-fr","11":"tag-france","12":"tag-karine-le-marchand","13":"tag-television","14":"tag-tv"},"share_on_mastodon":{"url":"https:\/\/pubeurope.com\/@fr\/115051474698799369","error":""},"_links":{"self":[{"href":"https:\/\/www.europesays.com\/fr\/wp-json\/wp\/v2\/posts\/327755","targetHints":{"allow":["GET"]}}],"collection":[{"href":"https:\/\/www.europesays.com\/fr\/wp-json\/wp\/v2\/posts"}],"about":[{"href":"https:\/\/www.europesays.com\/fr\/wp-json\/wp\/v2\/types\/post"}],"author":[{"embeddable":true,"href":"https:\/\/www.europesays.com\/fr\/wp-json\/wp\/v2\/users\/2"}],"replies":[{"embeddable":true,"href":"https:\/\/www.europesays.com\/fr\/wp-json\/wp\/v2\/comments?post=327755"}],"version-history":[{"count":0,"href":"https:\/\/www.europesays.com\/fr\/wp-json\/wp\/v2\/posts\/327755\/revisions"}],"wp:featuredmedia":[{"embeddable":true,"href":"https:\/\/www.europesays.com\/fr\/wp-json\/wp\/v2\/media\/327756"}],"wp:attachment":[{"href":"https:\/\/www.europesays.com\/fr\/wp-json\/wp\/v2\/media?parent=327755"}],"wp:term":[{"taxonomy":"category","embeddable":true,"href":"https:\/\/www.europesays.com\/fr\/wp-json\/wp\/v2\/categories?post=327755"},{"taxonomy":"post_tag","embeddable":true,"href":"https:\/\/www.europesays.com\/fr\/wp-json\/wp\/v2\/tags?post=327755"}],"curies":[{"name":"wp","href":"https:\/\/api.w.org\/{rel}","templated":true}]}}